{"id":17369,"date":"2024-11-16T08:09:28","date_gmt":"2024-11-16T07:09:28","guid":{"rendered":"http:\/\/altgsgrebenstein.de\/?p=17369"},"modified":"2024-11-16T08:09:28","modified_gmt":"2024-11-16T07:09:28","slug":"schulradeln-2024","status":"publish","type":"post","link":"https:\/\/altgsgrebenstein.de\/?p=17369","title":{"rendered":"Schulradeln 2024"},"content":{"rendered":"<p style=\"font-weight: 400;\">F\u00fcr die einen ist das Fahrrad fahren erholsam, f\u00fcr die anderen ist es eine Zeitersparnis und wieder f\u00fcr andere ist es eine Alternative zur Eind\u00e4mmung des Klimawandels.<\/p>\n<p style=\"font-weight: 400;\">Wie jedes Jahr wird das Schulradeln vom Landkreis Kassel beworben und unterst\u00fctzt. Das Ziel ist es, auf Routennetze aufmerksam zu machen, das Fahrrad als schnelles, klimaneutrales Fortbewegungsmittel in den Fokus zu r\u00fccken und ein gemeinschaftliches Erleben zu gestalten.<\/p>\n<p style=\"font-weight: 400;\">Die Heinrich-Grupe-Schule nimmt seit sechs Jahren an diesem Wettbewerb teil. In den letzten Jahren wurde an der Entwicklung des Sch\u00fclerradroutennetzes teilgenommen, neue Fahrradst\u00e4nder installiert und die Bedeutung des Radfahrens immer wieder thematisiert.<\/p>\n<p><img decoding=\"async\" class=\"wp-image-17370 alignleft\" src=\"http:\/\/altgsgrebenstein.de\/wp-content\/uploads\/2024\/11\/IMG_4422.heic\" alt=\"\" width=\"158\" height=\"211\" \/><\/p>\n<p style=\"font-weight: 400;\">In diesem Jahr erradelte die Heinrich-Grupe-Schule im Zeitraum vom 09. bis 30. September 2024 insgesamt 3.703,00 Kilometer, die durch 62 gemeldete Teilnehmer*innen zur\u00fcckgelegt wurden. Einen gro\u00dfen Anteil daran hatte Annalena Walter, die gemeinsam mit ihrer Familie 426,00 km zur\u00fccklegte. Dies wirkte sich auch auf ihre Klasse, die G6b aus, die als \u201eradelst\u00e4rkste\u201c Klasse insgesamt 1059,90 km fuhren. Wie in den vergangenen Jahren war auch in diesem Jahr Sportlehrer Sascha Lackner trotz kleiner Einschr\u00e4nkungen nicht zu bremsen und fuhr insgesamt 286,00 km.<\/p>\n<p style=\"font-weight: 400;\">Auch im kommenden Jahr wird die HGS wieder mitradeln und daf\u00fcr sorgen, dass das Fahrradfahren als Alternative zum aufkommenden Trend der E-Roller oder dem Nutzen von Autos in Betracht gezogen wird.<\/p>\n","protected":false},"excerpt":{"rendered":"<p>F\u00fcr die einen ist das Fahrrad fahren erholsam, f\u00fcr die anderen ist es eine Zeitersparnis und wieder f\u00fcr andere ist es eine Alternative zur Eind\u00e4mmung des Klimawandels. Wie jedes Jahr wird das Schulradeln vom Landkreis Kassel beworben und unterst\u00fctzt. Das Ziel ist es, auf Routennetze aufmerksam zu machen, das Fahrrad als schnelles, klimaneutrales Fortbewegungsmittel in &hellip; <a href=\"https:\/\/altgsgrebenstein.de\/?p=17369\" class=\"more-link\"><span class=\"screen-reader-text\">Schulradeln 2024<\/span> weiterlesen <span class=\"meta-nav\">&rarr;<\/span><\/a><\/p>\n","protected":false},"author":20,"featured_media":0,"comment_status":"closed","ping_status":"closed","sticky":false,"template":"","format":"standard","meta":{"saved_in_kubio":false,"footnotes":""},"categories":[1],"tags":[],"class_list":["post-17369","post","type-post","status-publish","format-standard","hentry","category-uncategorized"],"_links":{"self":[{"href":"https:\/\/altgsgrebenstein.de\/index.php?rest_route=\/wp\/v2\/posts\/17369","targetHints":{"allow":["GET"]}}],"collection":[{"href":"https:\/\/altgsgrebenstein.de\/index.php?rest_route=\/wp\/v2\/posts"}],"about":[{"href":"https:\/\/altgsgrebenstein.de\/index.php?rest_route=\/wp\/v2\/types\/post"}],"author":[{"embeddable":true,"href":"https:\/\/altgsgrebenstein.de\/index.php?rest_route=\/wp\/v2\/users\/20"}],"replies":[{"embeddable":true,"href":"https:\/\/altgsgrebenstein.de\/index.php?rest_route=%2Fwp%2Fv2%2Fcomments&post=17369"}],"version-history":[{"count":3,"href":"https:\/\/altgsgrebenstein.de\/index.php?rest_route=\/wp\/v2\/posts\/17369\/revisions"}],"predecessor-version":[{"id":17374,"href":"https:\/\/altgsgrebenstein.de\/index.php?rest_route=\/wp\/v2\/posts\/17369\/revisions\/17374"}],"wp:attachment":[{"href":"https:\/\/altgsgrebenstein.de\/index.php?rest_route=%2Fwp%2Fv2%2Fmedia&parent=17369"}],"wp:term":[{"taxonomy":"category","embeddable":true,"href":"https:\/\/altgsgrebenstein.de\/index.php?rest_route=%2Fwp%2Fv2%2Fcategories&post=17369"},{"taxonomy":"post_tag","embeddable":true,"href":"https:\/\/altgsgrebenstein.de\/index.php?rest_route=%2Fwp%2Fv2%2Ftags&post=17369"}],"curies":[{"name":"wp","href":"https:\/\/api.w.org\/{rel}","templated":true}]}}