{"id":17328,"date":"2024-11-01T07:04:07","date_gmt":"2024-11-01T06:04:07","guid":{"rendered":"http:\/\/altgsgrebenstein.de\/?p=17328"},"modified":"2024-11-11T02:04:51","modified_gmt":"2024-11-11T01:04:51","slug":"hgs-grebenstein-schule-wird-zur-klanglandschaft","status":"publish","type":"post","link":"https:\/\/altgsgrebenstein.de\/?p=17328","title":{"rendered":"HGS Grebenstein wird zur Klanglandschaft"},"content":{"rendered":"<p style=\"text-align: justify;\">Ab November treffen sich jeden Mittwoch rund 15 Sch\u00fclerInnen und Sch\u00fcler zum Planen, Sortieren, Ausprobieren und Bauen, denn Gymnasialzweigleiter Dirk Weidmann und AL-Lehrer Jens Lautze haben mit ihren beiden Gruppen \u201eGro\u00dfes\u201c vor.<\/p>\n<p style=\"text-align: justify;\">Dirk Weidmann hat an der HGS das Projekt \u201eKlangw\u00e4nde\u201c ins Leben gerufen. Die Gesamtschule geht mit diesem Projekt ganz eigene und neue Wege, denn innerhalb des Projekts entsteht ein mobiler Klangk\u00f6rper, eine sog. \u201eKlangwand\u201c. \u00a0Das ist neu und im Altkreis Hofgeismar in dieser Form bisher einmalig. Eine erste \u201eKlangwand\u201c wird von den Sch\u00fclerinnen und Sch\u00fclern in einer AG und in einem WPU-Kurs gemeinsam geplant und anschlie\u00dfend gebaut, weitere sollen im kommenden Jahr folgen.<\/p>\n<p style=\"text-align: justify;\"><img decoding=\"async\" class=\"aligncenter size-large wp-image-17329\" src=\"http:\/\/altgsgrebenstein.de\/wp-content\/uploads\/2024\/11\/Klangwand-Werkraum-1024x576.jpg\" alt=\"\" width=\"604\" height=\"340\" srcset=\"https:\/\/altgsgrebenstein.de\/wp-content\/uploads\/2024\/11\/Klangwand-Werkraum-1024x576.jpg 1024w, https:\/\/altgsgrebenstein.de\/wp-content\/uploads\/2024\/11\/Klangwand-Werkraum-300x169.jpg 300w, https:\/\/altgsgrebenstein.de\/wp-content\/uploads\/2024\/11\/Klangwand-Werkraum-768x432.jpg 768w, https:\/\/altgsgrebenstein.de\/wp-content\/uploads\/2024\/11\/Klangwand-Werkraum-1536x864.jpg 1536w, https:\/\/altgsgrebenstein.de\/wp-content\/uploads\/2024\/11\/Klangwand-Werkraum-2048x1152.jpg 2048w\" sizes=\"(max-width: 604px) 100vw, 604px\" \/> Ganz im Sinne des Gesamtschulgedankens kommen die Lernenden dabei aus unterschiedlichen Jahrg\u00e4ngen und aus unterschiedlichen Schulzweigen.<\/p>\n<p style=\"text-align: justify;\">Besonders hervorzuheben ist, dass die \u201eKlangw\u00e4nde\u201c zum Teil aus alten unbrauchbaren Musikinstrumenten oder aus ausrangierten Alltagsgegenst\u00e4nden entstehen. Hiermit kommt der sinnvolle \u201eUpcycling-Gedanke\u201c mit ins Projekt: Aus alt mach&#8216; neu!<\/p>\n<p style=\"text-align: justify;\"><img decoding=\"async\" class=\"aligncenter size-large wp-image-17330\" src=\"http:\/\/altgsgrebenstein.de\/wp-content\/uploads\/2024\/11\/IMG_0547-1024x768.jpg\" alt=\"\" width=\"604\" height=\"453\" srcset=\"https:\/\/altgsgrebenstein.de\/wp-content\/uploads\/2024\/11\/IMG_0547-1024x768.jpg 1024w, https:\/\/altgsgrebenstein.de\/wp-content\/uploads\/2024\/11\/IMG_0547-300x225.jpg 300w, https:\/\/altgsgrebenstein.de\/wp-content\/uploads\/2024\/11\/IMG_0547-768x576.jpg 768w, https:\/\/altgsgrebenstein.de\/wp-content\/uploads\/2024\/11\/IMG_0547-1536x1152.jpg 1536w, https:\/\/altgsgrebenstein.de\/wp-content\/uploads\/2024\/11\/IMG_0547-2048x1536.jpg 2048w\" sizes=\"(max-width: 604px) 100vw, 604px\" \/> Nach einer endg\u00fcltigen Fertigstellung im Laufe des Schuljahres wird die \u00a0\u201eKlangwand\u201c eine Musikwerkstatt und ein Klanglabor in einem und l\u00e4dt dazu ein, k\u00fcnstlerisch-kreativ zu werden und experimentell Musik zu machen.<\/p>\n<p style=\"text-align: justify;\">Das fertige Produkt wird Vielen zur Verf\u00fcgung stehen, was bedeutet, dass die Klangwand im f\u00e4cher\u00fcbergreifenden Unterricht, in den schulinternen \u201eKulturpausen\u201c oder im Rahmen von Schulveranstaltungen sowie in \u00f6ffentlichen Kontexten (z.B. Stadtfesten, St\u00e4dtepartnerschaften usw.) pr\u00e4sentiert und genutzt werden kann.<\/p>\n<p style=\"text-align: justify;\">Die \u201eKlangwand\u201c bietet den Sch\u00fclerinnen und Sch\u00fclern ein Lernen mit \u201eKopf, Herz und Hand\u201c und den Lehrerinnen und Lehrern eine M\u00f6glichkeit, die \u201eKlangwand\u201c in ihrem Unterricht von Musik \u00fcber Deutsch bis Physik einzusetzen. Ein Projekt, das somit einen erstaunlichen Nachklang hat.<\/p>\n<p><img decoding=\"async\" class=\"aligncenter size-large wp-image-17331\" src=\"http:\/\/altgsgrebenstein.de\/wp-content\/uploads\/2024\/11\/IMG_0549-768x1024.jpg\" alt=\"\" width=\"604\" height=\"805\" srcset=\"https:\/\/altgsgrebenstein.de\/wp-content\/uploads\/2024\/11\/IMG_0549-768x1024.jpg 768w, https:\/\/altgsgrebenstein.de\/wp-content\/uploads\/2024\/11\/IMG_0549-225x300.jpg 225w, https:\/\/altgsgrebenstein.de\/wp-content\/uploads\/2024\/11\/IMG_0549-1152x1536.jpg 1152w, https:\/\/altgsgrebenstein.de\/wp-content\/uploads\/2024\/11\/IMG_0549-1536x2048.jpg 1536w, https:\/\/altgsgrebenstein.de\/wp-content\/uploads\/2024\/11\/IMG_0549-scaled.jpg 1920w\" sizes=\"(max-width: 604px) 100vw, 604px\" \/><\/p>\n<p style=\"text-align: justify;\"><strong>Wer noch alte Musikinstrumente auf dem Speicher oder im Keller hat, kann sie nach vorheriger Anmeldung gern noch bis Ende des Jahres bei Dirk Weidmann abgeben\u00a0 (Email: dirk.weidmann@schule.hessen.de)<\/strong><strong>.<\/strong><\/p>\n<p><strong>\u00a0<\/strong><\/p>\n<p>(RHB)<\/p>\n","protected":false},"excerpt":{"rendered":"<p>Ab November treffen sich jeden Mittwoch rund 15 Sch\u00fclerInnen und Sch\u00fcler zum Planen, Sortieren, Ausprobieren und Bauen, denn Gymnasialzweigleiter Dirk Weidmann und AL-Lehrer Jens Lautze haben mit ihren beiden Gruppen \u201eGro\u00dfes\u201c vor. Dirk Weidmann hat an der HGS das Projekt \u201eKlangw\u00e4nde\u201c ins Leben gerufen. Die Gesamtschule geht mit diesem Projekt ganz eigene und neue Wege, &hellip; <a href=\"https:\/\/altgsgrebenstein.de\/?p=17328\" class=\"more-link\"><span class=\"screen-reader-text\">HGS Grebenstein wird zur Klanglandschaft<\/span> weiterlesen <span class=\"meta-nav\">&rarr;<\/span><\/a><\/p>\n","protected":false},"author":28,"featured_media":0,"comment_status":"closed","ping_status":"closed","sticky":false,"template":"","format":"standard","meta":{"saved_in_kubio":false,"footnotes":""},"categories":[1],"tags":[],"class_list":["post-17328","post","type-post","status-publish","format-standard","hentry","category-uncategorized"],"_links":{"self":[{"href":"https:\/\/altgsgrebenstein.de\/index.php?rest_route=\/wp\/v2\/posts\/17328","targetHints":{"allow":["GET"]}}],"collection":[{"href":"https:\/\/altgsgrebenstein.de\/index.php?rest_route=\/wp\/v2\/posts"}],"about":[{"href":"https:\/\/altgsgrebenstein.de\/index.php?rest_route=\/wp\/v2\/types\/post"}],"author":[{"embeddable":true,"href":"https:\/\/altgsgrebenstein.de\/index.php?rest_route=\/wp\/v2\/users\/28"}],"replies":[{"embeddable":true,"href":"https:\/\/altgsgrebenstein.de\/index.php?rest_route=%2Fwp%2Fv2%2Fcomments&post=17328"}],"version-history":[{"count":7,"href":"https:\/\/altgsgrebenstein.de\/index.php?rest_route=\/wp\/v2\/posts\/17328\/revisions"}],"predecessor-version":[{"id":17366,"href":"https:\/\/altgsgrebenstein.de\/index.php?rest_route=\/wp\/v2\/posts\/17328\/revisions\/17366"}],"wp:attachment":[{"href":"https:\/\/altgsgrebenstein.de\/index.php?rest_route=%2Fwp%2Fv2%2Fmedia&parent=17328"}],"wp:term":[{"taxonomy":"category","embeddable":true,"href":"https:\/\/altgsgrebenstein.de\/index.php?rest_route=%2Fwp%2Fv2%2Fcategories&post=17328"},{"taxonomy":"post_tag","embeddable":true,"href":"https:\/\/altgsgrebenstein.de\/index.php?rest_route=%2Fwp%2Fv2%2Ftags&post=17328"}],"curies":[{"name":"wp","href":"https:\/\/api.w.org\/{rel}","templated":true}]}}