{"id":17274,"date":"2024-10-10T19:42:29","date_gmt":"2024-10-10T18:42:29","guid":{"rendered":"http:\/\/altgsgrebenstein.de\/?p=17274"},"modified":"2024-10-13T14:48:47","modified_gmt":"2024-10-13T13:48:47","slug":"zertifizierung-der-hgs-als-schule-ohne-rassismus-schule-mit-courage","status":"publish","type":"post","link":"https:\/\/altgsgrebenstein.de\/?p=17274","title":{"rendered":"Zertifizierung der HGS als \u201eSchule ohne Rassismus \u2013 Schule mit Courage\u201c"},"content":{"rendered":"<div id=\"wpfp_f9a537e0c9cab4c1fb3c6b8c5adc736b\" data-item=\"{&quot;sources&quot;:[{&quot;src&quot;:&quot;http:\\\/\\\/altgsgrebenstein.de\\\/wp-content\\\/uploads\\\/2024\\\/10\\\/VIDEO-2024-10-12-14-55-32-1.mp4&quot;,&quot;type&quot;:&quot;video\\\/mp4&quot;}],&quot;id&quot;:&quot;35&quot;}\" class=\"flowplayer no-brand is-splash is-paused skin-slim no-svg fp-slim fp-edgy\" data-fv-embed=\"https:\/\/altgsgrebenstein.de\/?p=17274&amp;fv_player_embed=fvp-35\" style=\"position:relative; max-width: 448px; max-height: 640px; \" data-ratio=\"1.4286\">\n\t<div class=\"fp-ratio\" style=\"padding-top: 142.86%\"><\/div>\n\t<div class=\"fp-ui\"><noscript>Please enable JavaScript<\/noscript><div class=\"fp-play fp-visible\"><svg class=\"fp-play-sharp-fill\" xmlns=\"http:\/\/www.w3.org\/2000\/svg\" viewBox=\"0 0 100 100\"><defs><style>.fp-color-play{opacity:0.65;}.controlbutton{fill:#fff;}<\/style><\/defs><title>play-sharp-fill<\/title><path class=\"fp-color-play\" d=\"M49.9217-.078a50,50,0,1,0,50,50A50.0564,50.0564,0,0,0,49.9217-.078Z\"\/><polygon class=\"controlbutton\" points=\"73.601 50 37.968 70.573 37.968 29.427 73.601 50\" filter=\"url(#f1)\"\/><\/svg><\/div><div class=\"fp-preload\"><b><\/b><b><\/b><b><\/b><b><\/b><\/div><\/div>\n<div class='fvp-share-bar'><ul class=\"fvp-sharing\">\r\n    <li><a class=\"sharing-facebook\" href=\"https:\/\/www.facebook.com\/sharer\/sharer.php?u=https%3A%2F%2Faltgsgrebenstein.de%2F%3Fp%3D17274\" target=\"_blank\"><\/a><\/li>\r\n    <li><a class=\"sharing-twitter\" href=\"https:\/\/twitter.com\/intent\/tweet?text=Heinrich-Grupe-Schule+Grebenstein+&url=https%3A%2F%2Faltgsgrebenstein.de%2F%3Fp%3D17274\" target=\"_blank\"><\/a><\/li>\r\n    <li><a class=\"sharing-email\" href=\"mailto:?body=Check%20out%20the%20amazing%20video%20here%3A%20https%3A%2F%2Faltgsgrebenstein.de%2F%3Fp%3D17274\" target=\"_blank\"><\/a><\/li><\/ul><div><a class=\"sharing-link\" href=\"https:\/\/altgsgrebenstein.de\/?p=17274\" target=\"_blank\">Link<\/a><\/div><div><label><a class=\"embed-code-toggle\" href=\"#\"><strong>Embed<\/strong><\/a><\/label><\/div><div class=\"embed-code\"><label>Copy and paste this HTML code into your webpage to embed.<\/label><textarea><\/textarea><\/div><\/div>\n<\/div>\n\n<p>In einem feierlichen Rahmen wurde die Heinrich-Grupe-Schule am 10.10.2025 mit dem Siegel \u201eSchule ohne Rassismus \u2013 Schule mit Courage\u201c ausgezeichnet. Die Veranstaltung fand in der Kulturhalle statt und wurde von zahlreichen Sch\u00fclerInnen, Lehrkr\u00e4ften sowie au\u00dferschulischen Vertretern und Unterst\u00fctzern besucht.<\/p>\n<p>Anwesend waren der Grebensteiner B\u00fcrgermeister Danny Sutor, Herr Brust, Referent der Bundeskoordination des Netzwerks \u201eSchule ohne Rassismus \u2013 Schule mit Courage\u201c sowie Leon Stehl, Jugendprofi und Jugendnationalspieler der MT Melsungen und Anna B\u00fcchler, die den Kreissch\u00fclerrat der SV vertrat.<\/p>\n<p>In einem eindrucksvollen Videoclip, der zu Beginn abgespielt wurde, zeigte sich bereits, dass Vielfalt an der HGS gelebt wird. Zahlreiche Sch\u00fcler und Sch\u00fclerinnen sowie Lehrkr\u00e4fte sagten in einem Zusammenschnitt in 16 Heimatsprachen die Worte \u201eNein zu Rassismus!\u201c.<\/p>\n<p><img decoding=\"async\" class=\"size-large wp-image-17278\" src=\"http:\/\/altgsgrebenstein.de\/wp-content\/uploads\/2024\/10\/DSC_9699-1024x678.jpg\" alt=\"\" width=\"604\" height=\"400\" srcset=\"https:\/\/altgsgrebenstein.de\/wp-content\/uploads\/2024\/10\/DSC_9699-1024x678.jpg 1024w, https:\/\/altgsgrebenstein.de\/wp-content\/uploads\/2024\/10\/DSC_9699-300x199.jpg 300w, https:\/\/altgsgrebenstein.de\/wp-content\/uploads\/2024\/10\/DSC_9699-768x509.jpg 768w, https:\/\/altgsgrebenstein.de\/wp-content\/uploads\/2024\/10\/DSC_9699-1536x1017.jpg 1536w, https:\/\/altgsgrebenstein.de\/wp-content\/uploads\/2024\/10\/DSC_9699-2048x1356.jpg 2048w\" sizes=\"(max-width: 604px) 100vw, 604px\" \/><\/p>\n<p>Initiiert wurde die Zertifizierung unter anderem durch die ehemaligen SV-Sch\u00fclerinnen Bente Wollert und Rieke Paukstat sowie der ehemaligen Schulsprecherin Lilly Mackewitz, die bei der feierlichen Verleihung ebenfalls anwesend waren.<\/p>\n<p>Schulleiterin Martina Boye-Griesel betonte in ihrer Ansprache die besondere Bedeutung des Siegels:<\/p>\n<p>\u201eDies ist ein wichtiger Moment in unserer Schulgemeinschaft, denn es ist mehr als nur eine Auszeichnung \u2013 es ist ein Versprechen, das wir gemeinsam eingehen.<br \/>\nDie Themen Rassismus und Diskriminierung besch\u00e4ftigen uns hier und in unserer Gesellschaft nicht erst heute. Es geht darum, wie wir jeden Tag miteinander umgehen, wie wir die Vielfalt in unserer Schule wertsch\u00e4tzen und wie wir gemeinsam eine Atmosph\u00e4re schaffen, in der jede und jeder respektiert und anerkannt wird, unabh\u00e4ngig von Herkunft, Hautfarbe, Religion oder Geschlecht. Unser Eingangsvideo gibt einen passenden Einblick in unsere wunderbare Vielfalt.<br \/>\nDie Werte von Respekt, Toleranz und Zivilcourage, die mit dieser Zertifizierung verbunden sind, sind grundlegend f\u00fcr unser t\u00e4gliches Miteinander und f\u00fcr das, was wir unseren Sch\u00fclerinnen und Sch\u00fclern vermitteln m\u00f6chten.\u201c<\/p>\n<p>Die Kreissch\u00fclerratdeligierte der HGS, Anna B\u00fcchler, verlas das Gru\u00dfwort der Vizelandr\u00e4tin Frau Engler, die leider nicht anwesend sein konnte. Sie gratulierte und lie\u00df verlesen:<\/p>\n<p>\u201eDie Verleihung ist auch ein Versprechen, das Sie und Ihr heute gebt, f\u00fcr diese Werte weiter einzustehen und Haltung zu zeigen. Eine Schule ohne Rassismus zu sein, das gilt f\u00fcr jeden Tag, f\u00fcr jeder Stunde f\u00fcr alle. Gerade in den allt\u00e4glichen Kleinigkeiten, im \u201enormalen\u201c Leben zeigt sich die Grundhaltung von uns Menschen.\u201c<\/p>\n<p><img decoding=\"async\" class=\"size-large wp-image-17276\" src=\"http:\/\/altgsgrebenstein.de\/wp-content\/uploads\/2024\/10\/DSC_9688-1024x678.jpg\" alt=\"\" width=\"604\" height=\"400\" srcset=\"https:\/\/altgsgrebenstein.de\/wp-content\/uploads\/2024\/10\/DSC_9688-1024x678.jpg 1024w, https:\/\/altgsgrebenstein.de\/wp-content\/uploads\/2024\/10\/DSC_9688-300x199.jpg 300w, https:\/\/altgsgrebenstein.de\/wp-content\/uploads\/2024\/10\/DSC_9688-768x509.jpg 768w, https:\/\/altgsgrebenstein.de\/wp-content\/uploads\/2024\/10\/DSC_9688-1536x1017.jpg 1536w, https:\/\/altgsgrebenstein.de\/wp-content\/uploads\/2024\/10\/DSC_9688-2048x1356.jpg 2048w\" sizes=\"(max-width: 604px) 100vw, 604px\" \/><\/p>\n<p>B\u00fcrgermeister Danny Sutor hob das Engagement der MT Melsungen hervor, deren Kooperation mit der HGS verst\u00e4rkt und weitergef\u00fchrt werden soll. Er betonte, dass es wichtig sei, keine Angst zu haben vor dem, was fremd ist. Auch viele schulische Ereignisse w\u00e4ren ohne einen internationalen Austausch und Gastfreundschaft nicht m\u00f6glich. Es sei immer wichtig, neue Facetten an Menschen kennenzulernen und Offenheit zu zeigen.<\/p>\n<p>Die SV-Lehrkr\u00e4fte Herr Lackner und Frau Thiemann-G\u00f6ring lobten in ihrer Rede das besondere Engagement der ehemaligen und aktuellen SV, vertreten durch den Sch\u00fclersprecher Noah Prei\u00df (R10c). Im Rahmen des Schuljubil\u00e4ums \u201e50 Jahre HGS\u201c malte die SV ein gro\u00dfes Symbol gegen Rassismus auf den Schulhof und setzte auch hierdurch ein besonderes Zeichen.<\/p>\n<p><img decoding=\"async\" class=\"size-large wp-image-17279\" src=\"http:\/\/altgsgrebenstein.de\/wp-content\/uploads\/2024\/10\/DSC_9702-1024x678.jpg\" alt=\"\" width=\"604\" height=\"400\" srcset=\"https:\/\/altgsgrebenstein.de\/wp-content\/uploads\/2024\/10\/DSC_9702-1024x678.jpg 1024w, https:\/\/altgsgrebenstein.de\/wp-content\/uploads\/2024\/10\/DSC_9702-300x199.jpg 300w, https:\/\/altgsgrebenstein.de\/wp-content\/uploads\/2024\/10\/DSC_9702-768x509.jpg 768w, https:\/\/altgsgrebenstein.de\/wp-content\/uploads\/2024\/10\/DSC_9702-1536x1017.jpg 1536w, https:\/\/altgsgrebenstein.de\/wp-content\/uploads\/2024\/10\/DSC_9702-2048x1356.jpg 2048w\" sizes=\"(max-width: 604px) 100vw, 604px\" \/><\/p>\n<p><img decoding=\"async\" class=\"size-large wp-image-17277\" src=\"http:\/\/altgsgrebenstein.de\/wp-content\/uploads\/2024\/10\/DSC_9714-1024x678.jpg\" alt=\"\" width=\"604\" height=\"400\" srcset=\"https:\/\/altgsgrebenstein.de\/wp-content\/uploads\/2024\/10\/DSC_9714-1024x678.jpg 1024w, https:\/\/altgsgrebenstein.de\/wp-content\/uploads\/2024\/10\/DSC_9714-300x199.jpg 300w, https:\/\/altgsgrebenstein.de\/wp-content\/uploads\/2024\/10\/DSC_9714-768x509.jpg 768w, https:\/\/altgsgrebenstein.de\/wp-content\/uploads\/2024\/10\/DSC_9714-1536x1017.jpg 1536w, https:\/\/altgsgrebenstein.de\/wp-content\/uploads\/2024\/10\/DSC_9714-2048x1356.jpg 2048w\" sizes=\"(max-width: 604px) 100vw, 604px\" \/><\/p>\n<p><img decoding=\"async\" class=\"size-large wp-image-17282\" src=\"http:\/\/altgsgrebenstein.de\/wp-content\/uploads\/2024\/10\/DSC_9718-1024x678.jpg\" alt=\"\" width=\"604\" height=\"400\" srcset=\"https:\/\/altgsgrebenstein.de\/wp-content\/uploads\/2024\/10\/DSC_9718-1024x678.jpg 1024w, https:\/\/altgsgrebenstein.de\/wp-content\/uploads\/2024\/10\/DSC_9718-300x199.jpg 300w, https:\/\/altgsgrebenstein.de\/wp-content\/uploads\/2024\/10\/DSC_9718-768x509.jpg 768w, https:\/\/altgsgrebenstein.de\/wp-content\/uploads\/2024\/10\/DSC_9718-1536x1017.jpg 1536w, https:\/\/altgsgrebenstein.de\/wp-content\/uploads\/2024\/10\/DSC_9718-2048x1356.jpg 2048w\" sizes=\"(max-width: 604px) 100vw, 604px\" \/><\/p>\n<p>Die Verleihung wurde von einem bunten Rahmenprogramm begleitet. Frederik Weidmann (G7b) spielte \u201eArtic Elegy von Ludovico Einaudi auf dem Klavier, Vladyslava Skoryk (R10c) bot einen Gesangsbeitrag in Form eines ukrainischen Volksliedes und die Tanz AG von Jorge Parra f\u00fcllte mit einem bunten t\u00e4nzerischen Beitrag zu Ross Anthonys \u201eIch bin was ich bin\u201c die B\u00fchne aus.<\/p>\n<p><img decoding=\"async\" class=\"aligncenter wp-image-17280 size-large\" src=\"http:\/\/altgsgrebenstein.de\/wp-content\/uploads\/2024\/10\/IMG_0553-scaled-e1728585549337-1024x626.jpeg\" alt=\"\" width=\"604\" height=\"369\" srcset=\"https:\/\/altgsgrebenstein.de\/wp-content\/uploads\/2024\/10\/IMG_0553-scaled-e1728585549337-1024x626.jpeg 1024w, https:\/\/altgsgrebenstein.de\/wp-content\/uploads\/2024\/10\/IMG_0553-scaled-e1728585549337-300x183.jpeg 300w, https:\/\/altgsgrebenstein.de\/wp-content\/uploads\/2024\/10\/IMG_0553-scaled-e1728585549337-768x470.jpeg 768w, https:\/\/altgsgrebenstein.de\/wp-content\/uploads\/2024\/10\/IMG_0553-scaled-e1728585549337.jpeg 1527w\" sizes=\"(max-width: 604px) 100vw, 604px\" \/><\/p>\n<p><img decoding=\"async\" class=\"size-large wp-image-17284\" src=\"http:\/\/altgsgrebenstein.de\/wp-content\/uploads\/2024\/10\/DSC_9697-1024x678.jpg\" alt=\"\" width=\"604\" height=\"400\" srcset=\"https:\/\/altgsgrebenstein.de\/wp-content\/uploads\/2024\/10\/DSC_9697-1024x678.jpg 1024w, https:\/\/altgsgrebenstein.de\/wp-content\/uploads\/2024\/10\/DSC_9697-300x199.jpg 300w, https:\/\/altgsgrebenstein.de\/wp-content\/uploads\/2024\/10\/DSC_9697-768x509.jpg 768w, https:\/\/altgsgrebenstein.de\/wp-content\/uploads\/2024\/10\/DSC_9697-1536x1017.jpg 1536w, https:\/\/altgsgrebenstein.de\/wp-content\/uploads\/2024\/10\/DSC_9697-2048x1356.jpg 2048w\" sizes=\"(max-width: 604px) 100vw, 604px\" \/><\/p>\n<p><img decoding=\"async\" class=\"size-large wp-image-17281\" src=\"http:\/\/altgsgrebenstein.de\/wp-content\/uploads\/2024\/10\/DSC_9735-1024x678.jpg\" alt=\"\" width=\"604\" height=\"400\" srcset=\"https:\/\/altgsgrebenstein.de\/wp-content\/uploads\/2024\/10\/DSC_9735-1024x678.jpg 1024w, https:\/\/altgsgrebenstein.de\/wp-content\/uploads\/2024\/10\/DSC_9735-300x199.jpg 300w, https:\/\/altgsgrebenstein.de\/wp-content\/uploads\/2024\/10\/DSC_9735-768x509.jpg 768w, https:\/\/altgsgrebenstein.de\/wp-content\/uploads\/2024\/10\/DSC_9735-1536x1017.jpg 1536w, https:\/\/altgsgrebenstein.de\/wp-content\/uploads\/2024\/10\/DSC_9735-2048x1356.jpg 2048w\" sizes=\"(max-width: 604px) 100vw, 604px\" \/><\/p>\n<div id=\"wpfp_6c2f897004e5eb12ee6adada96596409\" data-item=\"{&quot;sources&quot;:[{&quot;src&quot;:&quot;http:\\\/\\\/altgsgrebenstein.de\\\/wp-content\\\/uploads\\\/2024\\\/10\\\/VIDEO-2024-10-12-14-52-48-1.mp4&quot;,&quot;type&quot;:&quot;video\\\/mp4&quot;}],&quot;id&quot;:&quot;36&quot;}\" class=\"flowplayer no-brand is-splash is-paused skin-slim no-svg fp-slim fp-edgy\" data-fv-embed=\"https:\/\/altgsgrebenstein.de\/?p=17274&amp;fv_player_embed=fvp-36\" style=\"position:relative; max-width: 848px; max-height: 480px; \" data-ratio=\"0.566\">\n\t<div class=\"fp-ratio\" style=\"padding-top: 56.6%\"><\/div>\n\t<div class=\"fp-ui\"><noscript>Please enable JavaScript<\/noscript><div class=\"fp-play fp-visible\"><svg class=\"fp-play-sharp-fill\" xmlns=\"http:\/\/www.w3.org\/2000\/svg\" viewBox=\"0 0 100 100\"><defs><style>.fp-color-play{opacity:0.65;}.controlbutton{fill:#fff;}<\/style><\/defs><title>play-sharp-fill<\/title><path class=\"fp-color-play\" d=\"M49.9217-.078a50,50,0,1,0,50,50A50.0564,50.0564,0,0,0,49.9217-.078Z\"\/><polygon class=\"controlbutton\" points=\"73.601 50 37.968 70.573 37.968 29.427 73.601 50\" filter=\"url(#f1)\"\/><\/svg><\/div><div class=\"fp-preload\"><b><\/b><b><\/b><b><\/b><b><\/b><\/div><\/div>\n<div class='fvp-share-bar'><ul class=\"fvp-sharing\">\r\n    <li><a class=\"sharing-facebook\" href=\"https:\/\/www.facebook.com\/sharer\/sharer.php?u=https%3A%2F%2Faltgsgrebenstein.de%2F%3Fp%3D17274\" target=\"_blank\"><\/a><\/li>\r\n    <li><a class=\"sharing-twitter\" href=\"https:\/\/twitter.com\/intent\/tweet?text=Heinrich-Grupe-Schule+Grebenstein+&url=https%3A%2F%2Faltgsgrebenstein.de%2F%3Fp%3D17274\" target=\"_blank\"><\/a><\/li>\r\n    <li><a class=\"sharing-email\" href=\"mailto:?body=Check%20out%20the%20amazing%20video%20here%3A%20https%3A%2F%2Faltgsgrebenstein.de%2F%3Fp%3D17274\" target=\"_blank\"><\/a><\/li><\/ul><div><a class=\"sharing-link\" href=\"https:\/\/altgsgrebenstein.de\/?p=17274\" target=\"_blank\">Link<\/a><\/div><div><label><a class=\"embed-code-toggle\" href=\"#\"><strong>Embed<\/strong><\/a><\/label><\/div><div class=\"embed-code\"><label>Copy and paste this HTML code into your webpage to embed.<\/label><textarea><\/textarea><\/div><\/div>\n<\/div>\n\n","protected":false},"excerpt":{"rendered":"<p>In einem feierlichen Rahmen wurde die Heinrich-Grupe-Schule am 10.10.2025 mit dem Siegel \u201eSchule ohne Rassismus \u2013 Schule mit Courage\u201c ausgezeichnet. Die Veranstaltung fand in der Kulturhalle statt und wurde von zahlreichen Sch\u00fclerInnen, Lehrkr\u00e4ften sowie au\u00dferschulischen Vertretern und Unterst\u00fctzern besucht. Anwesend waren der Grebensteiner B\u00fcrgermeister Danny Sutor, Herr Brust, Referent der Bundeskoordination des Netzwerks \u201eSchule ohne &hellip; <a href=\"https:\/\/altgsgrebenstein.de\/?p=17274\" class=\"more-link\"><span class=\"screen-reader-text\">Zertifizierung der HGS als \u201eSchule ohne Rassismus \u2013 Schule mit Courage\u201c<\/span> weiterlesen <span class=\"meta-nav\">&rarr;<\/span><\/a><\/p>\n","protected":false},"author":28,"featured_media":0,"comment_status":"closed","ping_status":"closed","sticky":false,"template":"","format":"standard","meta":{"saved_in_kubio":false,"footnotes":""},"categories":[1],"tags":[],"class_list":["post-17274","post","type-post","status-publish","format-standard","hentry","category-uncategorized"],"_links":{"self":[{"href":"https:\/\/altgsgrebenstein.de\/index.php?rest_route=\/wp\/v2\/posts\/17274","targetHints":{"allow":["GET"]}}],"collection":[{"href":"https:\/\/altgsgrebenstein.de\/index.php?rest_route=\/wp\/v2\/posts"}],"about":[{"href":"https:\/\/altgsgrebenstein.de\/index.php?rest_route=\/wp\/v2\/types\/post"}],"author":[{"embeddable":true,"href":"https:\/\/altgsgrebenstein.de\/index.php?rest_route=\/wp\/v2\/users\/28"}],"replies":[{"embeddable":true,"href":"https:\/\/altgsgrebenstein.de\/index.php?rest_route=%2Fwp%2Fv2%2Fcomments&post=17274"}],"version-history":[{"count":6,"href":"https:\/\/altgsgrebenstein.de\/index.php?rest_route=\/wp\/v2\/posts\/17274\/revisions"}],"predecessor-version":[{"id":17296,"href":"https:\/\/altgsgrebenstein.de\/index.php?rest_route=\/wp\/v2\/posts\/17274\/revisions\/17296"}],"wp:attachment":[{"href":"https:\/\/altgsgrebenstein.de\/index.php?rest_route=%2Fwp%2Fv2%2Fmedia&parent=17274"}],"wp:term":[{"taxonomy":"category","embeddable":true,"href":"https:\/\/altgsgrebenstein.de\/index.php?rest_route=%2Fwp%2Fv2%2Fcategories&post=17274"},{"taxonomy":"post_tag","embeddable":true,"href":"https:\/\/altgsgrebenstein.de\/index.php?rest_route=%2Fwp%2Fv2%2Ftags&post=17274"}],"curies":[{"name":"wp","href":"https:\/\/api.w.org\/{rel}","templated":true}]}}