{"id":17241,"date":"2024-10-03T11:52:09","date_gmt":"2024-10-03T10:52:09","guid":{"rendered":"http:\/\/altgsgrebenstein.de\/?p=17241"},"modified":"2024-10-03T11:56:37","modified_gmt":"2024-10-03T10:56:37","slug":"ein-schoener-abschluss-fuer-die-neuen-busbegleiterinnen","status":"publish","type":"post","link":"https:\/\/altgsgrebenstein.de\/?p=17241","title":{"rendered":"Ein sch\u00f6ner Abschluss f\u00fcr die neuen Busbegleiter*innen"},"content":{"rendered":"<p>Traditionell bekamen unsere neuen Busbegleiter*innen dankenswerter zum Abschluss ihrer Ausbildung Einblicke in den Betriebshof Wilhelmsh\u00f6he der KVG. Nachdem wir von Herrn Hilfert in Grebenstein pers\u00f6nlich mit einem Bus der KVG in Grebenstein abgeholt wurden, gab es zun\u00e4chst vor Ort eine Einweisung durch Frau Schaumburg, die unsere Sch\u00fcler*innen seit Jahren auf eine sympathische Art und Weise zu Fahrzeugbegleiter*innen ausbildet.<\/p>\n<p><img decoding=\"async\" class=\"alignnone size-medium wp-image-17243\" src=\"http:\/\/altgsgrebenstein.de\/wp-content\/uploads\/2024\/10\/20240926_092845-191x300.jpg\" alt=\"\" width=\"191\" height=\"300\" srcset=\"https:\/\/altgsgrebenstein.de\/wp-content\/uploads\/2024\/10\/20240926_092845-191x300.jpg 191w, https:\/\/altgsgrebenstein.de\/wp-content\/uploads\/2024\/10\/20240926_092845-653x1024.jpg 653w, https:\/\/altgsgrebenstein.de\/wp-content\/uploads\/2024\/10\/20240926_092845-768x1204.jpg 768w, https:\/\/altgsgrebenstein.de\/wp-content\/uploads\/2024\/10\/20240926_092845-980x1536.jpg 980w, https:\/\/altgsgrebenstein.de\/wp-content\/uploads\/2024\/10\/20240926_092845-1307x2048.jpg 1307w, https:\/\/altgsgrebenstein.de\/wp-content\/uploads\/2024\/10\/20240926_092845-scaled.jpg 1633w\" sizes=\"(max-width: 191px) 100vw, 191px\" \/><img decoding=\"async\" class=\"alignnone size-medium wp-image-17242\" src=\"http:\/\/altgsgrebenstein.de\/wp-content\/uploads\/2024\/10\/20240926_092824-135x300.jpg\" alt=\"\" width=\"135\" height=\"300\" srcset=\"https:\/\/altgsgrebenstein.de\/wp-content\/uploads\/2024\/10\/20240926_092824-135x300.jpg 135w, https:\/\/altgsgrebenstein.de\/wp-content\/uploads\/2024\/10\/20240926_092824-461x1024.jpg 461w, https:\/\/altgsgrebenstein.de\/wp-content\/uploads\/2024\/10\/20240926_092824-768x1707.jpg 768w, https:\/\/altgsgrebenstein.de\/wp-content\/uploads\/2024\/10\/20240926_092824-691x1536.jpg 691w, https:\/\/altgsgrebenstein.de\/wp-content\/uploads\/2024\/10\/20240926_092824-922x2048.jpg 922w, https:\/\/altgsgrebenstein.de\/wp-content\/uploads\/2024\/10\/20240926_092824-scaled.jpg 1152w\" sizes=\"(max-width: 135px) 100vw, 135px\" \/><\/p>\n<p>In diesem Jahr konnte durch eine Feuerwehr\u00fcbung im Betriebshof leider die Leistelle nicht besucht werden, aber durch die Ausf\u00fchrungen von Frau Schaumburg und Herrn Hilfert wurde schnell deutlich, dass sich dort das Herzst\u00fcck der KVG befindet. Von hier aus werden alle Abl\u00e4ufe, Fahrten und Komplikationen geregelt.<\/p>\n<p>Sehr interessant war ebenfalls das besichtigen der Werkst\u00e4tten, um Einblicke zu bekommen, welche handwerklichen Arbeiten dort verrichtet werden. Ob Elektroniker, Industriemechaniker oder auch Schreiner. Das Aufgabengebiet ist neben der Leitstelle der Arbeit im B\u00fcro und nat\u00fcrlich im Fahrbetrieb sehr vielf\u00e4ltig. Frau Schaumburg betonte in diesem Zusammenhang, wie wichtig es Ausbildungsbetrieben ist, dass potenzielle Auszubildende keine unentschuldigten Fehltage haben und gute Sozial- und Arbeitsverhaltensnoten eine sehr wichtige Rolle bei der Auswahl ihrer Auszubildenden spielen.<\/p>\n<p><img decoding=\"async\" class=\"alignnone size-medium wp-image-17245\" src=\"http:\/\/altgsgrebenstein.de\/wp-content\/uploads\/2024\/10\/20240926_113043-135x300.jpg\" alt=\"\" width=\"135\" height=\"300\" srcset=\"https:\/\/altgsgrebenstein.de\/wp-content\/uploads\/2024\/10\/20240926_113043-135x300.jpg 135w, https:\/\/altgsgrebenstein.de\/wp-content\/uploads\/2024\/10\/20240926_113043-461x1024.jpg 461w, https:\/\/altgsgrebenstein.de\/wp-content\/uploads\/2024\/10\/20240926_113043-768x1707.jpg 768w, https:\/\/altgsgrebenstein.de\/wp-content\/uploads\/2024\/10\/20240926_113043-691x1536.jpg 691w, https:\/\/altgsgrebenstein.de\/wp-content\/uploads\/2024\/10\/20240926_113043-922x2048.jpg 922w, https:\/\/altgsgrebenstein.de\/wp-content\/uploads\/2024\/10\/20240926_113043-scaled.jpg 1152w\" sizes=\"(max-width: 135px) 100vw, 135px\" \/><\/p>\n<p>Nachdem wir in der Kantine gro\u00dfz\u00fcgig durch die K\u00fcche mit Br\u00f6tchen und Getr\u00e4nken versorgt wurden, bekamen die zuk\u00fcnftigen Fahrzeugbegleiter*innen die Aufgabe, ihre Intention vorzulesen, warum sie Fahrzeugbegleiter werden wollen. Das war ein toller Moment, denn hierbei wurde deutlich, wie ernst alle Beteiligten und wie verantwortungsvoll alle Sch\u00fcler*innen mit ihrer neuen Aufgabe umgehen.<\/p>\n<p><img decoding=\"async\" class=\"alignnone size-medium wp-image-17244\" src=\"http:\/\/altgsgrebenstein.de\/wp-content\/uploads\/2024\/10\/20240926_103158-160x300.jpg\" alt=\"\" width=\"160\" height=\"300\" srcset=\"https:\/\/altgsgrebenstein.de\/wp-content\/uploads\/2024\/10\/20240926_103158-160x300.jpg 160w, https:\/\/altgsgrebenstein.de\/wp-content\/uploads\/2024\/10\/20240926_103158-546x1024.jpg 546w, https:\/\/altgsgrebenstein.de\/wp-content\/uploads\/2024\/10\/20240926_103158-768x1441.jpg 768w, https:\/\/altgsgrebenstein.de\/wp-content\/uploads\/2024\/10\/20240926_103158-819x1536.jpg 819w, https:\/\/altgsgrebenstein.de\/wp-content\/uploads\/2024\/10\/20240926_103158-1092x2048.jpg 1092w, https:\/\/altgsgrebenstein.de\/wp-content\/uploads\/2024\/10\/20240926_103158-scaled.jpg 1365w\" sizes=\"(max-width: 160px) 100vw, 160px\" \/><\/p>\n<p>Ein weiteres Highlight waren sicherlich die Erz\u00e4hlungen und Erfahrungen, die Frau Schaumburg und Herr Hilfert im Laufe ihres Berufslebens bei der KVG machten. Es wurde von gef\u00e4hrlichen Situationen berichtet und lustige Anekdoten erz\u00e4hlt. Von schweren Unf\u00e4llen bis hin zum vergessenen Hamster &amp; Goldfisch in der Bahn. Alles war dabei. Der Aufenthalt der Gruppe in der Bahn und das Sitzen im Fahrerhaus mit anschlie\u00dfender Durchsage rundeten eine wieder einmal gelungene Ausbildung ab.<\/p>\n<p><img decoding=\"async\" class=\"alignnone size-medium wp-image-17246\" src=\"http:\/\/altgsgrebenstein.de\/wp-content\/uploads\/2024\/10\/20240926_120907-300x298.jpg\" alt=\"\" width=\"300\" height=\"298\" srcset=\"https:\/\/altgsgrebenstein.de\/wp-content\/uploads\/2024\/10\/20240926_120907-300x298.jpg 300w, https:\/\/altgsgrebenstein.de\/wp-content\/uploads\/2024\/10\/20240926_120907-1024x1017.jpg 1024w, https:\/\/altgsgrebenstein.de\/wp-content\/uploads\/2024\/10\/20240926_120907-150x150.jpg 150w, https:\/\/altgsgrebenstein.de\/wp-content\/uploads\/2024\/10\/20240926_120907-768x763.jpg 768w, https:\/\/altgsgrebenstein.de\/wp-content\/uploads\/2024\/10\/20240926_120907-1536x1526.jpg 1536w, https:\/\/altgsgrebenstein.de\/wp-content\/uploads\/2024\/10\/20240926_120907.jpg 1836w\" sizes=\"(max-width: 300px) 100vw, 300px\" \/> <img decoding=\"async\" class=\"alignnone size-medium wp-image-17247\" src=\"http:\/\/altgsgrebenstein.de\/wp-content\/uploads\/2024\/10\/20240926_123932-135x300.jpg\" alt=\"\" width=\"135\" height=\"300\" srcset=\"https:\/\/altgsgrebenstein.de\/wp-content\/uploads\/2024\/10\/20240926_123932-135x300.jpg 135w, https:\/\/altgsgrebenstein.de\/wp-content\/uploads\/2024\/10\/20240926_123932-461x1024.jpg 461w, https:\/\/altgsgrebenstein.de\/wp-content\/uploads\/2024\/10\/20240926_123932-768x1707.jpg 768w, https:\/\/altgsgrebenstein.de\/wp-content\/uploads\/2024\/10\/20240926_123932-691x1536.jpg 691w, https:\/\/altgsgrebenstein.de\/wp-content\/uploads\/2024\/10\/20240926_123932-922x2048.jpg 922w, https:\/\/altgsgrebenstein.de\/wp-content\/uploads\/2024\/10\/20240926_123932-scaled.jpg 1152w\" sizes=\"(max-width: 135px) 100vw, 135px\" \/><\/p>\n<p>Vielen Dank nochmals an Frau Schaumburg und Herrn Hilfert! Ein dickes Kompliment und ein gro\u00dfer Dank nat\u00fcrlich auch an unsere Sch\u00fcler*innen. Ihr bringt vieles mit, das unserer Schule und der Gesellschaft guttut!! \ud83d\ude42<\/p>\n<p>Wir freuen uns auf die Zertifikats\u00fcbergabe und eure Ehrung!<\/p>\n","protected":false},"excerpt":{"rendered":"<p>Traditionell bekamen unsere neuen Busbegleiter*innen dankenswerter zum Abschluss ihrer Ausbildung Einblicke in den Betriebshof Wilhelmsh\u00f6he der KVG. Nachdem wir von Herrn Hilfert in Grebenstein pers\u00f6nlich mit einem Bus der KVG in Grebenstein abgeholt wurden, gab es zun\u00e4chst vor Ort eine Einweisung durch Frau Schaumburg, die unsere Sch\u00fcler*innen seit Jahren auf eine sympathische Art und Weise &hellip; <a href=\"https:\/\/altgsgrebenstein.de\/?p=17241\" class=\"more-link\"><span class=\"screen-reader-text\">Ein sch\u00f6ner Abschluss f\u00fcr die neuen Busbegleiter*innen<\/span> weiterlesen <span class=\"meta-nav\">&rarr;<\/span><\/a><\/p>\n","protected":false},"author":25,"featured_media":0,"comment_status":"closed","ping_status":"closed","sticky":false,"template":"","format":"standard","meta":{"saved_in_kubio":false,"footnotes":""},"categories":[1],"tags":[],"class_list":["post-17241","post","type-post","status-publish","format-standard","hentry","category-uncategorized"],"_links":{"self":[{"href":"https:\/\/altgsgrebenstein.de\/index.php?rest_route=\/wp\/v2\/posts\/17241","targetHints":{"allow":["GET"]}}],"collection":[{"href":"https:\/\/altgsgrebenstein.de\/index.php?rest_route=\/wp\/v2\/posts"}],"about":[{"href":"https:\/\/altgsgrebenstein.de\/index.php?rest_route=\/wp\/v2\/types\/post"}],"author":[{"embeddable":true,"href":"https:\/\/altgsgrebenstein.de\/index.php?rest_route=\/wp\/v2\/users\/25"}],"replies":[{"embeddable":true,"href":"https:\/\/altgsgrebenstein.de\/index.php?rest_route=%2Fwp%2Fv2%2Fcomments&post=17241"}],"version-history":[{"count":1,"href":"https:\/\/altgsgrebenstein.de\/index.php?rest_route=\/wp\/v2\/posts\/17241\/revisions"}],"predecessor-version":[{"id":17248,"href":"https:\/\/altgsgrebenstein.de\/index.php?rest_route=\/wp\/v2\/posts\/17241\/revisions\/17248"}],"wp:attachment":[{"href":"https:\/\/altgsgrebenstein.de\/index.php?rest_route=%2Fwp%2Fv2%2Fmedia&parent=17241"}],"wp:term":[{"taxonomy":"category","embeddable":true,"href":"https:\/\/altgsgrebenstein.de\/index.php?rest_route=%2Fwp%2Fv2%2Fcategories&post=17241"},{"taxonomy":"post_tag","embeddable":true,"href":"https:\/\/altgsgrebenstein.de\/index.php?rest_route=%2Fwp%2Fv2%2Ftags&post=17241"}],"curies":[{"name":"wp","href":"https:\/\/api.w.org\/{rel}","templated":true}]}}