{"id":17190,"date":"2024-09-26T07:51:41","date_gmt":"2024-09-26T06:51:41","guid":{"rendered":"http:\/\/altgsgrebenstein.de\/?p=17190"},"modified":"2024-09-26T07:51:41","modified_gmt":"2024-09-26T06:51:41","slug":"zwei-von-drei-maedchenmannschaften-qualifizieren-sich-fuer-den-regionalentscheid","status":"publish","type":"post","link":"https:\/\/altgsgrebenstein.de\/?p=17190","title":{"rendered":"Zwei von drei M\u00e4dchenmannschaften qualifizieren sich f\u00fcr den Regionalentscheid!"},"content":{"rendered":"<p style=\"font-weight: 400;\">Fu\u00dfball und Jugend trainiert f\u00fcr Olympia sind eine Tradition an der HGS \u2013 dies zeigten zum wiederholten Mal die M\u00e4dchenfu\u00dfballer*innen, die sich mit zwei von drei Mannschaften f\u00fcr den Regionalentscheid im kommenden Fr\u00fchjahr qualifizierten.<\/p>\n<p style=\"font-weight: 400;\">Die U13 Fu\u00dfballerinnen mussten f\u00fcr ihre Qualifikation kein Turnier bestreiten, da die R\u00fcckmeldung zum Schulamtsentscheid zu gering ausfiel und sich die Mannschaft somit direkt f\u00fcr den weiterf\u00fchrenden Entscheid qualifizierte. Einerseits ist es schade, dass die erlernten F\u00e4higkeiten in der freitags stattfindenden AG nicht in einem Turnier gezeigt werden konnten, andererseits zeigt es die kontinuierliche Teilnahme der HGS an den Schulturnieren und die Bedeutung, die den Turnieren entgegengebracht wird.<\/p>\n<p style=\"font-weight: 400;\">Unsere U17 Fu\u00dfballerinnen, die nach zwei Absagen die kompletten 80 Minuten Spielzeit durchspielten, erreichten im ersten Spiel gegen die ASV Vellmar eine knappe Niederlage. Dies wird als Erfolg gewertet, da unsere Mannschaft ohne eine einzige in einem Verein aktive Spielerin angetreten ist und dennoch Chancen erspielte.<\/p>\n<p style=\"font-weight: 400;\">Im zweiten Spiel gegen die Walter-L\u00fcbcke-Schule aus Wolfhagen, die im Vorjahr bis zum Landesentscheid nach Frankfurt gereist ist, zeigte sich die schwindende Kraft und die Klasse der Gegnerinnen. Dennoch war es ein tadelloses Auftreten der M\u00e4dchen, sie k\u00f6nnen sehr stolz auf sich und ihre Leistung sein.<\/p>\n<p style=\"font-weight: 400;\"><img decoding=\"async\" class=\"alignnone size-full wp-image-17191\" src=\"http:\/\/altgsgrebenstein.de\/wp-content\/uploads\/2024\/09\/IMG_3194.heic\" alt=\"\" \/><\/p>\n<p style=\"font-weight: 400;\">Die im Vorjahr knapp an der Qualifikation f\u00fcr den Landesentscheid gescheiterten U15 Fu\u00dfballerinnen um Kim Krohne, Svea Hellwig, Liviana Paroglu und Leni Berndt, die zusammen mit \u00a0Levke Eisenhuth den Stamm der sehr erfolgreichen M\u00e4dchenfu\u00dfballerinnen aus Calden bilden, wurden ihrer Favoritenrolle gerecht und qualifizierten sich als siegreiche Mannschaft des Schulamtsentscheid f\u00fcr den Regionalentscheid. Das angestrebte Ziel der begleitenden Lehrkr\u00e4fte Cinzia Ferrara und Robin G\u00f6ring ist die Qualifikation f\u00fcr den Landesentscheid!<\/p>\n<p><img decoding=\"async\" class=\"alignnone size-full wp-image-17192\" src=\"http:\/\/altgsgrebenstein.de\/wp-content\/uploads\/2024\/09\/IMG_3195.heic\" alt=\"\" \/><\/p>\n<p>Neben der mannschaftlich geschlossenen Leistung wurde Svea Hellwig als beste Torj\u00e4gerin des Turniers mit insgesamt sechs Toren geehrt &#8211; herzlichen Gl\u00fcckwunsch!<\/p>\n<p style=\"font-weight: 400;\"><img decoding=\"async\" class=\"aligncenter wp-image-17197 size-full\" src=\"http:\/\/altgsgrebenstein.de\/wp-content\/uploads\/2024\/09\/IMG_3210.heic\" alt=\"\" \/><\/p>\n<p style=\"font-weight: 400;\">Wir danken allen Spielerinnen f\u00fcr die vorbildliche, stets faire Teilnahme und gratulieren zu den gro\u00dfartigen sportlichen Erfolgen \u2013 auf ein Neues im kommenden Fr\u00fchjahr beim Regionalentscheid!<\/p>\n<p><img decoding=\"async\" class=\"alignnone wp-image-17193 size-full\" src=\"http:\/\/altgsgrebenstein.de\/wp-content\/uploads\/2024\/09\/IMG_3200.heic\" alt=\"\" width=\"5712\" height=\"4284\" \/>Eingesetze Spielerinnen:<\/p>\n<p>U17: Achin Mohammad, Luna Reichl, Leonie Kolodziej, Gianna Ortuso, Julika Friedrich, Malina Kanngie\u00dfer, Kerstin Siebert<\/p>\n<p style=\"font-weight: 400;\">U15: Leni Berndt, Antonia Ortuso, Svea Hellwig, Liviana Paroglu, Kim Marie Krohne, Luzie Mischer, Mayla Ackerbauer, Anna Lena Walter und Yasmin Ahmadi<\/p>\n<p style=\"font-weight: 400;\">\n<p style=\"font-weight: 400;\">\n","protected":false},"excerpt":{"rendered":"<p>Fu\u00dfball und Jugend trainiert f\u00fcr Olympia sind eine Tradition an der HGS \u2013 dies zeigten zum wiederholten Mal die M\u00e4dchenfu\u00dfballer*innen, die sich mit zwei von drei Mannschaften f\u00fcr den Regionalentscheid im kommenden Fr\u00fchjahr qualifizierten. Die U13 Fu\u00dfballerinnen mussten f\u00fcr ihre Qualifikation kein Turnier bestreiten, da die R\u00fcckmeldung zum Schulamtsentscheid zu gering ausfiel und sich die &hellip; <a href=\"https:\/\/altgsgrebenstein.de\/?p=17190\" class=\"more-link\"><span class=\"screen-reader-text\">Zwei von drei M\u00e4dchenmannschaften qualifizieren sich f\u00fcr den Regionalentscheid!<\/span> weiterlesen <span class=\"meta-nav\">&rarr;<\/span><\/a><\/p>\n","protected":false},"author":20,"featured_media":0,"comment_status":"closed","ping_status":"closed","sticky":false,"template":"","format":"standard","meta":{"saved_in_kubio":false,"footnotes":""},"categories":[1],"tags":[],"class_list":["post-17190","post","type-post","status-publish","format-standard","hentry","category-uncategorized"],"_links":{"self":[{"href":"https:\/\/altgsgrebenstein.de\/index.php?rest_route=\/wp\/v2\/posts\/17190","targetHints":{"allow":["GET"]}}],"collection":[{"href":"https:\/\/altgsgrebenstein.de\/index.php?rest_route=\/wp\/v2\/posts"}],"about":[{"href":"https:\/\/altgsgrebenstein.de\/index.php?rest_route=\/wp\/v2\/types\/post"}],"author":[{"embeddable":true,"href":"https:\/\/altgsgrebenstein.de\/index.php?rest_route=\/wp\/v2\/users\/20"}],"replies":[{"embeddable":true,"href":"https:\/\/altgsgrebenstein.de\/index.php?rest_route=%2Fwp%2Fv2%2Fcomments&post=17190"}],"version-history":[{"count":2,"href":"https:\/\/altgsgrebenstein.de\/index.php?rest_route=\/wp\/v2\/posts\/17190\/revisions"}],"predecessor-version":[{"id":17199,"href":"https:\/\/altgsgrebenstein.de\/index.php?rest_route=\/wp\/v2\/posts\/17190\/revisions\/17199"}],"wp:attachment":[{"href":"https:\/\/altgsgrebenstein.de\/index.php?rest_route=%2Fwp%2Fv2%2Fmedia&parent=17190"}],"wp:term":[{"taxonomy":"category","embeddable":true,"href":"https:\/\/altgsgrebenstein.de\/index.php?rest_route=%2Fwp%2Fv2%2Fcategories&post=17190"},{"taxonomy":"post_tag","embeddable":true,"href":"https:\/\/altgsgrebenstein.de\/index.php?rest_route=%2Fwp%2Fv2%2Ftags&post=17190"}],"curies":[{"name":"wp","href":"https:\/\/api.w.org\/{rel}","templated":true}]}}