{"id":17186,"date":"2024-09-26T07:37:54","date_gmt":"2024-09-26T06:37:54","guid":{"rendered":"http:\/\/altgsgrebenstein.de\/?p=17186"},"modified":"2024-09-26T07:56:48","modified_gmt":"2024-09-26T06:56:48","slug":"minimarathon-die-hgs-meldete-so-viele-teilnehmerinnen-wie-noch-nie-zuvor","status":"publish","type":"post","link":"https:\/\/altgsgrebenstein.de\/?p=17186","title":{"rendered":"Minimarathon \u2013 die HGS meldete so viele Teilnehmer*innen wie noch nie zuvor!"},"content":{"rendered":"<p style=\"font-weight: 400;\">Mittlerweile geh\u00f6rt es zur Tradition der HGS, dass die Minimarathon-Strecke durch die Aue in Kassel mit den gelben Schulshirts gespickt ist. In diesem Jahr waren es 61 L\u00e4ufer*innen, die vor dem Eingang der Eissporthalle warteten und gemeinsam f\u00fcr die HGS starteten.<\/p>\n<p><img decoding=\"async\" class=\"aligncenter wp-image-17200 size-full\" src=\"http:\/\/altgsgrebenstein.de\/wp-content\/uploads\/2024\/09\/PHOTO-2024-09-14-15-28-49.jpg\" alt=\"\" width=\"2048\" height=\"1536\" srcset=\"https:\/\/altgsgrebenstein.de\/wp-content\/uploads\/2024\/09\/PHOTO-2024-09-14-15-28-49.jpg 2048w, https:\/\/altgsgrebenstein.de\/wp-content\/uploads\/2024\/09\/PHOTO-2024-09-14-15-28-49-300x225.jpg 300w, https:\/\/altgsgrebenstein.de\/wp-content\/uploads\/2024\/09\/PHOTO-2024-09-14-15-28-49-1024x768.jpg 1024w, https:\/\/altgsgrebenstein.de\/wp-content\/uploads\/2024\/09\/PHOTO-2024-09-14-15-28-49-768x576.jpg 768w, https:\/\/altgsgrebenstein.de\/wp-content\/uploads\/2024\/09\/PHOTO-2024-09-14-15-28-49-1536x1152.jpg 1536w\" sizes=\"(max-width: 2048px) 100vw, 2048px\" \/><\/p>\n<p style=\"font-weight: 400;\">Neben der Vorjahressiegerin Kim Krohne, die am Vormittag noch ein Spiel f\u00fcr ihren Fu\u00dfballverein absolvierte, meldete die HGS weitere vielversprechende L\u00e4ufer*innen der LG Reinhardswald und den umliegenden Sportvereinen an, sodass sich neben dem Olympischen Gedanken des Mitmachens auch hinsichtlich der Platzierung unter den Schulen Hoffnungen auf einen vorderen Platz gemacht wurde.<\/p>\n<p style=\"font-weight: 400;\">Die angetretenen L\u00e4ufer*innen entt\u00e4uschten keinesfalls: das Team aus den Jahrg\u00e4ngen 2011 und 2012, welches aus den schnellsten zehn L\u00e4ufer*innen der genannten Jahrg\u00e4nge besteht, erreichte den 3. Platz von 47 Schulen. Von insgesamt 127 Schulen erreichte die HGS zudem in den Jahrg\u00e4ngen 2013 bis 2015 den achten Platz.<\/p>\n<p><img decoding=\"async\" class=\"alignnone wp-image-17201 size-full\" src=\"http:\/\/altgsgrebenstein.de\/wp-content\/uploads\/2024\/09\/PHOTO-2024-09-14-18-34-01.jpg\" alt=\"\" width=\"1600\" height=\"1200\" srcset=\"https:\/\/altgsgrebenstein.de\/wp-content\/uploads\/2024\/09\/PHOTO-2024-09-14-18-34-01.jpg 1600w, https:\/\/altgsgrebenstein.de\/wp-content\/uploads\/2024\/09\/PHOTO-2024-09-14-18-34-01-300x225.jpg 300w, https:\/\/altgsgrebenstein.de\/wp-content\/uploads\/2024\/09\/PHOTO-2024-09-14-18-34-01-1024x768.jpg 1024w, https:\/\/altgsgrebenstein.de\/wp-content\/uploads\/2024\/09\/PHOTO-2024-09-14-18-34-01-768x576.jpg 768w, https:\/\/altgsgrebenstein.de\/wp-content\/uploads\/2024\/09\/PHOTO-2024-09-14-18-34-01-1536x1152.jpg 1536w\" sizes=\"(max-width: 1600px) 100vw, 1600px\" \/> <img decoding=\"async\" class=\"alignnone wp-image-17202 size-full\" src=\"http:\/\/altgsgrebenstein.de\/wp-content\/uploads\/2024\/09\/PHOTO-2024-09-14-18-34-03.jpg\" alt=\"\" width=\"1200\" height=\"1600\" srcset=\"https:\/\/altgsgrebenstein.de\/wp-content\/uploads\/2024\/09\/PHOTO-2024-09-14-18-34-03.jpg 1200w, https:\/\/altgsgrebenstein.de\/wp-content\/uploads\/2024\/09\/PHOTO-2024-09-14-18-34-03-225x300.jpg 225w, https:\/\/altgsgrebenstein.de\/wp-content\/uploads\/2024\/09\/PHOTO-2024-09-14-18-34-03-768x1024.jpg 768w, https:\/\/altgsgrebenstein.de\/wp-content\/uploads\/2024\/09\/PHOTO-2024-09-14-18-34-03-1152x1536.jpg 1152w\" sizes=\"(max-width: 1200px) 100vw, 1200px\" \/><\/p>\n<p style=\"font-weight: 400;\">Die schnellsten Zeiten der HGS liefen Jannes Thiemann (18:21), Luca Wittich (18:27) und Kim Krohne (18:34). Die weiteren Pl\u00e4tze erreichten Jan Raschka, Jannes M\u00fcller, Louis Schmidke, Mayla Ackerbauer, Sjard Kampe, Saygin Yener und Ben Schuchardt.<\/p>\n<p style=\"font-weight: 400;\"><img decoding=\"async\" class=\"aligncenter wp-image-17188 size-full\" src=\"http:\/\/altgsgrebenstein.de\/wp-content\/uploads\/2024\/09\/IMG_6428-scaled.jpeg\" alt=\"\" width=\"2560\" height=\"1920\" srcset=\"https:\/\/altgsgrebenstein.de\/wp-content\/uploads\/2024\/09\/IMG_6428-scaled.jpeg 2560w, https:\/\/altgsgrebenstein.de\/wp-content\/uploads\/2024\/09\/IMG_6428-300x225.jpeg 300w, https:\/\/altgsgrebenstein.de\/wp-content\/uploads\/2024\/09\/IMG_6428-1024x768.jpeg 1024w, https:\/\/altgsgrebenstein.de\/wp-content\/uploads\/2024\/09\/IMG_6428-768x576.jpeg 768w, https:\/\/altgsgrebenstein.de\/wp-content\/uploads\/2024\/09\/IMG_6428-1536x1152.jpeg 1536w, https:\/\/altgsgrebenstein.de\/wp-content\/uploads\/2024\/09\/IMG_6428-2048x1536.jpeg 2048w\" sizes=\"(max-width: 2560px) 100vw, 2560px\" \/><\/p>\n<p style=\"font-weight: 400;\">Neben den individuellen Leistungen ist die HGS und insbesondere der Sportfachbereich, der durch Eva Thiemann-G\u00f6ring und Julia Wiedmann (Organisation) sowie Cinzia Ferrara, Frauke Lackner und Robin G\u00f6ring vertreten wurde, sehr stolz auf die gro\u00dfe Anzahl an Teilnehmenden \u2013 dies ist keine Selbstverst\u00e4ndlichkeit und beweist, dass der Sport immer wieder einen vereinenden Charakter beweist!<\/p>\n<p style=\"font-weight: 400;\">Nicht zuletzt ist der 62. L\u00e4ufer der HGS, Paul Klein (G5b), zu erw\u00e4hnen, der die schnellste Zeit aller Sch\u00fcler*innen der HGS lief und in sensationellen 17:46 Minuten den Minimarathon bew\u00e4ltigte! Allerdings startete er f\u00fcr seinen Heimatverein, sodass er nicht in die Wertung der HGS gez\u00e4hlt werden konnte.<\/p>\n<p><img decoding=\"async\" class=\"aligncenter wp-image-17187 size-full\" src=\"http:\/\/altgsgrebenstein.de\/wp-content\/uploads\/2024\/09\/IMG_3178.heic\" alt=\"\" width=\"4284\" height=\"5712\" \/><\/p>\n<p style=\"font-weight: 400;\">Paul m\u00f6chte im kommenden Jahr f\u00fcr unsere Schule laufen und sich gerne der gro\u00dfen Menge an Teilnehmenden anschlie\u00dfen \u2013 sein Verein kann sehr stolz auf ihn und seine Leistung sein!<\/p>\n","protected":false},"excerpt":{"rendered":"<p>Mittlerweile geh\u00f6rt es zur Tradition der HGS, dass die Minimarathon-Strecke durch die Aue in Kassel mit den gelben Schulshirts gespickt ist. In diesem Jahr waren es 61 L\u00e4ufer*innen, die vor dem Eingang der Eissporthalle warteten und gemeinsam f\u00fcr die HGS starteten. Neben der Vorjahressiegerin Kim Krohne, die am Vormittag noch ein Spiel f\u00fcr ihren Fu\u00dfballverein &hellip; <a href=\"https:\/\/altgsgrebenstein.de\/?p=17186\" class=\"more-link\"><span class=\"screen-reader-text\">Minimarathon \u2013 die HGS meldete so viele Teilnehmer*innen wie noch nie zuvor!<\/span> weiterlesen <span class=\"meta-nav\">&rarr;<\/span><\/a><\/p>\n","protected":false},"author":20,"featured_media":0,"comment_status":"closed","ping_status":"closed","sticky":false,"template":"","format":"standard","meta":{"saved_in_kubio":false,"footnotes":""},"categories":[1],"tags":[],"class_list":["post-17186","post","type-post","status-publish","format-standard","hentry","category-uncategorized"],"_links":{"self":[{"href":"https:\/\/altgsgrebenstein.de\/index.php?rest_route=\/wp\/v2\/posts\/17186","targetHints":{"allow":["GET"]}}],"collection":[{"href":"https:\/\/altgsgrebenstein.de\/index.php?rest_route=\/wp\/v2\/posts"}],"about":[{"href":"https:\/\/altgsgrebenstein.de\/index.php?rest_route=\/wp\/v2\/types\/post"}],"author":[{"embeddable":true,"href":"https:\/\/altgsgrebenstein.de\/index.php?rest_route=\/wp\/v2\/users\/20"}],"replies":[{"embeddable":true,"href":"https:\/\/altgsgrebenstein.de\/index.php?rest_route=%2Fwp%2Fv2%2Fcomments&post=17186"}],"version-history":[{"count":2,"href":"https:\/\/altgsgrebenstein.de\/index.php?rest_route=\/wp\/v2\/posts\/17186\/revisions"}],"predecessor-version":[{"id":17203,"href":"https:\/\/altgsgrebenstein.de\/index.php?rest_route=\/wp\/v2\/posts\/17186\/revisions\/17203"}],"wp:attachment":[{"href":"https:\/\/altgsgrebenstein.de\/index.php?rest_route=%2Fwp%2Fv2%2Fmedia&parent=17186"}],"wp:term":[{"taxonomy":"category","embeddable":true,"href":"https:\/\/altgsgrebenstein.de\/index.php?rest_route=%2Fwp%2Fv2%2Fcategories&post=17186"},{"taxonomy":"post_tag","embeddable":true,"href":"https:\/\/altgsgrebenstein.de\/index.php?rest_route=%2Fwp%2Fv2%2Ftags&post=17186"}],"curies":[{"name":"wp","href":"https:\/\/api.w.org\/{rel}","templated":true}]}}