{"id":17151,"date":"2024-09-18T09:35:30","date_gmt":"2024-09-18T08:35:30","guid":{"rendered":"http:\/\/altgsgrebenstein.de\/?p=17151"},"modified":"2024-09-18T09:35:30","modified_gmt":"2024-09-18T08:35:30","slug":"verlegung-von-18-neuen-stolpersteinen-in-meimbressen","status":"publish","type":"post","link":"https:\/\/altgsgrebenstein.de\/?p=17151","title":{"rendered":"Verlegung von 18 neuen Stolpersteinen in Meimbressen"},"content":{"rendered":"<p>Am 17. September 2024 fand in Meimbressen eine feierliche und ergreifende Zeremonie zur Enth\u00fcllung von 18 neuen Stolpersteinen statt. Die Verlegung dieser Steine, die an die w\u00e4hrend der NS-Zeit vertriebenen und ermordeten j\u00fcdischen Mitb\u00fcrger erinnern, wurde vom Verein Judaica Meimbressen initiiert.<br \/>\nEs wurde zun\u00e4chst f\u00fcr einen Moment ganz still in Meimbressen, nachdem die Begr\u00fc\u00dfung durch Herrn Dr. Dohrs und den Vorsitzenden des Judaica Vereins Heinrich Neutze erfolgt ist. Die Klassen G10a und G10b der HGS hatten die ehrenvolle und wichtige Aufgabe, \u00fcber die Personen zu berichten, in deren Gedenken die neuen Stolpersteine verlegt wurden.<br \/>\n\u00dcber 18 verschiedene Schicksale von j\u00fcdischen Frauen, M\u00e4nnern und auch Kindern aus<br \/>\nMeimbressen w\u00e4hrend der NS Zeit berichteten die Sch\u00fclerinnen und Sch\u00fcler einf\u00fchlsam und empathisch. Die Stimmung war ergreifend, als sich die Sch\u00fclerinnen und Sch\u00fcler sowie alle weiteren Teilnehmenden in stillem Innehalten vor den Stolpersteinen versammelten. Musikalisch untermalt wurde die Zeremonie von einer S\u00e4ngerin, welche pers\u00f6nlich abgestimmte Musikst\u00fccke auf die Verlesung der Texte zu den j\u00fcdischen Familien, f\u00fcr die die Stolpersteine verlegt wurden, folgen lie\u00df. Dies schuf einen Moment des stillen Gedenkens, in dem die Anwesenden innehalten und den Opfern mit Respekt Am 17. September 2024 fand in Meimbressen eine feierliche und ergreifende Zeremonie zur<br \/>\nEnth\u00fcllung von 18 neuen Stolpersteinen statt. Die Verlegung dieser Steine, die an die w\u00e4hrend der NS-Zeit vertriebenen und ermordeten j\u00fcdischen Mitb\u00fcrger erinnern, wurde vom Verein Judaica Meimbressen initiiert.<\/p>\n<p><img decoding=\"async\" class=\"alignnone wp-image-17152\" src=\"http:\/\/altgsgrebenstein.de\/wp-content\/uploads\/2024\/09\/Bildschirmfoto_18-9-2024_102914_e217-sl01.jpeg\" alt=\"\" width=\"369\" height=\"376\" \/><br \/>\nEs wurde zun\u00e4chst f\u00fcr einen Moment ganz still in Meimbressen, nachdem die Begr\u00fc\u00dfung durch Herrn Dr. Dohrs und den Vorsitzenden des Judaica Vereins Heinrich Neutze erfolgt ist. Die Klassen G10a und G10b der HGS hatten die ehrenvolle und wichtige Aufgabe, \u00fcber die Personen zu berichten, in deren Gedenken die neuen Stolpersteine verlegt wurden.<br \/>\n\u00dcber 18 verschiedene Schicksale von j\u00fcdischen Frauen, M\u00e4nnern und auch Kindern aus<br \/>\nMeimbressen w\u00e4hrend der NS Zeit berichteten die Sch\u00fclerinnen und Sch\u00fcler einf\u00fchlsam und empathisch. Die Stimmung war ergreifend, als sich die Sch\u00fclerinnen und Sch\u00fcler sowie alle weiteren Teilnehmenden in stillem Innehalten vor den Stolpersteinen versammelten. Musikalisch untermalt wurde die Zeremonie von einer S\u00e4ngerin, welche pers\u00f6nlich abgestimmte Musikst\u00fccke auf die Verlesung der Texte zu den j\u00fcdischen Familien, f\u00fcr die die Stolpersteine verlegt wurden, folgen lie\u00df. Dies schuf einen Moment des stillen Gedenkens, in dem die Anwesenden innehalten und den Opfern mit Respekt und Mitgef\u00fchl gedenken konnten.<\/p>\n<p><img decoding=\"async\" class=\"alignnone wp-image-17153 size-full\" src=\"http:\/\/altgsgrebenstein.de\/wp-content\/uploads\/2024\/09\/Bildschirmfoto_18-9-2024_102834_e217-sl01.jpeg\" alt=\"\" width=\"369\" height=\"381\" srcset=\"https:\/\/altgsgrebenstein.de\/wp-content\/uploads\/2024\/09\/Bildschirmfoto_18-9-2024_102834_e217-sl01.jpeg 369w, https:\/\/altgsgrebenstein.de\/wp-content\/uploads\/2024\/09\/Bildschirmfoto_18-9-2024_102834_e217-sl01-291x300.jpeg 291w\" sizes=\"(max-width: 369px) 100vw, 369px\" \/><\/p>\n<p>Auch ein ortsans\u00e4ssiger Nachfahre eines der Opfer kam zu Wort und f\u00fchrte aus, dass \u201eUnrecht, Unrecht bleibt\u201c und dass man sich f\u00fcr immer an diese schreckliche Zeit erinnern m\u00fcsse, damit ein solches Verbrechen nie wieder geschehe. Insbesondere im Hinblick auf aktuelle politische Entwicklungen d\u00fcrfe man niemals vergessen, welch f\u00fcrchterliches Leid der j\u00fcdischen Bev\u00f6lkerung w\u00e4hrend der NS-Zeit angetan worden sei. Die Stolpersteine, die vor den ehemaligen Wohnh\u00e4usern verlegt wurden, erinnern an diese Schicksale und mahnen uns alle, sich ihrer Vergangenheit bewusst zu sein.<\/p>\n<p><img decoding=\"async\" class=\"size-full wp-image-17154 alignnone\" src=\"http:\/\/altgsgrebenstein.de\/wp-content\/uploads\/2024\/09\/Bildschirmfoto_18-9-2024_102849_e217-sl01.jpeg\" alt=\"\" width=\"594\" height=\"285\" srcset=\"https:\/\/altgsgrebenstein.de\/wp-content\/uploads\/2024\/09\/Bildschirmfoto_18-9-2024_102849_e217-sl01.jpeg 594w, https:\/\/altgsgrebenstein.de\/wp-content\/uploads\/2024\/09\/Bildschirmfoto_18-9-2024_102849_e217-sl01-300x144.jpeg 300w\" sizes=\"(max-width: 594px) 100vw, 594px\" \/><\/p>\n<p>Am Ende der Veranstaltung bedankten sich die Veranstalter bei den Sch\u00fclerinnen und Sch\u00fclern und betonte, wie wichtig es sei, dass junge Menschen Verantwortung f\u00fcr die Erinnerungskultur \u00fcbernehmen. In seiner Ansprache sagte er, dass es von unsch\u00e4tzbarem Wert sei, wenn k\u00fcnftige Generationen sich engagierten, um das Bewusstsein f\u00fcr die Vergangenheit zu erhalten und ein solches Unrecht niemals in Vergessenheit gerate.<br \/>\nDie Verlegung der Stolpersteine in Meimbressen war ein eindrucksvolles und tief ber\u00fchrendes Ereignis, das zeigte, wie kraftvoll Erinnerung und Gedenken sein k\u00f6nnen.<\/p>\n","protected":false},"excerpt":{"rendered":"<p>Am 17. September 2024 fand in Meimbressen eine feierliche und ergreifende Zeremonie zur Enth\u00fcllung von 18 neuen Stolpersteinen statt. Die Verlegung dieser Steine, die an die w\u00e4hrend der NS-Zeit vertriebenen und ermordeten j\u00fcdischen Mitb\u00fcrger erinnern, wurde vom Verein Judaica Meimbressen initiiert. Es wurde zun\u00e4chst f\u00fcr einen Moment ganz still in Meimbressen, nachdem die Begr\u00fc\u00dfung durch &hellip; <a href=\"https:\/\/altgsgrebenstein.de\/?p=17151\" class=\"more-link\"><span class=\"screen-reader-text\">Verlegung von 18 neuen Stolpersteinen in Meimbressen<\/span> weiterlesen <span class=\"meta-nav\">&rarr;<\/span><\/a><\/p>\n","protected":false},"author":28,"featured_media":0,"comment_status":"closed","ping_status":"closed","sticky":false,"template":"","format":"standard","meta":{"saved_in_kubio":false,"footnotes":""},"categories":[1],"tags":[],"class_list":["post-17151","post","type-post","status-publish","format-standard","hentry","category-uncategorized"],"_links":{"self":[{"href":"https:\/\/altgsgrebenstein.de\/index.php?rest_route=\/wp\/v2\/posts\/17151","targetHints":{"allow":["GET"]}}],"collection":[{"href":"https:\/\/altgsgrebenstein.de\/index.php?rest_route=\/wp\/v2\/posts"}],"about":[{"href":"https:\/\/altgsgrebenstein.de\/index.php?rest_route=\/wp\/v2\/types\/post"}],"author":[{"embeddable":true,"href":"https:\/\/altgsgrebenstein.de\/index.php?rest_route=\/wp\/v2\/users\/28"}],"replies":[{"embeddable":true,"href":"https:\/\/altgsgrebenstein.de\/index.php?rest_route=%2Fwp%2Fv2%2Fcomments&post=17151"}],"version-history":[{"count":1,"href":"https:\/\/altgsgrebenstein.de\/index.php?rest_route=\/wp\/v2\/posts\/17151\/revisions"}],"predecessor-version":[{"id":17155,"href":"https:\/\/altgsgrebenstein.de\/index.php?rest_route=\/wp\/v2\/posts\/17151\/revisions\/17155"}],"wp:attachment":[{"href":"https:\/\/altgsgrebenstein.de\/index.php?rest_route=%2Fwp%2Fv2%2Fmedia&parent=17151"}],"wp:term":[{"taxonomy":"category","embeddable":true,"href":"https:\/\/altgsgrebenstein.de\/index.php?rest_route=%2Fwp%2Fv2%2Fcategories&post=17151"},{"taxonomy":"post_tag","embeddable":true,"href":"https:\/\/altgsgrebenstein.de\/index.php?rest_route=%2Fwp%2Fv2%2Ftags&post=17151"}],"curies":[{"name":"wp","href":"https:\/\/api.w.org\/{rel}","templated":true}]}}