{"id":17134,"date":"2024-09-16T19:20:50","date_gmt":"2024-09-16T18:20:50","guid":{"rendered":"http:\/\/altgsgrebenstein.de\/?p=17134"},"modified":"2024-09-16T19:31:06","modified_gmt":"2024-09-16T18:31:06","slug":"g6er-klassen-digital-unterwegs-risiken-und-gefahren-im-netz","status":"publish","type":"post","link":"https:\/\/altgsgrebenstein.de\/?p=17134","title":{"rendered":"G6er Klassen digital unterwegs \u2013 Risiken und Gefahren im Netz"},"content":{"rendered":"<p>Alle Finger gingen hoch als Sascha Aschermann die Sch\u00fclerinnen und Sch\u00fcler der G6a und G6b nach dem Besitz eines Smartphones fragte.\u00a0 \u201eDann seid ihr genau richtig hier\u201c, so der Oberkommissar. Sascha Aschermann leitet die Regionale Gesch\u00e4ftsstelle Nordhessen des \u201eNetzwerks gegen Gewalt\u201c, eine Initiative der Hessischen Landesregierung zur Gewaltpr\u00e4vention.<\/p>\n<p><img decoding=\"async\" class=\"aligncenter size-large wp-image-17135\" src=\"http:\/\/altgsgrebenstein.de\/wp-content\/uploads\/2024\/09\/20240913_100727-889x1024.jpg\" alt=\"\" width=\"604\" height=\"696\" srcset=\"https:\/\/altgsgrebenstein.de\/wp-content\/uploads\/2024\/09\/20240913_100727-889x1024.jpg 889w, https:\/\/altgsgrebenstein.de\/wp-content\/uploads\/2024\/09\/20240913_100727-260x300.jpg 260w, https:\/\/altgsgrebenstein.de\/wp-content\/uploads\/2024\/09\/20240913_100727-768x885.jpg 768w, https:\/\/altgsgrebenstein.de\/wp-content\/uploads\/2024\/09\/20240913_100727.jpg 1243w\" sizes=\"(max-width: 604px) 100vw, 604px\" \/><\/p>\n<p>Aschermann, der von der Kollegin Julia Lohse begleitet wurde, machte den Sch\u00fclerinnen und Sch\u00fcler deutlich, dass auch sie, obwohl fast alle der anwesenden Kinder Jungenschutzeinstellungen an ihren Ger\u00e4ten hatten, potentiell bei jeder Handynutzung digitalen Gefahren ausgesetzt seien.\u00a0 Sascha Aschmann informierte u.a. \u00fcber Cybergrooming, Gewaltdarstellungen im Netz, \u00fcber Kinder -und Jugendpornographie und die polizeilichen Ma\u00dfnahmen, die dann greifen werden. Sensibel erkl\u00e4rte Aschermann, wie die Sch\u00fclerinnen und Sch\u00fcler sich sch\u00fctzen k\u00f6nnen und welche Hilfe sie sich unbedingt holen m\u00fcssen, wenn sie in eine solche Situation kommen sollten.<\/p>\n<p><img decoding=\"async\" class=\"aligncenter size-large wp-image-17136\" src=\"http:\/\/altgsgrebenstein.de\/wp-content\/uploads\/2024\/09\/20240913_101901-1024x473.jpg\" alt=\"\" width=\"604\" height=\"279\" srcset=\"https:\/\/altgsgrebenstein.de\/wp-content\/uploads\/2024\/09\/20240913_101901-1024x473.jpg 1024w, https:\/\/altgsgrebenstein.de\/wp-content\/uploads\/2024\/09\/20240913_101901-300x139.jpg 300w, https:\/\/altgsgrebenstein.de\/wp-content\/uploads\/2024\/09\/20240913_101901-768x355.jpg 768w, https:\/\/altgsgrebenstein.de\/wp-content\/uploads\/2024\/09\/20240913_101901-1536x710.jpg 1536w, https:\/\/altgsgrebenstein.de\/wp-content\/uploads\/2024\/09\/20240913_101901-2048x946.jpg 2048w\" sizes=\"(max-width: 604px) 100vw, 604px\" \/><\/p>\n<p>Keine \u201eleichten\u201c 90 Minuten f\u00fcr die 11 -12-j\u00e4hrigen Sch\u00fclerinnen und Sch\u00fcler, die im Rahmen ihres Methodentages zum Thema: \u201eJugendmedienschutz\u201c von ihren Klassenlehrern Robin G\u00f6ring und Rita Hirdes-Bettenh\u00e4user begleitet wurden. Beide Lehrer komplettierten den Tag im Vorfeld und am Schluss mit \u00dcbungen u.a. zur Passwort-Sicherheit und Abschlussgespr\u00e4chen, die die M\u00f6glichkeit zum Austausch \u00fcber das Geh\u00f6rte boten.<\/p>\n<p><img decoding=\"async\" class=\"aligncenter size-large wp-image-17137\" src=\"http:\/\/altgsgrebenstein.de\/wp-content\/uploads\/2024\/09\/20240913_104357-1024x652.jpg\" alt=\"\" width=\"604\" height=\"385\" srcset=\"https:\/\/altgsgrebenstein.de\/wp-content\/uploads\/2024\/09\/20240913_104357-1024x652.jpg 1024w, https:\/\/altgsgrebenstein.de\/wp-content\/uploads\/2024\/09\/20240913_104357-300x191.jpg 300w, https:\/\/altgsgrebenstein.de\/wp-content\/uploads\/2024\/09\/20240913_104357-768x489.jpg 768w, https:\/\/altgsgrebenstein.de\/wp-content\/uploads\/2024\/09\/20240913_104357-1536x978.jpg 1536w, https:\/\/altgsgrebenstein.de\/wp-content\/uploads\/2024\/09\/20240913_104357.jpg 1744w\" sizes=\"(max-width: 604px) 100vw, 604px\" \/><\/p>\n<p>Ein Tag, der wichtig war und sicherlich bei vielen zur Vorsicht und Umsicht beigetragen hat. Noch zu erw\u00e4hnen und zu danken ist Gymnasialleiter Dirk Weidmann, der diesen Tag organisatorisch und inhaltlich vorbereitete.<\/p>\n<p>RHB<\/p>\n<p>&nbsp;<\/p>\n","protected":false},"excerpt":{"rendered":"<p>Alle Finger gingen hoch als Sascha Aschermann die Sch\u00fclerinnen und Sch\u00fcler der G6a und G6b nach dem Besitz eines Smartphones fragte.\u00a0 \u201eDann seid ihr genau richtig hier\u201c, so der Oberkommissar. Sascha Aschermann leitet die Regionale Gesch\u00e4ftsstelle Nordhessen des \u201eNetzwerks gegen Gewalt\u201c, eine Initiative der Hessischen Landesregierung zur Gewaltpr\u00e4vention. Aschermann, der von der Kollegin Julia Lohse &hellip; <a href=\"https:\/\/altgsgrebenstein.de\/?p=17134\" class=\"more-link\"><span class=\"screen-reader-text\">G6er Klassen digital unterwegs \u2013 Risiken und Gefahren im Netz<\/span> weiterlesen <span class=\"meta-nav\">&rarr;<\/span><\/a><\/p>\n","protected":false},"author":28,"featured_media":0,"comment_status":"closed","ping_status":"closed","sticky":false,"template":"","format":"standard","meta":{"saved_in_kubio":false,"footnotes":""},"categories":[1],"tags":[],"class_list":["post-17134","post","type-post","status-publish","format-standard","hentry","category-uncategorized"],"_links":{"self":[{"href":"https:\/\/altgsgrebenstein.de\/index.php?rest_route=\/wp\/v2\/posts\/17134","targetHints":{"allow":["GET"]}}],"collection":[{"href":"https:\/\/altgsgrebenstein.de\/index.php?rest_route=\/wp\/v2\/posts"}],"about":[{"href":"https:\/\/altgsgrebenstein.de\/index.php?rest_route=\/wp\/v2\/types\/post"}],"author":[{"embeddable":true,"href":"https:\/\/altgsgrebenstein.de\/index.php?rest_route=\/wp\/v2\/users\/28"}],"replies":[{"embeddable":true,"href":"https:\/\/altgsgrebenstein.de\/index.php?rest_route=%2Fwp%2Fv2%2Fcomments&post=17134"}],"version-history":[{"count":2,"href":"https:\/\/altgsgrebenstein.de\/index.php?rest_route=\/wp\/v2\/posts\/17134\/revisions"}],"predecessor-version":[{"id":17146,"href":"https:\/\/altgsgrebenstein.de\/index.php?rest_route=\/wp\/v2\/posts\/17134\/revisions\/17146"}],"wp:attachment":[{"href":"https:\/\/altgsgrebenstein.de\/index.php?rest_route=%2Fwp%2Fv2%2Fmedia&parent=17134"}],"wp:term":[{"taxonomy":"category","embeddable":true,"href":"https:\/\/altgsgrebenstein.de\/index.php?rest_route=%2Fwp%2Fv2%2Fcategories&post=17134"},{"taxonomy":"post_tag","embeddable":true,"href":"https:\/\/altgsgrebenstein.de\/index.php?rest_route=%2Fwp%2Fv2%2Ftags&post=17134"}],"curies":[{"name":"wp","href":"https:\/\/api.w.org\/{rel}","templated":true}]}}