{"id":17073,"date":"2024-08-28T06:16:55","date_gmt":"2024-08-28T05:16:55","guid":{"rendered":"http:\/\/altgsgrebenstein.de\/?p=17073"},"modified":"2024-08-28T07:12:56","modified_gmt":"2024-08-28T06:12:56","slug":"die-hgs-empfaengt-ihr-5-klaessler-mit-der-uebergabe-eines-schluessels","status":"publish","type":"post","link":"https:\/\/altgsgrebenstein.de\/?p=17073","title":{"rendered":"Die HGS empf\u00e4ngt ihre F\u00fcnftkl\u00e4ssler mit der \u00dcbergabe eines Schl\u00fcssels"},"content":{"rendered":"<p>Ein aufgeregtes Gemurmel war in der gut gef\u00fcllten Grebensteiner Kulturhalle zum Beginn der Einschulungsveranstaltung der 5. Klassen 2024 zu h\u00f6ren. 102 Kinder sa\u00dfen gespannt zwischen ihren Eltern und Geschwistern und schauten mit gro\u00dfen Augen auf die Dinge, die sich die Schulleitung und die Schulgemeinde zur Begr\u00fc\u00dfung f\u00fcr sie ausgedacht hatten.<\/p>\n<p><img decoding=\"async\" class=\"aligncenter size-large wp-image-17075\" src=\"http:\/\/altgsgrebenstein.de\/wp-content\/uploads\/2024\/08\/01265792-1024x683.jpg\" alt=\"\" width=\"604\" height=\"403\" srcset=\"https:\/\/altgsgrebenstein.de\/wp-content\/uploads\/2024\/08\/01265792-1024x683.jpg 1024w, https:\/\/altgsgrebenstein.de\/wp-content\/uploads\/2024\/08\/01265792-300x200.jpg 300w, https:\/\/altgsgrebenstein.de\/wp-content\/uploads\/2024\/08\/01265792-768x512.jpg 768w, https:\/\/altgsgrebenstein.de\/wp-content\/uploads\/2024\/08\/01265792-1536x1024.jpg 1536w, https:\/\/altgsgrebenstein.de\/wp-content\/uploads\/2024\/08\/01265792-2048x1365.jpg 2048w\" sizes=\"(max-width: 604px) 100vw, 604px\" \/><\/p>\n<p>Flott startete die 5\/6 Tanz-AG von Jorge Parra. Mit ihrem rasanten Stuhl-Tanz zeigten zehn M\u00e4dchen und ein Junge, was sie in ihren jungen Jahren bereits \u201edraufhaben\u201c. Der Tanz mit dem Titel \u201eVogue HGS\u201c zeigte wie \u201ecool\u201c es ist, Sch\u00fclerin und Sch\u00fcler der HGS zu sein. Toll!<\/p>\n<p><img decoding=\"async\" class=\"aligncenter size-large wp-image-17077\" src=\"http:\/\/altgsgrebenstein.de\/wp-content\/uploads\/2024\/08\/01265470-1024x683.jpg\" alt=\"\" width=\"604\" height=\"403\" srcset=\"https:\/\/altgsgrebenstein.de\/wp-content\/uploads\/2024\/08\/01265470-1024x683.jpg 1024w, https:\/\/altgsgrebenstein.de\/wp-content\/uploads\/2024\/08\/01265470-300x200.jpg 300w, https:\/\/altgsgrebenstein.de\/wp-content\/uploads\/2024\/08\/01265470-768x512.jpg 768w, https:\/\/altgsgrebenstein.de\/wp-content\/uploads\/2024\/08\/01265470-1536x1024.jpg 1536w, https:\/\/altgsgrebenstein.de\/wp-content\/uploads\/2024\/08\/01265470-2048x1365.jpg 2048w\" sizes=\"(max-width: 604px) 100vw, 604px\" \/><\/p>\n<p>In der anschlie\u00dfenden Begr\u00fc\u00dfungsrede sprach Schulleiterin Martina Boye-Griesel von einem ganz besonderen Tag f\u00fcr die 5. Kl\u00e4ssler, aber auch f\u00fcr die HGS. Das diesj\u00e4hrige Motto der Einschulungsveranstaltung sei \u201eSprache als Schl\u00fcssel zur Welt\u201c. Sie f\u00fchrte aus, dass Sprache viel mehr als Worte und S\u00e4tze sei. Mit Sprache K\u00f6nne man nicht nur Gedanken und Gef\u00fchle ausdr\u00fccken, sondern auch W\u00fcnsche und Tr\u00e4ume mit anderen teilen. Sprache er\u00f6ffnet neue Welten, schafft Zugang zu anderen Kulturen und sie verbindet Menschen miteinander. Die 5. Kl\u00e4ssler k\u00f6nnten mit Sprache neue Freundinnen und Freunde finden, sich einbringen und die Welt neu erfinden. Sprache sei Kreativit\u00e4t, die es gilt einzusetzen. Frau Boye-Griesel ermutigte die neuen F\u00fcnfer, keine Angst vor Fehlern zu haben, sondern sie geh\u00f6rten zum Lernen dazu. Sie w\u00fcnschte allen Kindern Freude, Neugier und Erfolg und forderte die \u201eNeuen\u201c auf, mit Sprache T\u00fcren zu \u00f6ffnen und die Vielfalt der Welt zu entdecken. \u00a0Die Eltern lud Martina Boye-Griesel ein, sich aktiv am Schulleben zu beteiligen und bedankte sich noch einmal f\u00fcr das entgegengebrachte Vertrauen.<\/p>\n<p><img decoding=\"async\" class=\"aligncenter size-large wp-image-17078\" src=\"http:\/\/altgsgrebenstein.de\/wp-content\/uploads\/2024\/08\/01265516-1024x683.jpg\" alt=\"\" width=\"604\" height=\"403\" srcset=\"https:\/\/altgsgrebenstein.de\/wp-content\/uploads\/2024\/08\/01265516-1024x683.jpg 1024w, https:\/\/altgsgrebenstein.de\/wp-content\/uploads\/2024\/08\/01265516-300x200.jpg 300w, https:\/\/altgsgrebenstein.de\/wp-content\/uploads\/2024\/08\/01265516-768x512.jpg 768w, https:\/\/altgsgrebenstein.de\/wp-content\/uploads\/2024\/08\/01265516-1536x1024.jpg 1536w, https:\/\/altgsgrebenstein.de\/wp-content\/uploads\/2024\/08\/01265516-2048x1365.jpg 2048w\" sizes=\"(max-width: 604px) 100vw, 604px\" \/> <img decoding=\"async\" class=\"aligncenter size-large wp-image-17079\" src=\"http:\/\/altgsgrebenstein.de\/wp-content\/uploads\/2024\/08\/01265525-1024x683.jpg\" alt=\"\" width=\"604\" height=\"403\" srcset=\"https:\/\/altgsgrebenstein.de\/wp-content\/uploads\/2024\/08\/01265525-1024x683.jpg 1024w, https:\/\/altgsgrebenstein.de\/wp-content\/uploads\/2024\/08\/01265525-300x200.jpg 300w, https:\/\/altgsgrebenstein.de\/wp-content\/uploads\/2024\/08\/01265525-768x512.jpg 768w, https:\/\/altgsgrebenstein.de\/wp-content\/uploads\/2024\/08\/01265525-1536x1024.jpg 1536w, https:\/\/altgsgrebenstein.de\/wp-content\/uploads\/2024\/08\/01265525-2048x1365.jpg 2048w\" sizes=\"(max-width: 604px) 100vw, 604px\" \/><\/p>\n<p>Der Gymnasialleiter Dirk Weidmann und der F\u00f6rderstufenleiter Jonathan Kunz \u00fcbernahmen die B\u00fchne und man sah Verzweiflung in ihren Gesichtern. Suchten sie doch \u201eden\u201c Schl\u00fcssel, der die T\u00fcren des Schulhauses f\u00fcr die 5. Kl\u00e4ssler aufschlie\u00dfen sollte. Er war nicht aufzufinden. Erst der Hausmeister Udo Wetzel brachte eine m\u00f6gliche L\u00f6sung. Leider war dieser gro\u00dfe, bunte Schl\u00fcssel nicht passend. Aber Jonathan Kunz gab nicht auf und forderte alle Anwesenden auf, mitzuhelfen und unter ihre St\u00fchle zu schauen. Ein passender Schl\u00fcssel wurde schlie\u00dflich gefunden und eine zuk\u00fcnftige 5. Kl\u00e4sslerin brachte ihn zur B\u00fchne.<\/p>\n<p><img decoding=\"async\" class=\"aligncenter size-large wp-image-17080\" src=\"http:\/\/altgsgrebenstein.de\/wp-content\/uploads\/2024\/08\/01265635-1024x683.jpg\" alt=\"\" width=\"604\" height=\"403\" srcset=\"https:\/\/altgsgrebenstein.de\/wp-content\/uploads\/2024\/08\/01265635-1024x683.jpg 1024w, https:\/\/altgsgrebenstein.de\/wp-content\/uploads\/2024\/08\/01265635-300x200.jpg 300w, https:\/\/altgsgrebenstein.de\/wp-content\/uploads\/2024\/08\/01265635-768x512.jpg 768w, https:\/\/altgsgrebenstein.de\/wp-content\/uploads\/2024\/08\/01265635-1536x1024.jpg 1536w, https:\/\/altgsgrebenstein.de\/wp-content\/uploads\/2024\/08\/01265635-2048x1365.jpg 2048w\" sizes=\"(max-width: 604px) 100vw, 604px\" \/><\/p>\n<p>Der Aufnahme des Jahrgangs 5 stand nun nichts mehr im Wege.<\/p>\n<p>\u201eSchl\u00fcssel\u201c sind Wegbereiter f\u00fcr neues Terrain, f\u00fcr neue Erkenntnisse und Erlebnisse, denn nun, da der \u201eSchl\u00fcssel\u201c gefunden wurde, konnten die 5.Kl\u00e4ssler endlich ihren neuen Klassenlehrerinnen und Klassenlehrern zugeteilt werden.\u00a0 Sicherlich f\u00fcr die wartenden Sch\u00fclerinnen und Sch\u00fcler einer der aufregendsten Momente des Tages.<\/p>\n<p>Die Klassenlehrerinnen und Klassenlehrer Dagmar Mirtes und Charlotte Braun (F5a), Jonathan Kunz und Lena Oppermann (F5b), Maren Fr\u00f6hlich und Anja M\u00fchlbrodt (F5c) sowie Wiebke H\u00fcner (G6a) und Christin Marx (G6b) nahmen auf der B\u00fchne ihre neuen Kinder in Empfang.\u00a0 Allen Sch\u00fclerinnen und Sch\u00fclern wurde symbolisch ein von dem Jahrgang 6 selbstgebastelter Schl\u00fcssel, auf dem die besten W\u00fcnsche zum Schulanfang standen, \u00fcberreicht.<\/p>\n<p><img decoding=\"async\" class=\"aligncenter size-large wp-image-17081\" src=\"http:\/\/altgsgrebenstein.de\/wp-content\/uploads\/2024\/08\/01265539-1024x683.jpg\" alt=\"\" width=\"604\" height=\"403\" srcset=\"https:\/\/altgsgrebenstein.de\/wp-content\/uploads\/2024\/08\/01265539-1024x683.jpg 1024w, https:\/\/altgsgrebenstein.de\/wp-content\/uploads\/2024\/08\/01265539-300x200.jpg 300w, https:\/\/altgsgrebenstein.de\/wp-content\/uploads\/2024\/08\/01265539-768x512.jpg 768w, https:\/\/altgsgrebenstein.de\/wp-content\/uploads\/2024\/08\/01265539-1536x1024.jpg 1536w, https:\/\/altgsgrebenstein.de\/wp-content\/uploads\/2024\/08\/01265539-2048x1365.jpg 2048w\" sizes=\"(max-width: 604px) 100vw, 604px\" \/> <img decoding=\"async\" class=\"aligncenter size-large wp-image-17082\" src=\"http:\/\/altgsgrebenstein.de\/wp-content\/uploads\/2024\/08\/01265588-1024x683.jpg\" alt=\"\" width=\"604\" height=\"403\" srcset=\"https:\/\/altgsgrebenstein.de\/wp-content\/uploads\/2024\/08\/01265588-1024x683.jpg 1024w, https:\/\/altgsgrebenstein.de\/wp-content\/uploads\/2024\/08\/01265588-300x200.jpg 300w, https:\/\/altgsgrebenstein.de\/wp-content\/uploads\/2024\/08\/01265588-768x512.jpg 768w, https:\/\/altgsgrebenstein.de\/wp-content\/uploads\/2024\/08\/01265588-1536x1024.jpg 1536w, https:\/\/altgsgrebenstein.de\/wp-content\/uploads\/2024\/08\/01265588-2048x1365.jpg 2048w\" sizes=\"(max-width: 604px) 100vw, 604px\" \/> <img decoding=\"async\" class=\"aligncenter size-large wp-image-17083\" src=\"http:\/\/altgsgrebenstein.de\/wp-content\/uploads\/2024\/08\/01265617-1024x683.jpg\" alt=\"\" width=\"604\" height=\"403\" srcset=\"https:\/\/altgsgrebenstein.de\/wp-content\/uploads\/2024\/08\/01265617-1024x683.jpg 1024w, https:\/\/altgsgrebenstein.de\/wp-content\/uploads\/2024\/08\/01265617-300x200.jpg 300w, https:\/\/altgsgrebenstein.de\/wp-content\/uploads\/2024\/08\/01265617-768x512.jpg 768w, https:\/\/altgsgrebenstein.de\/wp-content\/uploads\/2024\/08\/01265617-1536x1024.jpg 1536w, https:\/\/altgsgrebenstein.de\/wp-content\/uploads\/2024\/08\/01265617-2048x1365.jpg 2048w\" sizes=\"(max-width: 604px) 100vw, 604px\" \/> <img decoding=\"async\" class=\"aligncenter size-large wp-image-17084\" src=\"http:\/\/altgsgrebenstein.de\/wp-content\/uploads\/2024\/08\/01265650-1024x683.jpg\" alt=\"\" width=\"604\" height=\"403\" srcset=\"https:\/\/altgsgrebenstein.de\/wp-content\/uploads\/2024\/08\/01265650-1024x683.jpg 1024w, https:\/\/altgsgrebenstein.de\/wp-content\/uploads\/2024\/08\/01265650-300x200.jpg 300w, https:\/\/altgsgrebenstein.de\/wp-content\/uploads\/2024\/08\/01265650-768x512.jpg 768w, https:\/\/altgsgrebenstein.de\/wp-content\/uploads\/2024\/08\/01265650-1536x1024.jpg 1536w, https:\/\/altgsgrebenstein.de\/wp-content\/uploads\/2024\/08\/01265650-2048x1365.jpg 2048w\" sizes=\"(max-width: 604px) 100vw, 604px\" \/> <img decoding=\"async\" class=\"aligncenter size-large wp-image-17085\" src=\"http:\/\/altgsgrebenstein.de\/wp-content\/uploads\/2024\/08\/01265692-1024x683.jpg\" alt=\"\" width=\"604\" height=\"403\" srcset=\"https:\/\/altgsgrebenstein.de\/wp-content\/uploads\/2024\/08\/01265692-1024x683.jpg 1024w, https:\/\/altgsgrebenstein.de\/wp-content\/uploads\/2024\/08\/01265692-300x200.jpg 300w, https:\/\/altgsgrebenstein.de\/wp-content\/uploads\/2024\/08\/01265692-768x512.jpg 768w, https:\/\/altgsgrebenstein.de\/wp-content\/uploads\/2024\/08\/01265692-1536x1024.jpg 1536w, https:\/\/altgsgrebenstein.de\/wp-content\/uploads\/2024\/08\/01265692-2048x1365.jpg 2048w\" sizes=\"(max-width: 604px) 100vw, 604px\" \/><\/p>\n<p>Bevor die 5.Kl\u00e4ssler mit ihren Lehrerinnen und Lehrern und ihren Paten (Projekt der Schulsozialarbeit) in die Klassenr\u00e4ume gingen und die Eltern zu Kaffee und frischen Waffeln in die Mensa eingeladen wurden, tanzte zum Schluss noch einmal die 5\/6 Tanz-AG mit einer Choreographie zu \u201eMoulin Rouge\u201c. Wunderbar und sicherlich ein \u201eWerbeauftritt\u201c f\u00fcr die neuen HGS-Sch\u00fclerinnen und Sch\u00fcler des Jahrgangs 5.<\/p>\n<p><img decoding=\"async\" class=\"aligncenter size-large wp-image-17086\" src=\"http:\/\/altgsgrebenstein.de\/wp-content\/uploads\/2024\/08\/SuS-Sani-925x1024.jpg\" alt=\"\" width=\"604\" height=\"669\" srcset=\"https:\/\/altgsgrebenstein.de\/wp-content\/uploads\/2024\/08\/SuS-Sani-925x1024.jpg 925w, https:\/\/altgsgrebenstein.de\/wp-content\/uploads\/2024\/08\/SuS-Sani-271x300.jpg 271w, https:\/\/altgsgrebenstein.de\/wp-content\/uploads\/2024\/08\/SuS-Sani-768x850.jpg 768w, https:\/\/altgsgrebenstein.de\/wp-content\/uploads\/2024\/08\/SuS-Sani-1388x1536.jpg 1388w, https:\/\/altgsgrebenstein.de\/wp-content\/uploads\/2024\/08\/SuS-Sani-1850x2048.jpg 1850w\" sizes=\"(max-width: 604px) 100vw, 604px\" \/> <img decoding=\"async\" class=\"aligncenter size-large wp-image-17087\" src=\"http:\/\/altgsgrebenstein.de\/wp-content\/uploads\/2024\/08\/Hausmeister-1024x765.jpg\" alt=\"\" width=\"604\" height=\"451\" srcset=\"https:\/\/altgsgrebenstein.de\/wp-content\/uploads\/2024\/08\/Hausmeister-1024x765.jpg 1024w, https:\/\/altgsgrebenstein.de\/wp-content\/uploads\/2024\/08\/Hausmeister-300x224.jpg 300w, https:\/\/altgsgrebenstein.de\/wp-content\/uploads\/2024\/08\/Hausmeister-768x574.jpg 768w, https:\/\/altgsgrebenstein.de\/wp-content\/uploads\/2024\/08\/Hausmeister-1536x1147.jpg 1536w, https:\/\/altgsgrebenstein.de\/wp-content\/uploads\/2024\/08\/Hausmeister-2048x1530.jpg 2048w\" sizes=\"(max-width: 604px) 100vw, 604px\" \/><\/p>\n<p>Begleitet haben diese Veranstaltung au\u00dferdem die \u201eLeute\u201c im Hintergrund. Hier m\u00fcssen der Schulsanit\u00e4ter Janick Flohr und Florian M\u00fcller, der f\u00fcr die Technik an diesem Morgen zust\u00e4ndig war, genannt werden. Au\u00dferdem geht ein gro\u00dfes Dankesch\u00f6n an unsere \u201eKreativ-Hausmeister\u201c Udo Wetzel und Jorge Parra.<\/p>\n<p>RHB<\/p>\n","protected":false},"excerpt":{"rendered":"<p>Ein aufgeregtes Gemurmel war in der gut gef\u00fcllten Grebensteiner Kulturhalle zum Beginn der Einschulungsveranstaltung der 5. Klassen 2024 zu h\u00f6ren. 102 Kinder sa\u00dfen gespannt zwischen ihren Eltern und Geschwistern und schauten mit gro\u00dfen Augen auf die Dinge, die sich die Schulleitung und die Schulgemeinde zur Begr\u00fc\u00dfung f\u00fcr sie ausgedacht hatten. Flott startete die 5\/6 Tanz-AG &hellip; <a href=\"https:\/\/altgsgrebenstein.de\/?p=17073\" class=\"more-link\"><span class=\"screen-reader-text\">Die HGS empf\u00e4ngt ihre F\u00fcnftkl\u00e4ssler mit der \u00dcbergabe eines Schl\u00fcssels<\/span> weiterlesen <span class=\"meta-nav\">&rarr;<\/span><\/a><\/p>\n","protected":false},"author":28,"featured_media":0,"comment_status":"closed","ping_status":"closed","sticky":false,"template":"","format":"standard","meta":{"saved_in_kubio":false,"footnotes":""},"categories":[1],"tags":[],"class_list":["post-17073","post","type-post","status-publish","format-standard","hentry","category-uncategorized"],"_links":{"self":[{"href":"https:\/\/altgsgrebenstein.de\/index.php?rest_route=\/wp\/v2\/posts\/17073","targetHints":{"allow":["GET"]}}],"collection":[{"href":"https:\/\/altgsgrebenstein.de\/index.php?rest_route=\/wp\/v2\/posts"}],"about":[{"href":"https:\/\/altgsgrebenstein.de\/index.php?rest_route=\/wp\/v2\/types\/post"}],"author":[{"embeddable":true,"href":"https:\/\/altgsgrebenstein.de\/index.php?rest_route=\/wp\/v2\/users\/28"}],"replies":[{"embeddable":true,"href":"https:\/\/altgsgrebenstein.de\/index.php?rest_route=%2Fwp%2Fv2%2Fcomments&post=17073"}],"version-history":[{"count":4,"href":"https:\/\/altgsgrebenstein.de\/index.php?rest_route=\/wp\/v2\/posts\/17073\/revisions"}],"predecessor-version":[{"id":17089,"href":"https:\/\/altgsgrebenstein.de\/index.php?rest_route=\/wp\/v2\/posts\/17073\/revisions\/17089"}],"wp:attachment":[{"href":"https:\/\/altgsgrebenstein.de\/index.php?rest_route=%2Fwp%2Fv2%2Fmedia&parent=17073"}],"wp:term":[{"taxonomy":"category","embeddable":true,"href":"https:\/\/altgsgrebenstein.de\/index.php?rest_route=%2Fwp%2Fv2%2Fcategories&post=17073"},{"taxonomy":"post_tag","embeddable":true,"href":"https:\/\/altgsgrebenstein.de\/index.php?rest_route=%2Fwp%2Fv2%2Ftags&post=17073"}],"curies":[{"name":"wp","href":"https:\/\/api.w.org\/{rel}","templated":true}]}}