{"id":17034,"date":"2024-07-16T08:01:40","date_gmt":"2024-07-16T07:01:40","guid":{"rendered":"http:\/\/altgsgrebenstein.de\/?p=17034"},"modified":"2024-08-14T09:24:06","modified_gmt":"2024-08-14T08:24:06","slug":"guten-tag-wie-geht-es-dir-deutsch-als-zweitsprache-an-der-hgs","status":"publish","type":"post","link":"https:\/\/altgsgrebenstein.de\/?p=17034","title":{"rendered":"Feierliche \u00dcbergabe der DSD I Diplome"},"content":{"rendered":"<p>Zeugnistag ist \u00dcbergabetag, das wissen alle Sch\u00fclerinnen und Sch\u00fcler der Schule. F\u00fcr 13 Sch\u00fclerinnen und Sch\u00fcler unserer Intensivklassen gab es am letzten Schultag allerdings noch einmal besonderen Grund zur Freude. Sie erhielten ihre lang herbei gesehnten Sprachnachweise im Deutschen.<\/p>\n<p>Ein halbes Jahr lang haben sie dienstags und mittwochs jeweils zwei Stunden am Nachmittag mit Herrn Engelbrecht ihre Deutschkenntnisse im H\u00f6r- sowie im Leseverstehen und der schriftlichen Kommunikation trainiert. Auch die Vorbereitung f\u00fcr die m\u00fcndliche Pr\u00fcfung in Form einer Pr\u00e4sentation durfte nicht fehlen.<\/p>\n<p>Nun endlich haben sie es geschafft und haben ihre DSD I-Diplome auf dem Niveau B1 erhalten. Dieses k\u00f6nnen die Sch\u00fclerinnen und Sch\u00fcler sp\u00e4ter vorlegen, wenn sie zum Beispiel an einer Universit\u00e4t studieren m\u00f6chten oder nach der 10. Klasse eine weiterf\u00fchrende Schule besuchen m\u00f6chten.<\/p>\n<p>Wir gratulieren allen Absolvent*innen zu den bestandenen Pr\u00fcfungen.<\/p>\n<p><img decoding=\"async\" class=\"size-large wp-image-17035\" src=\"http:\/\/altgsgrebenstein.de\/wp-content\/uploads\/2024\/07\/DSC_9614-1024x678.jpg\" alt=\"\" width=\"604\" height=\"400\" srcset=\"https:\/\/altgsgrebenstein.de\/wp-content\/uploads\/2024\/07\/DSC_9614-1024x678.jpg 1024w, https:\/\/altgsgrebenstein.de\/wp-content\/uploads\/2024\/07\/DSC_9614-300x199.jpg 300w, https:\/\/altgsgrebenstein.de\/wp-content\/uploads\/2024\/07\/DSC_9614-768x509.jpg 768w, https:\/\/altgsgrebenstein.de\/wp-content\/uploads\/2024\/07\/DSC_9614-1536x1017.jpg 1536w, https:\/\/altgsgrebenstein.de\/wp-content\/uploads\/2024\/07\/DSC_9614-2048x1356.jpg 2048w\" sizes=\"(max-width: 604px) 100vw, 604px\" \/><\/p>\n<p>Auf dem Foto fehlen: Ilnaz Qalandari, Vladyslava Skoryk und Mouna Hassan Buh.<\/p>\n","protected":false},"excerpt":{"rendered":"<p>Zeugnistag ist \u00dcbergabetag, das wissen alle Sch\u00fclerinnen und Sch\u00fcler der Schule. F\u00fcr 13 Sch\u00fclerinnen und Sch\u00fcler unserer Intensivklassen gab es am letzten Schultag allerdings noch einmal besonderen Grund zur Freude. Sie erhielten ihre lang herbei gesehnten Sprachnachweise im Deutschen. Ein halbes Jahr lang haben sie dienstags und mittwochs jeweils zwei Stunden am Nachmittag mit Herrn &hellip; <a href=\"https:\/\/altgsgrebenstein.de\/?p=17034\" class=\"more-link\"><span class=\"screen-reader-text\">Feierliche \u00dcbergabe der DSD I Diplome<\/span> weiterlesen <span class=\"meta-nav\">&rarr;<\/span><\/a><\/p>\n","protected":false},"author":28,"featured_media":0,"comment_status":"closed","ping_status":"closed","sticky":false,"template":"","format":"standard","meta":{"saved_in_kubio":false,"footnotes":""},"categories":[1],"tags":[],"class_list":["post-17034","post","type-post","status-publish","format-standard","hentry","category-uncategorized"],"_links":{"self":[{"href":"https:\/\/altgsgrebenstein.de\/index.php?rest_route=\/wp\/v2\/posts\/17034","targetHints":{"allow":["GET"]}}],"collection":[{"href":"https:\/\/altgsgrebenstein.de\/index.php?rest_route=\/wp\/v2\/posts"}],"about":[{"href":"https:\/\/altgsgrebenstein.de\/index.php?rest_route=\/wp\/v2\/types\/post"}],"author":[{"embeddable":true,"href":"https:\/\/altgsgrebenstein.de\/index.php?rest_route=\/wp\/v2\/users\/28"}],"replies":[{"embeddable":true,"href":"https:\/\/altgsgrebenstein.de\/index.php?rest_route=%2Fwp%2Fv2%2Fcomments&post=17034"}],"version-history":[{"count":3,"href":"https:\/\/altgsgrebenstein.de\/index.php?rest_route=\/wp\/v2\/posts\/17034\/revisions"}],"predecessor-version":[{"id":17052,"href":"https:\/\/altgsgrebenstein.de\/index.php?rest_route=\/wp\/v2\/posts\/17034\/revisions\/17052"}],"wp:attachment":[{"href":"https:\/\/altgsgrebenstein.de\/index.php?rest_route=%2Fwp%2Fv2%2Fmedia&parent=17034"}],"wp:term":[{"taxonomy":"category","embeddable":true,"href":"https:\/\/altgsgrebenstein.de\/index.php?rest_route=%2Fwp%2Fv2%2Fcategories&post=17034"},{"taxonomy":"post_tag","embeddable":true,"href":"https:\/\/altgsgrebenstein.de\/index.php?rest_route=%2Fwp%2Fv2%2Ftags&post=17034"}],"curies":[{"name":"wp","href":"https:\/\/api.w.org\/{rel}","templated":true}]}}