{"id":16996,"date":"2024-07-07T11:21:30","date_gmt":"2024-07-07T10:21:30","guid":{"rendered":"http:\/\/altgsgrebenstein.de\/?p=16996"},"modified":"2024-07-12T15:58:11","modified_gmt":"2024-07-12T14:58:11","slug":"hgs-feiert-den-abschied-der-abgaenger-2024","status":"publish","type":"post","link":"https:\/\/altgsgrebenstein.de\/?p=16996","title":{"rendered":"HGS feiert den Abschied der Abg\u00e4nger 2024"},"content":{"rendered":"<p>Dieser Abend war ein ganz besonderer, denn es wurden nicht nur die Abgangsklassen der HGS entlassen und nat\u00fcrlich auch wie jedes Jahr geb\u00fchrend gefeiert. Parallel spielte die deutsche Nationalelf gegen Spanien und das darf man nicht untersch\u00e4tzen, denn fast alle Anwesenden waren im EM-Fieber.<\/p>\n<p><img decoding=\"async\" class=\"size-large wp-image-16997\" src=\"http:\/\/altgsgrebenstein.de\/wp-content\/uploads\/2024\/07\/DSC_9481-1024x678.jpg\" alt=\"\" width=\"604\" height=\"400\" srcset=\"https:\/\/altgsgrebenstein.de\/wp-content\/uploads\/2024\/07\/DSC_9481-1024x678.jpg 1024w, https:\/\/altgsgrebenstein.de\/wp-content\/uploads\/2024\/07\/DSC_9481-300x199.jpg 300w, https:\/\/altgsgrebenstein.de\/wp-content\/uploads\/2024\/07\/DSC_9481-768x509.jpg 768w, https:\/\/altgsgrebenstein.de\/wp-content\/uploads\/2024\/07\/DSC_9481-1536x1017.jpg 1536w, https:\/\/altgsgrebenstein.de\/wp-content\/uploads\/2024\/07\/DSC_9481-2048x1356.jpg 2048w\" sizes=\"(max-width: 604px) 100vw, 604px\" \/><\/p>\n<p>Wohlwissend wie das Interesse an diesem Abend an der EM war, bat Frau Boye-Griesel in ihrer Begr\u00fc\u00dfungsrede um eine kleine Auszeit vom Fu\u00dfball. Sie begl\u00fcckw\u00fcnschte die Abg\u00e4ngerinnen und Abg\u00e4nger und w\u00fcnschte allen Mut, Offenheit und das Annehmen aller auf sie neu zukommender Herausforderungen. Bildung sei die wichtigste Waffe, die Welt zu ver\u00e4ndern, zitierte die Schulleiterin Nelson Mandela.<\/p>\n<p><img decoding=\"async\" class=\"wp-image-17012 size-large\" src=\"http:\/\/altgsgrebenstein.de\/wp-content\/uploads\/2024\/07\/BG1-1024x614.jpg\" alt=\"\" width=\"604\" height=\"362\" srcset=\"https:\/\/altgsgrebenstein.de\/wp-content\/uploads\/2024\/07\/BG1-1024x614.jpg 1024w, https:\/\/altgsgrebenstein.de\/wp-content\/uploads\/2024\/07\/BG1-300x180.jpg 300w, https:\/\/altgsgrebenstein.de\/wp-content\/uploads\/2024\/07\/BG1-768x461.jpg 768w, https:\/\/altgsgrebenstein.de\/wp-content\/uploads\/2024\/07\/BG1-1536x921.jpg 1536w, https:\/\/altgsgrebenstein.de\/wp-content\/uploads\/2024\/07\/BG1-2048x1228.jpg 2048w\" sizes=\"(max-width: 604px) 100vw, 604px\" \/><\/p>\n<p>Im Einzelnen, so f\u00fchrte sie auf, gehen von den 42 Gymnasiastinnen und Gymnasiasten 37 auf eine weiterf\u00fchrende Oberstufenschule, vier beginnen eine Ausbildung. Von den 48 Realsch\u00fclerinnen und Realsch\u00fclern geht ein erfreulicher Anteil von 26 in eine Ausbildung. Vier Sch\u00fcler des Hauptschulzweiges stehen ab August in einem sicheren Ausbildungsverh\u00e4ltnis, 23 gehen auf weiterf\u00fchrende Schulen.\u00a0 Ihr besonderer Dank ging an alle Eltern, Lehrerinnen und Lehrer, die zum Erreichen des Zieles aller Sch\u00fclerinnen und Sch\u00fcler einen erheblichen Beitrag geleistet haben.<\/p>\n<p><img decoding=\"async\" class=\"size-large wp-image-16999\" src=\"http:\/\/altgsgrebenstein.de\/wp-content\/uploads\/2024\/07\/DSC_9489-1024x678.jpg\" alt=\"\" width=\"604\" height=\"400\" srcset=\"https:\/\/altgsgrebenstein.de\/wp-content\/uploads\/2024\/07\/DSC_9489-1024x678.jpg 1024w, https:\/\/altgsgrebenstein.de\/wp-content\/uploads\/2024\/07\/DSC_9489-300x199.jpg 300w, https:\/\/altgsgrebenstein.de\/wp-content\/uploads\/2024\/07\/DSC_9489-768x509.jpg 768w, https:\/\/altgsgrebenstein.de\/wp-content\/uploads\/2024\/07\/DSC_9489-1536x1017.jpg 1536w, https:\/\/altgsgrebenstein.de\/wp-content\/uploads\/2024\/07\/DSC_9489-2048x1356.jpg 2048w\" sizes=\"(max-width: 604px) 100vw, 604px\" \/><\/p>\n<p>Die Moderatoren Rieke B\u00e4umner und Jonas K\u00f6hler \u00fcbernahmen anschlie\u00dfend die Leitung durch das weitere Programm. Zur Freude aller Fu\u00dfballfans versprachen sie in der gut gef\u00fcllten Grebensteiner Kulturhalle regelm\u00e4\u00dfig \u00fcber den Stand des EM-Spieles Deutschland-Spanien zu informieren.<\/p>\n<p><img decoding=\"async\" class=\"size-large wp-image-17000\" src=\"http:\/\/altgsgrebenstein.de\/wp-content\/uploads\/2024\/07\/DSC_9495-1024x678.jpg\" alt=\"\" width=\"604\" height=\"400\" srcset=\"https:\/\/altgsgrebenstein.de\/wp-content\/uploads\/2024\/07\/DSC_9495-1024x678.jpg 1024w, https:\/\/altgsgrebenstein.de\/wp-content\/uploads\/2024\/07\/DSC_9495-300x199.jpg 300w, https:\/\/altgsgrebenstein.de\/wp-content\/uploads\/2024\/07\/DSC_9495-768x509.jpg 768w, https:\/\/altgsgrebenstein.de\/wp-content\/uploads\/2024\/07\/DSC_9495-1536x1017.jpg 1536w, https:\/\/altgsgrebenstein.de\/wp-content\/uploads\/2024\/07\/DSC_9495-2048x1356.jpg 2048w\" sizes=\"(max-width: 604px) 100vw, 604px\" \/><\/p>\n<p>F\u00fcr gute Stimmung sorgten die acht M\u00e4dchen und ein Junge der Tanz-AG 5\/6. Sie tanzten gekonnt mit St\u00fchlen und in einem abschlie\u00dfenden Rap-Gesang wurden alle Lehrer und Lehrerinnen der Abgangsklassen vorgestellt. Tosender Applaus f\u00fcr die J\u00fcngsten.<\/p>\n<p>In den Beitr\u00e4gen der Abschlussklassen ging es in Video-Beitr\u00e4gen, in Quiz-Shows, in kleinen Theaterst\u00fccken um die \u00fcberstandene Schulzeit, um Spr\u00fcche und Eigenheiten der Lehrerinnen und Lehrer und um eine m\u00f6gliche und \u201eunm\u00f6gliche\u201c Zukunft. Mit einer Rede bedankten sich die beiden H-Klassen und machten darin noch einmal deutlich, dass sie trotz der Schwere des Miteinanders immer eine gute Begleitung und viel Verst\u00e4ndnis der Klassenlehrerinnen und -lehrer hatten.<\/p>\n<p><img decoding=\"async\" class=\"size-large wp-image-17001\" src=\"http:\/\/altgsgrebenstein.de\/wp-content\/uploads\/2024\/07\/DSC_9553-1024x678.jpg\" alt=\"\" width=\"604\" height=\"400\" srcset=\"https:\/\/altgsgrebenstein.de\/wp-content\/uploads\/2024\/07\/DSC_9553-1024x678.jpg 1024w, https:\/\/altgsgrebenstein.de\/wp-content\/uploads\/2024\/07\/DSC_9553-300x199.jpg 300w, https:\/\/altgsgrebenstein.de\/wp-content\/uploads\/2024\/07\/DSC_9553-768x509.jpg 768w, https:\/\/altgsgrebenstein.de\/wp-content\/uploads\/2024\/07\/DSC_9553-1536x1017.jpg 1536w, https:\/\/altgsgrebenstein.de\/wp-content\/uploads\/2024\/07\/DSC_9553-2048x1356.jpg 2048w\" sizes=\"(max-width: 604px) 100vw, 604px\" \/><\/p>\n<p>Die Abschlussklassenlehrer revanchierten sich bei ihren Klassen mit einem Song der Back-Street-Boys. Der wurde umgeschrieben und in einem Video-Clip \u201ecool\u201c bearbeitet. So hatten die Sch\u00fclerinnen und Sch\u00fcler ihre Lehrerinnen und Lehrer noch nie gesehen. Tosender Zwischenapplaus.<\/p>\n<p><img decoding=\"async\" class=\"size-large wp-image-17002\" src=\"http:\/\/altgsgrebenstein.de\/wp-content\/uploads\/2024\/07\/DSC_9521-1024x678.jpg\" alt=\"\" width=\"604\" height=\"400\" srcset=\"https:\/\/altgsgrebenstein.de\/wp-content\/uploads\/2024\/07\/DSC_9521-1024x678.jpg 1024w, https:\/\/altgsgrebenstein.de\/wp-content\/uploads\/2024\/07\/DSC_9521-300x199.jpg 300w, https:\/\/altgsgrebenstein.de\/wp-content\/uploads\/2024\/07\/DSC_9521-768x509.jpg 768w, https:\/\/altgsgrebenstein.de\/wp-content\/uploads\/2024\/07\/DSC_9521-1536x1017.jpg 1536w, https:\/\/altgsgrebenstein.de\/wp-content\/uploads\/2024\/07\/DSC_9521-2048x1356.jpg 2048w\" sizes=\"(max-width: 604px) 100vw, 604px\" \/><\/p>\n<p>Lilly Mackewitz, die nun zum letzten Mal an diesem Abend als Schulsprecherin f\u00fcr die SV sprach, hob die SV Arbeit als eine f\u00fcr sie pr\u00e4gende Arbeit hervor. \u201eEs ist ein Geben und Nehmen\u201c, so Lilly. Sie bedankte sich bei den SV-Lehrern Sascha Lackner und Eva Thiemann-G\u00f6ring und besonders bei den beiden Hausmeistern und den Mensafrauen. Lilly Mackewitz w\u00fcnscht sich f\u00fcr alle Abg\u00e4ngerinnen und Abg\u00e4nger, dass sie mit Stolz, Freude und Zuversicht in die Zukunft blicken.<\/p>\n<p>SV-Arbeit sei Ehrenamt und heute nicht mehr selbstverst\u00e4ndlich, es trage die Gesellschaft und sei wichtig f\u00fcr deren Fortbestand, so lobte SV-Lehrer Sascha Lackner das SV-Team, bestehend aus Sch\u00fclerinnen der G10a und G10b. Man habe wichtige Dinge, wie \u201eSchule ohne Rassismus\u201c oder die Nikolaus-Aktion, deren Erl\u00f6se an den Verein \u201eKleine Riesen\u201c ginge, auf den Weg gebracht. Ein gro\u00dfer Dank ging an das Team.<\/p>\n<p>Ehrungen der Besten d\u00fcrfen nicht fehlen und so erhielten sieben Sch\u00fclerinnen und Sch\u00fcler ein kleines Geschenk f\u00fcr ihre au\u00dferordentlichen Abschlussleistungen.<\/p>\n<p><img decoding=\"async\" class=\"size-large wp-image-17003\" src=\"http:\/\/altgsgrebenstein.de\/wp-content\/uploads\/2024\/07\/DSC_9578-1024x678.jpg\" alt=\"\" width=\"604\" height=\"400\" srcset=\"https:\/\/altgsgrebenstein.de\/wp-content\/uploads\/2024\/07\/DSC_9578-1024x678.jpg 1024w, https:\/\/altgsgrebenstein.de\/wp-content\/uploads\/2024\/07\/DSC_9578-300x199.jpg 300w, https:\/\/altgsgrebenstein.de\/wp-content\/uploads\/2024\/07\/DSC_9578-768x509.jpg 768w, https:\/\/altgsgrebenstein.de\/wp-content\/uploads\/2024\/07\/DSC_9578-1536x1017.jpg 1536w, https:\/\/altgsgrebenstein.de\/wp-content\/uploads\/2024\/07\/DSC_9578-2048x1356.jpg 2048w\" sizes=\"(max-width: 604px) 100vw, 604px\" \/><\/p>\n<p>Im Gymnasialzweig erzielten Maya M\u00f6ller mit 1,1 und Lena Garus mit 1,2 herausragende Abschlussnoten. Ihre Realschulabschl\u00fcsse schafften Maximilian Schaaf mit der Note 1,5, Eike Pfannkuche mit 1,6 und Monawareh Karizadeh mit 1,6 und im H-Zweig erreichte Armani Fehratovic seinen Abschluss mit 2.0 und Abdel Karim mit 2,1. Kr\u00e4ftiger Applaus f\u00fcr diese Leistungen.<\/p>\n<p><img decoding=\"async\" class=\"size-large wp-image-17004\" src=\"http:\/\/altgsgrebenstein.de\/wp-content\/uploads\/2024\/07\/DSC_9581-1024x678.jpg\" alt=\"\" width=\"604\" height=\"400\" srcset=\"https:\/\/altgsgrebenstein.de\/wp-content\/uploads\/2024\/07\/DSC_9581-1024x678.jpg 1024w, https:\/\/altgsgrebenstein.de\/wp-content\/uploads\/2024\/07\/DSC_9581-300x199.jpg 300w, https:\/\/altgsgrebenstein.de\/wp-content\/uploads\/2024\/07\/DSC_9581-768x509.jpg 768w, https:\/\/altgsgrebenstein.de\/wp-content\/uploads\/2024\/07\/DSC_9581-1536x1017.jpg 1536w, https:\/\/altgsgrebenstein.de\/wp-content\/uploads\/2024\/07\/DSC_9581-2048x1356.jpg 2048w\" sizes=\"(max-width: 604px) 100vw, 604px\" \/><\/p>\n<p>Lena Garus wurde auch als langj\u00e4hrige Schulsanit\u00e4terin gegehrt. Die Schule verliert mit dem Weggang von Lena eine \u201ePers\u00f6nlichkeit\u201c, die ihresgleichen sucht. Lena war der Motor der HGS-Schulsanit\u00e4ter, sie verf\u00fcgt \u00fcber ein immenses Wissen und konnte sogar Sch\u00fclerinnen und Sch\u00fcler fortbilden.<\/p>\n<p>Schulsozialarbeiterin Evelyn Gartung ehrte \u201eihre\u201c Sch\u00fclerpaten. Zu ihnen habe sie ein ganz besonders Verh\u00e4ltnis, denn mit diesem Jahrgang sei sie an die HGS gekommen und an ihnen und mit ihnen in ihrem Beruf gewachsen. Die Sch\u00fclerinnen und Sch\u00fcler der beiden G10er seinen daher etwas ganz Besonderes f\u00fcr sie und sie k\u00f6nne eine gro\u00dfe Abschiedstraurigkeit nicht verbergen. Gro\u00dfer Dank und langer Applaus!<\/p>\n<p><img decoding=\"async\" class=\"size-large wp-image-17005\" src=\"http:\/\/altgsgrebenstein.de\/wp-content\/uploads\/2024\/07\/DSC_9585-1024x678.jpg\" alt=\"\" width=\"604\" height=\"400\" srcset=\"https:\/\/altgsgrebenstein.de\/wp-content\/uploads\/2024\/07\/DSC_9585-1024x678.jpg 1024w, https:\/\/altgsgrebenstein.de\/wp-content\/uploads\/2024\/07\/DSC_9585-300x199.jpg 300w, https:\/\/altgsgrebenstein.de\/wp-content\/uploads\/2024\/07\/DSC_9585-768x509.jpg 768w, https:\/\/altgsgrebenstein.de\/wp-content\/uploads\/2024\/07\/DSC_9585-1536x1017.jpg 1536w, https:\/\/altgsgrebenstein.de\/wp-content\/uploads\/2024\/07\/DSC_9585-2048x1356.jpg 2048w\" sizes=\"(max-width: 604px) 100vw, 604px\" \/><\/p>\n<p>Fast am Schluss durfte die Ehrung der Sch\u00fclerin Charlotte Lefebvre nicht fehlen. Sportfachbereichsleiter Robin G\u00f6ring stellte sie als eine Person mit au\u00dferordentlichen sportlichen Leistungen und einem hohen sozialen Engagement vor. \u201eSie l\u00e4uft die 800m in 2,4 Min. Das schafft heute vielleicht nur noch Herr Lackner\u201c, erl\u00e4uterte Robin G\u00f6ring schmunzelnd.<\/p>\n<p><img decoding=\"async\" class=\"size-large wp-image-17006\" src=\"http:\/\/altgsgrebenstein.de\/wp-content\/uploads\/2024\/07\/DSC_9518-1024x678.jpg\" alt=\"\" width=\"604\" height=\"400\" srcset=\"https:\/\/altgsgrebenstein.de\/wp-content\/uploads\/2024\/07\/DSC_9518-1024x678.jpg 1024w, https:\/\/altgsgrebenstein.de\/wp-content\/uploads\/2024\/07\/DSC_9518-300x199.jpg 300w, https:\/\/altgsgrebenstein.de\/wp-content\/uploads\/2024\/07\/DSC_9518-768x509.jpg 768w, https:\/\/altgsgrebenstein.de\/wp-content\/uploads\/2024\/07\/DSC_9518-1536x1017.jpg 1536w, https:\/\/altgsgrebenstein.de\/wp-content\/uploads\/2024\/07\/DSC_9518-2048x1356.jpg 2048w\" sizes=\"(max-width: 604px) 100vw, 604px\" \/><\/p>\n<p>Ganz am Schluss spielte die Schulband Nenas \u201e99 Luftballon\u201c. Alle kamen zum gro\u00dfen Finale auf die B\u00fchne und die Moderatoren konnten das 1:1 im Deutschland \u2013 Spanien-Spiel verk\u00fcnden.<\/p>\n<p><img decoding=\"async\" class=\"size-large wp-image-17007\" src=\"http:\/\/altgsgrebenstein.de\/wp-content\/uploads\/2024\/07\/DSC_9612-1024x678.jpg\" alt=\"\" width=\"604\" height=\"400\" srcset=\"https:\/\/altgsgrebenstein.de\/wp-content\/uploads\/2024\/07\/DSC_9612-1024x678.jpg 1024w, https:\/\/altgsgrebenstein.de\/wp-content\/uploads\/2024\/07\/DSC_9612-300x199.jpg 300w, https:\/\/altgsgrebenstein.de\/wp-content\/uploads\/2024\/07\/DSC_9612-768x509.jpg 768w, https:\/\/altgsgrebenstein.de\/wp-content\/uploads\/2024\/07\/DSC_9612-1536x1017.jpg 1536w, https:\/\/altgsgrebenstein.de\/wp-content\/uploads\/2024\/07\/DSC_9612-2048x1356.jpg 2048w\" sizes=\"(max-width: 604px) 100vw, 604px\" \/><\/p>\n<p>&nbsp;<\/p>\n<p><img decoding=\"async\" class=\"size-large wp-image-17008\" src=\"http:\/\/altgsgrebenstein.de\/wp-content\/uploads\/2024\/07\/DSC_9606-1024x678.jpg\" alt=\"\" width=\"604\" height=\"400\" srcset=\"https:\/\/altgsgrebenstein.de\/wp-content\/uploads\/2024\/07\/DSC_9606-1024x678.jpg 1024w, https:\/\/altgsgrebenstein.de\/wp-content\/uploads\/2024\/07\/DSC_9606-300x199.jpg 300w, https:\/\/altgsgrebenstein.de\/wp-content\/uploads\/2024\/07\/DSC_9606-768x509.jpg 768w, https:\/\/altgsgrebenstein.de\/wp-content\/uploads\/2024\/07\/DSC_9606-1536x1017.jpg 1536w, https:\/\/altgsgrebenstein.de\/wp-content\/uploads\/2024\/07\/DSC_9606-2048x1356.jpg 2048w\" sizes=\"(max-width: 604px) 100vw, 604px\" \/><\/p>\n<p>Mit Feierlaune ging es in den Innenhof der Mensa, wo Bratwurst, Getr\u00e4nke und eine Video-Leinwand bereits warteten.<\/p>\n<p>&nbsp;<\/p>\n<p>RHB<\/p>\n","protected":false},"excerpt":{"rendered":"<p>Dieser Abend war ein ganz besonderer, denn es wurden nicht nur die Abgangsklassen der HGS entlassen und nat\u00fcrlich auch wie jedes Jahr geb\u00fchrend gefeiert. Parallel spielte die deutsche Nationalelf gegen Spanien und das darf man nicht untersch\u00e4tzen, denn fast alle Anwesenden waren im EM-Fieber. Wohlwissend wie das Interesse an diesem Abend an der EM war, &hellip; <a href=\"https:\/\/altgsgrebenstein.de\/?p=16996\" class=\"more-link\"><span class=\"screen-reader-text\">HGS feiert den Abschied der Abg\u00e4nger 2024<\/span> weiterlesen <span class=\"meta-nav\">&rarr;<\/span><\/a><\/p>\n","protected":false},"author":28,"featured_media":0,"comment_status":"closed","ping_status":"closed","sticky":false,"template":"","format":"standard","meta":{"saved_in_kubio":false,"footnotes":""},"categories":[1],"tags":[],"class_list":["post-16996","post","type-post","status-publish","format-standard","hentry","category-uncategorized"],"_links":{"self":[{"href":"https:\/\/altgsgrebenstein.de\/index.php?rest_route=\/wp\/v2\/posts\/16996","targetHints":{"allow":["GET"]}}],"collection":[{"href":"https:\/\/altgsgrebenstein.de\/index.php?rest_route=\/wp\/v2\/posts"}],"about":[{"href":"https:\/\/altgsgrebenstein.de\/index.php?rest_route=\/wp\/v2\/types\/post"}],"author":[{"embeddable":true,"href":"https:\/\/altgsgrebenstein.de\/index.php?rest_route=\/wp\/v2\/users\/28"}],"replies":[{"embeddable":true,"href":"https:\/\/altgsgrebenstein.de\/index.php?rest_route=%2Fwp%2Fv2%2Fcomments&post=16996"}],"version-history":[{"count":5,"href":"https:\/\/altgsgrebenstein.de\/index.php?rest_route=\/wp\/v2\/posts\/16996\/revisions"}],"predecessor-version":[{"id":17026,"href":"https:\/\/altgsgrebenstein.de\/index.php?rest_route=\/wp\/v2\/posts\/16996\/revisions\/17026"}],"wp:attachment":[{"href":"https:\/\/altgsgrebenstein.de\/index.php?rest_route=%2Fwp%2Fv2%2Fmedia&parent=16996"}],"wp:term":[{"taxonomy":"category","embeddable":true,"href":"https:\/\/altgsgrebenstein.de\/index.php?rest_route=%2Fwp%2Fv2%2Fcategories&post=16996"},{"taxonomy":"post_tag","embeddable":true,"href":"https:\/\/altgsgrebenstein.de\/index.php?rest_route=%2Fwp%2Fv2%2Ftags&post=16996"}],"curies":[{"name":"wp","href":"https:\/\/api.w.org\/{rel}","templated":true}]}}