{"id":16952,"date":"2024-06-23T11:02:40","date_gmt":"2024-06-23T10:02:40","guid":{"rendered":"http:\/\/altgsgrebenstein.de\/?p=16952"},"modified":"2024-06-23T11:02:40","modified_gmt":"2024-06-23T10:02:40","slug":"ausflug-der-projektgruppe-begabungsfoerderung-zum-futurespace-kassel","status":"publish","type":"post","link":"https:\/\/altgsgrebenstein.de\/?p=16952","title":{"rendered":"Ausflug der Projektgruppe Begabungsf\u00f6rderung zum FutureSpace Kassel"},"content":{"rendered":"<p>Der Weltraum, unendliche Weiten. Dass dies nicht nur ein ber\u00fchmter Eingangssatz einer nicht minder ber\u00fchmten Fernsehserie, sondern Realit\u00e4t ist, war f\u00fcr die Arbeit der Projektgruppe Begabungsf\u00f6rderung in den letzten Wochen pr\u00e4gend. Im Laufe der letzten Jahrzehnte gab es immer wieder bahnbrechende Entdeckungen und Durchbr\u00fcche in unserem Universum, darunter auch die erste radioteleskopische Aufnahme eines Schwarzen Lochs im Jahr 2019 (\u201eM87\u201c) sowie 2022 (\u201eSagittarius A*\u201c). Ausgehend vom Wunsch der Gruppe, sich umfassender mit Schwarzen L\u00f6chern zu besch\u00e4ftigen, bereiteten die Sch\u00fclerinnen und Sch\u00fcler der Jahrg\u00e4nge 6, 7, 8 und 9 Impulsreferate zu Themen wie Gravitation, dem Lebenszyklus von Sternen, unserer Galaxie sowie Exoplaneten vor.<\/p>\n<p><img decoding=\"async\" class=\"alignnone size-large wp-image-16954\" src=\"http:\/\/altgsgrebenstein.de\/wp-content\/uploads\/2024\/06\/IMG_2749-768x1024.jpeg\" alt=\"\" width=\"604\" height=\"805\" srcset=\"https:\/\/altgsgrebenstein.de\/wp-content\/uploads\/2024\/06\/IMG_2749-768x1024.jpeg 768w, https:\/\/altgsgrebenstein.de\/wp-content\/uploads\/2024\/06\/IMG_2749-225x300.jpeg 225w, https:\/\/altgsgrebenstein.de\/wp-content\/uploads\/2024\/06\/IMG_2749-1152x1536.jpeg 1152w, https:\/\/altgsgrebenstein.de\/wp-content\/uploads\/2024\/06\/IMG_2749-1536x2048.jpeg 1536w, https:\/\/altgsgrebenstein.de\/wp-content\/uploads\/2024\/06\/IMG_2749-scaled.jpeg 1920w\" sizes=\"(max-width: 604px) 100vw, 604px\" \/><\/p>\n<p>Mit diesem Wissen nahmen die Sch\u00fcler anschlie\u00dfend an einem Workshop im FutureSpace Kassel zum Thema \u201eSchwarze L\u00f6cher\u201c teil. Hier arbeiteten die Sch\u00fcler vor allem an den Themen Entstehung und Ausbreitung von Galaxien, Planetensystemen und Sternen. Mithilfe von computergest\u00fctzten, virtuellen Teleskopen konnten die Lernenden ferne Galaxien entdecken und klassifizieren, bis zum Zentrum unserer Galaxie vorsto\u00dfen und das Schwarze Loch \u201eSagittarius A*\u201c n\u00e4her untersuchen.<\/p>\n<p><img decoding=\"async\" class=\"alignnone size-large wp-image-16955\" src=\"http:\/\/altgsgrebenstein.de\/wp-content\/uploads\/2024\/06\/IMG_2752-768x1024.jpeg\" alt=\"\" width=\"604\" height=\"805\" srcset=\"https:\/\/altgsgrebenstein.de\/wp-content\/uploads\/2024\/06\/IMG_2752-768x1024.jpeg 768w, https:\/\/altgsgrebenstein.de\/wp-content\/uploads\/2024\/06\/IMG_2752-225x300.jpeg 225w, https:\/\/altgsgrebenstein.de\/wp-content\/uploads\/2024\/06\/IMG_2752-1152x1536.jpeg 1152w, https:\/\/altgsgrebenstein.de\/wp-content\/uploads\/2024\/06\/IMG_2752-1536x2048.jpeg 1536w, https:\/\/altgsgrebenstein.de\/wp-content\/uploads\/2024\/06\/IMG_2752-scaled.jpeg 1920w\" sizes=\"(max-width: 604px) 100vw, 604px\" \/><\/p>\n<figure id=\"attachment_16956\" aria-describedby=\"caption-attachment-16956\" style=\"width: 490px\" class=\"wp-caption aligncenter\"><img decoding=\"async\" class=\"wp-image-16956 size-full\" src=\"http:\/\/altgsgrebenstein.de\/wp-content\/uploads\/2024\/06\/SgrA2021.gif\" alt=\"\" width=\"490\" height=\"546\" \/><figcaption id=\"caption-attachment-16956\" class=\"wp-caption-text\"><span style=\"font-size: 12pt\">Umlaufbahn der Sterne um Sagittarius A*, beobachtet 2021 (Quelle: ESO\/GRAVITY collaboration\/L. Cal\u00e7ada, CC BY 4.0, https:\/\/commons.wikimedia.org\/w\/index.php?curid=113389508)<\/span><\/figcaption><\/figure>\n<p><img decoding=\"async\" class=\"alignnone size-full wp-image-16957\" src=\"http:\/\/altgsgrebenstein.de\/wp-content\/uploads\/2024\/06\/Sagittarius_Astar_in_polarised_light.tiff\" alt=\"\" \/><img decoding=\"async\" class=\"alignnone size-full wp-image-16957\" src=\"http:\/\/altgsgrebenstein.de\/wp-content\/uploads\/2024\/06\/Sagittarius_Astar_in_polarised_light.tiff\" alt=\"\" \/><\/p>\n<figure id=\"attachment_16958\" aria-describedby=\"caption-attachment-16958\" style=\"width: 604px\" class=\"wp-caption alignnone\"><img decoding=\"async\" class=\"size-large wp-image-16958\" src=\"http:\/\/altgsgrebenstein.de\/wp-content\/uploads\/2024\/06\/lossy-page1-1080px-Sagittarius_Astar_in_polarised_light.tif-1024x1024.jpg\" alt=\"\" width=\"604\" height=\"604\" srcset=\"https:\/\/altgsgrebenstein.de\/wp-content\/uploads\/2024\/06\/lossy-page1-1080px-Sagittarius_Astar_in_polarised_light.tif-1024x1024.jpg 1024w, https:\/\/altgsgrebenstein.de\/wp-content\/uploads\/2024\/06\/lossy-page1-1080px-Sagittarius_Astar_in_polarised_light.tif-300x300.jpg 300w, https:\/\/altgsgrebenstein.de\/wp-content\/uploads\/2024\/06\/lossy-page1-1080px-Sagittarius_Astar_in_polarised_light.tif-150x150.jpg 150w, https:\/\/altgsgrebenstein.de\/wp-content\/uploads\/2024\/06\/lossy-page1-1080px-Sagittarius_Astar_in_polarised_light.tif-768x768.jpg 768w, https:\/\/altgsgrebenstein.de\/wp-content\/uploads\/2024\/06\/lossy-page1-1080px-Sagittarius_Astar_in_polarised_light.tif.jpg 1080w\" sizes=\"(max-width: 604px) 100vw, 604px\" \/><figcaption id=\"caption-attachment-16958\" class=\"wp-caption-text\"><span style=\"font-size: 12pt\">Polarisierte Ansicht des schwarzen Lochs der Milchstra\u00dfe. Die \u00fcberlagerten Linien auf diesem Bild markieren die Polarisationsrichtung, die mit dem Magnetfeld um den Schatten des schwarzen Lochs zusammenh\u00e4ngt (Quelle: EHT Collaboration, CC BY 4.0, https:\/\/commons.wikimedia.org\/w\/index.php?curid=146824696).<\/span><\/figcaption><\/figure>\n<p>Auch wenn es sich um ein anspruchsvolles Thema handelte, hatten die Sch\u00fcler viel Spa\u00df und die gesamte Projektgruppe \u2013 Sch\u00fcler wie Lehrer \u2013 einen gro\u00dfen Wissenszuwachs und eine neue Perspektive auf die unendlichen Weiten des Weltraums gewonnen. Dies war sicher nicht unser letzter Abstecher in das Universum.<\/p>\n<p><img decoding=\"async\" class=\"alignnone size-large wp-image-16953\" src=\"http:\/\/altgsgrebenstein.de\/wp-content\/uploads\/2024\/06\/IMG_2744-1024x768.jpeg\" alt=\"\" width=\"604\" height=\"453\" srcset=\"https:\/\/altgsgrebenstein.de\/wp-content\/uploads\/2024\/06\/IMG_2744-1024x768.jpeg 1024w, https:\/\/altgsgrebenstein.de\/wp-content\/uploads\/2024\/06\/IMG_2744-300x225.jpeg 300w, https:\/\/altgsgrebenstein.de\/wp-content\/uploads\/2024\/06\/IMG_2744-768x576.jpeg 768w, https:\/\/altgsgrebenstein.de\/wp-content\/uploads\/2024\/06\/IMG_2744-1536x1152.jpeg 1536w, https:\/\/altgsgrebenstein.de\/wp-content\/uploads\/2024\/06\/IMG_2744-2048x1536.jpeg 2048w\" sizes=\"(max-width: 604px) 100vw, 604px\" \/><\/p>\n<p><em>Wilhelm Uebach<\/em><\/p>\n","protected":false},"excerpt":{"rendered":"<p>Der Weltraum, unendliche Weiten. Dass dies nicht nur ein ber\u00fchmter Eingangssatz einer nicht minder ber\u00fchmten Fernsehserie, sondern Realit\u00e4t ist, war f\u00fcr die Arbeit der Projektgruppe Begabungsf\u00f6rderung in den letzten Wochen pr\u00e4gend. Im Laufe der letzten Jahrzehnte gab es immer wieder bahnbrechende Entdeckungen und Durchbr\u00fcche in unserem Universum, darunter auch die erste radioteleskopische Aufnahme eines Schwarzen &hellip; <a href=\"https:\/\/altgsgrebenstein.de\/?p=16952\" class=\"more-link\"><span class=\"screen-reader-text\">Ausflug der Projektgruppe Begabungsf\u00f6rderung zum FutureSpace Kassel<\/span> weiterlesen <span class=\"meta-nav\">&rarr;<\/span><\/a><\/p>\n","protected":false},"author":36,"featured_media":0,"comment_status":"closed","ping_status":"closed","sticky":false,"template":"","format":"standard","meta":{"saved_in_kubio":false,"footnotes":""},"categories":[1],"tags":[],"class_list":["post-16952","post","type-post","status-publish","format-standard","hentry","category-uncategorized"],"_links":{"self":[{"href":"https:\/\/altgsgrebenstein.de\/index.php?rest_route=\/wp\/v2\/posts\/16952","targetHints":{"allow":["GET"]}}],"collection":[{"href":"https:\/\/altgsgrebenstein.de\/index.php?rest_route=\/wp\/v2\/posts"}],"about":[{"href":"https:\/\/altgsgrebenstein.de\/index.php?rest_route=\/wp\/v2\/types\/post"}],"author":[{"embeddable":true,"href":"https:\/\/altgsgrebenstein.de\/index.php?rest_route=\/wp\/v2\/users\/36"}],"replies":[{"embeddable":true,"href":"https:\/\/altgsgrebenstein.de\/index.php?rest_route=%2Fwp%2Fv2%2Fcomments&post=16952"}],"version-history":[{"count":5,"href":"https:\/\/altgsgrebenstein.de\/index.php?rest_route=\/wp\/v2\/posts\/16952\/revisions"}],"predecessor-version":[{"id":16963,"href":"https:\/\/altgsgrebenstein.de\/index.php?rest_route=\/wp\/v2\/posts\/16952\/revisions\/16963"}],"wp:attachment":[{"href":"https:\/\/altgsgrebenstein.de\/index.php?rest_route=%2Fwp%2Fv2%2Fmedia&parent=16952"}],"wp:term":[{"taxonomy":"category","embeddable":true,"href":"https:\/\/altgsgrebenstein.de\/index.php?rest_route=%2Fwp%2Fv2%2Fcategories&post=16952"},{"taxonomy":"post_tag","embeddable":true,"href":"https:\/\/altgsgrebenstein.de\/index.php?rest_route=%2Fwp%2Fv2%2Ftags&post=16952"}],"curies":[{"name":"wp","href":"https:\/\/api.w.org\/{rel}","templated":true}]}}