{"id":16924,"date":"2024-06-15T02:26:38","date_gmt":"2024-06-15T01:26:38","guid":{"rendered":"http:\/\/altgsgrebenstein.de\/?p=16924"},"modified":"2024-09-08T11:09:24","modified_gmt":"2024-09-08T10:09:24","slug":"groetjes-aus-amsterdam","status":"publish","type":"post","link":"https:\/\/altgsgrebenstein.de\/?p=16924","title":{"rendered":"Groetjes aus Amsterdam!"},"content":{"rendered":"<p style=\"text-align: justify;\"><img decoding=\"async\" class=\"alignnone size-full wp-image-16925\" src=\"http:\/\/altgsgrebenstein.de\/wp-content\/uploads\/2024\/06\/IMG_2576-scaled.jpg\" alt=\"\" width=\"2560\" height=\"2001\" srcset=\"https:\/\/altgsgrebenstein.de\/wp-content\/uploads\/2024\/06\/IMG_2576-scaled.jpg 2560w, https:\/\/altgsgrebenstein.de\/wp-content\/uploads\/2024\/06\/IMG_2576-300x234.jpg 300w, https:\/\/altgsgrebenstein.de\/wp-content\/uploads\/2024\/06\/IMG_2576-1024x800.jpg 1024w, https:\/\/altgsgrebenstein.de\/wp-content\/uploads\/2024\/06\/IMG_2576-768x600.jpg 768w, https:\/\/altgsgrebenstein.de\/wp-content\/uploads\/2024\/06\/IMG_2576-1536x1201.jpg 1536w, https:\/\/altgsgrebenstein.de\/wp-content\/uploads\/2024\/06\/IMG_2576-2048x1601.jpg 2048w\" sizes=\"(max-width: 2560px) 100vw, 2560px\" \/> Zum Ende ihrer Schulzeit an der Heinrich-Grupe-Schule unternahm die Klasse G10b mit ihren Lehrkr\u00e4ften Christiane Melzer und Dirk Weidmann ihre Abschlussfahrt nach Amsterdam. Kulturell hat die niederl\u00e4ndische Gro\u00dfstadt viel zu bieten \u2013 und so hatte die Lerngruppe im Vorfeld die Qual der Wahl bei der Auswahl der verschiedenen Programmpunkte f\u00fcr ihren Aufenthalt, den sie in Eigenregie plante.<\/p>\n<p style=\"text-align: justify;\">Nach einem durch Starkregen notgedrungen improvisierten Start spielte das Wetter gl\u00fccklicherweise rasch immer mehr mit und erlaubte am letzten Tag des Aufenthaltes sogar einen Strandtag im nahegelegenen Zandvoort, bei dem sich alle Teilnehmer:innen noch einmal die frische Nordseeluft um die Nase wehen lassen konnten. An den \u00fcbrigen Tagen wurden u.a. das ber\u00fchmte Rijksmuseum, das Van-Gogh-Museum, das nationale Schifffahrtsmuseum sowie die weltweit einmalige \u201eMicropia\u201c-Ausstellung \u2013 ein interaktives Museum f\u00fcr mikrobiologische Lebewesen \u2013 besucht. Auf diese Weise vertieften die Sch\u00fcler:innen ihr Wissen in den Bereichen Kunst, Geschichte und Biologie.<\/p>\n<table style=\"border-collapse: collapse; width: 100%;\">\n<tbody>\n<tr>\n<td style=\"width: 50%;\"><img decoding=\"async\" class=\"alignnone size-full wp-image-16927\" src=\"http:\/\/altgsgrebenstein.de\/wp-content\/uploads\/2024\/06\/IMG_5586-scaled.jpg\" alt=\"\" width=\"1920\" height=\"2560\" srcset=\"https:\/\/altgsgrebenstein.de\/wp-content\/uploads\/2024\/06\/IMG_5586-scaled.jpg 1920w, https:\/\/altgsgrebenstein.de\/wp-content\/uploads\/2024\/06\/IMG_5586-225x300.jpg 225w, https:\/\/altgsgrebenstein.de\/wp-content\/uploads\/2024\/06\/IMG_5586-768x1024.jpg 768w, https:\/\/altgsgrebenstein.de\/wp-content\/uploads\/2024\/06\/IMG_5586-1152x1536.jpg 1152w, https:\/\/altgsgrebenstein.de\/wp-content\/uploads\/2024\/06\/IMG_5586-1536x2048.jpg 1536w\" sizes=\"(max-width: 1920px) 100vw, 1920px\" \/><\/td>\n<td style=\"width: 50%;\"><img decoding=\"async\" class=\"alignnone size-full wp-image-16928\" src=\"http:\/\/altgsgrebenstein.de\/wp-content\/uploads\/2024\/06\/IMG_9633-scaled.jpg\" alt=\"\" width=\"1920\" height=\"2560\" srcset=\"https:\/\/altgsgrebenstein.de\/wp-content\/uploads\/2024\/06\/IMG_9633-scaled.jpg 1920w, https:\/\/altgsgrebenstein.de\/wp-content\/uploads\/2024\/06\/IMG_9633-225x300.jpg 225w, https:\/\/altgsgrebenstein.de\/wp-content\/uploads\/2024\/06\/IMG_9633-768x1024.jpg 768w, https:\/\/altgsgrebenstein.de\/wp-content\/uploads\/2024\/06\/IMG_9633-1152x1536.jpg 1152w, https:\/\/altgsgrebenstein.de\/wp-content\/uploads\/2024\/06\/IMG_9633-1536x2048.jpg 1536w\" sizes=\"(max-width: 1920px) 100vw, 1920px\" \/><\/td>\n<\/tr>\n<tr>\n<td style=\"width: 50%;\"><img decoding=\"async\" class=\"alignnone size-full wp-image-16930\" src=\"http:\/\/altgsgrebenstein.de\/wp-content\/uploads\/2024\/06\/IMG_9660-scaled.jpg\" alt=\"\" width=\"2560\" height=\"1920\" srcset=\"https:\/\/altgsgrebenstein.de\/wp-content\/uploads\/2024\/06\/IMG_9660-scaled.jpg 2560w, https:\/\/altgsgrebenstein.de\/wp-content\/uploads\/2024\/06\/IMG_9660-300x225.jpg 300w, https:\/\/altgsgrebenstein.de\/wp-content\/uploads\/2024\/06\/IMG_9660-1024x768.jpg 1024w, https:\/\/altgsgrebenstein.de\/wp-content\/uploads\/2024\/06\/IMG_9660-768x576.jpg 768w, https:\/\/altgsgrebenstein.de\/wp-content\/uploads\/2024\/06\/IMG_9660-1536x1152.jpg 1536w, https:\/\/altgsgrebenstein.de\/wp-content\/uploads\/2024\/06\/IMG_9660-2048x1536.jpg 2048w\" sizes=\"(max-width: 2560px) 100vw, 2560px\" \/><\/td>\n<td style=\"width: 50%;\"><img decoding=\"async\" class=\"alignnone size-full wp-image-16937\" src=\"http:\/\/altgsgrebenstein.de\/wp-content\/uploads\/2024\/06\/146.jpg\" alt=\"\" width=\"698\" height=\"532\" srcset=\"https:\/\/altgsgrebenstein.de\/wp-content\/uploads\/2024\/06\/146.jpg 698w, https:\/\/altgsgrebenstein.de\/wp-content\/uploads\/2024\/06\/146-300x229.jpg 300w\" sizes=\"(max-width: 698px) 100vw, 698px\" \/><\/td>\n<\/tr>\n<\/tbody>\n<\/table>\n<p style=\"text-align: justify;\">In den Abendstunden lernten die Sch\u00fcler:innen das malerische Amsterdam in Form eines Nachtspaziergangs entlang der Grachten kennen und genossen die gemeinsame Zeit beim Bowling- und Neon-Minigolf-Spielen.<\/p>\n<table style=\"border-collapse: collapse; width: 100%;\">\n<tbody>\n<tr>\n<td style=\"width: 50%;\"><img decoding=\"async\" class=\"alignnone size-full wp-image-16932\" src=\"http:\/\/altgsgrebenstein.de\/wp-content\/uploads\/2024\/06\/IMG_9680-scaled.jpg\" alt=\"\" width=\"2560\" height=\"1852\" srcset=\"https:\/\/altgsgrebenstein.de\/wp-content\/uploads\/2024\/06\/IMG_9680-scaled.jpg 2560w, https:\/\/altgsgrebenstein.de\/wp-content\/uploads\/2024\/06\/IMG_9680-300x217.jpg 300w, https:\/\/altgsgrebenstein.de\/wp-content\/uploads\/2024\/06\/IMG_9680-1024x741.jpg 1024w, https:\/\/altgsgrebenstein.de\/wp-content\/uploads\/2024\/06\/IMG_9680-768x556.jpg 768w, https:\/\/altgsgrebenstein.de\/wp-content\/uploads\/2024\/06\/IMG_9680-1536x1111.jpg 1536w, https:\/\/altgsgrebenstein.de\/wp-content\/uploads\/2024\/06\/IMG_9680-2048x1482.jpg 2048w\" sizes=\"(max-width: 2560px) 100vw, 2560px\" \/><\/td>\n<td style=\"width: 50%;\"><img decoding=\"async\" class=\"alignnone size-full wp-image-16933\" src=\"http:\/\/altgsgrebenstein.de\/wp-content\/uploads\/2024\/06\/IMG_9695-scaled.jpg\" alt=\"\" width=\"2560\" height=\"1920\" srcset=\"https:\/\/altgsgrebenstein.de\/wp-content\/uploads\/2024\/06\/IMG_9695-scaled.jpg 2560w, https:\/\/altgsgrebenstein.de\/wp-content\/uploads\/2024\/06\/IMG_9695-300x225.jpg 300w, https:\/\/altgsgrebenstein.de\/wp-content\/uploads\/2024\/06\/IMG_9695-1024x768.jpg 1024w, https:\/\/altgsgrebenstein.de\/wp-content\/uploads\/2024\/06\/IMG_9695-768x576.jpg 768w, https:\/\/altgsgrebenstein.de\/wp-content\/uploads\/2024\/06\/IMG_9695-1536x1152.jpg 1536w, https:\/\/altgsgrebenstein.de\/wp-content\/uploads\/2024\/06\/IMG_9695-2048x1536.jpg 2048w\" sizes=\"(max-width: 2560px) 100vw, 2560px\" \/><\/td>\n<\/tr>\n<\/tbody>\n<\/table>\n<p style=\"text-align: justify;\">Insgesamt war die Fahrt eine wertvolle Bereicherung der Schulzeit und wird allen Beteiligten noch lange in Erinnerung bleiben. Die beiden begleitenden Lehrkr\u00e4fte danken der Klasse an dieser Stelle noch einmal f\u00fcr die gemeinsame Zeit und das gewohnt zuverl\u00e4ssige Miteinander in der Gro\u00dfstadt.<\/p>\n<p><img decoding=\"async\" class=\"alignnone size-full wp-image-16931\" src=\"http:\/\/altgsgrebenstein.de\/wp-content\/uploads\/2024\/06\/IMG_9668-scaled.jpg\" alt=\"\" width=\"2560\" height=\"1920\" srcset=\"https:\/\/altgsgrebenstein.de\/wp-content\/uploads\/2024\/06\/IMG_9668-scaled.jpg 2560w, https:\/\/altgsgrebenstein.de\/wp-content\/uploads\/2024\/06\/IMG_9668-300x225.jpg 300w, https:\/\/altgsgrebenstein.de\/wp-content\/uploads\/2024\/06\/IMG_9668-1024x768.jpg 1024w, https:\/\/altgsgrebenstein.de\/wp-content\/uploads\/2024\/06\/IMG_9668-768x576.jpg 768w, https:\/\/altgsgrebenstein.de\/wp-content\/uploads\/2024\/06\/IMG_9668-1536x1152.jpg 1536w, https:\/\/altgsgrebenstein.de\/wp-content\/uploads\/2024\/06\/IMG_9668-2048x1536.jpg 2048w\" sizes=\"(max-width: 2560px) 100vw, 2560px\" \/><\/p>\n","protected":false},"excerpt":{"rendered":"<p>Zum Ende ihrer Schulzeit an der Heinrich-Grupe-Schule unternahm die Klasse G10b mit ihren Lehrkr\u00e4ften Christiane Melzer und Dirk Weidmann ihre Abschlussfahrt nach Amsterdam. Kulturell hat die niederl\u00e4ndische Gro\u00dfstadt viel zu bieten \u2013 und so hatte die Lerngruppe im Vorfeld die Qual der Wahl bei der Auswahl der verschiedenen Programmpunkte f\u00fcr ihren Aufenthalt, den sie in &hellip; <a href=\"https:\/\/altgsgrebenstein.de\/?p=16924\" class=\"more-link\"><span class=\"screen-reader-text\">Groetjes aus Amsterdam!<\/span> weiterlesen <span class=\"meta-nav\">&rarr;<\/span><\/a><\/p>\n","protected":false},"author":22,"featured_media":0,"comment_status":"closed","ping_status":"closed","sticky":false,"template":"","format":"standard","meta":{"saved_in_kubio":false,"footnotes":""},"categories":[33,1],"tags":[],"class_list":["post-16924","post","type-post","status-publish","format-standard","hentry","category-archiv","category-uncategorized"],"_links":{"self":[{"href":"https:\/\/altgsgrebenstein.de\/index.php?rest_route=\/wp\/v2\/posts\/16924","targetHints":{"allow":["GET"]}}],"collection":[{"href":"https:\/\/altgsgrebenstein.de\/index.php?rest_route=\/wp\/v2\/posts"}],"about":[{"href":"https:\/\/altgsgrebenstein.de\/index.php?rest_route=\/wp\/v2\/types\/post"}],"author":[{"embeddable":true,"href":"https:\/\/altgsgrebenstein.de\/index.php?rest_route=\/wp\/v2\/users\/22"}],"replies":[{"embeddable":true,"href":"https:\/\/altgsgrebenstein.de\/index.php?rest_route=%2Fwp%2Fv2%2Fcomments&post=16924"}],"version-history":[{"count":3,"href":"https:\/\/altgsgrebenstein.de\/index.php?rest_route=\/wp\/v2\/posts\/16924\/revisions"}],"predecessor-version":[{"id":16940,"href":"https:\/\/altgsgrebenstein.de\/index.php?rest_route=\/wp\/v2\/posts\/16924\/revisions\/16940"}],"wp:attachment":[{"href":"https:\/\/altgsgrebenstein.de\/index.php?rest_route=%2Fwp%2Fv2%2Fmedia&parent=16924"}],"wp:term":[{"taxonomy":"category","embeddable":true,"href":"https:\/\/altgsgrebenstein.de\/index.php?rest_route=%2Fwp%2Fv2%2Fcategories&post=16924"},{"taxonomy":"post_tag","embeddable":true,"href":"https:\/\/altgsgrebenstein.de\/index.php?rest_route=%2Fwp%2Fv2%2Ftags&post=16924"}],"curies":[{"name":"wp","href":"https:\/\/api.w.org\/{rel}","templated":true}]}}