{"id":16860,"date":"2024-06-10T00:34:23","date_gmt":"2024-06-09T23:34:23","guid":{"rendered":"http:\/\/altgsgrebenstein.de\/?p=16860"},"modified":"2024-09-08T11:09:04","modified_gmt":"2024-09-08T10:09:04","slug":"juniorwahl-zur-wahl-des-europaeischen-parlaments-2024","status":"publish","type":"post","link":"https:\/\/altgsgrebenstein.de\/?p=16860","title":{"rendered":"Juniorwahl zur Wahl des Europ\u00e4ischen Parlaments 2024"},"content":{"rendered":"<p>Auch in diesem Schuljahr waren wieder 201 Sch\u00fclerinnen und Sch\u00fcler der Jahrg\u00e4nge 7, 9 und 10 dazu aufgerufen, die Wahl zum Europ\u00e4ischen Parlament am 09.06.2024 bereits zwei Tage vorher zu simulieren. <img decoding=\"async\" class=\"alignnone size-large wp-image-16861\" src=\"http:\/\/altgsgrebenstein.de\/wp-content\/uploads\/2024\/06\/20240607_084449-1024x768.jpg\" alt=\"\" width=\"604\" height=\"453\" srcset=\"https:\/\/altgsgrebenstein.de\/wp-content\/uploads\/2024\/06\/20240607_084449-1024x768.jpg 1024w, https:\/\/altgsgrebenstein.de\/wp-content\/uploads\/2024\/06\/20240607_084449-300x225.jpg 300w, https:\/\/altgsgrebenstein.de\/wp-content\/uploads\/2024\/06\/20240607_084449-768x576.jpg 768w, https:\/\/altgsgrebenstein.de\/wp-content\/uploads\/2024\/06\/20240607_084449-1536x1152.jpg 1536w, https:\/\/altgsgrebenstein.de\/wp-content\/uploads\/2024\/06\/20240607_084449-2048x1536.jpg 2048w\" sizes=\"(max-width: 604px) 100vw, 604px\" \/>W\u00e4hrend die Fachlehrerinnen und Fachlehrer die Sch\u00fcler auf die Europawahl in den Wochen zuvor inhaltlich vorbereiteten, konnten diese endlich am Freitag, den 07.06.24 zur Tat schreiten.<img decoding=\"async\" class=\"alignnone size-large wp-image-16862\" src=\"http:\/\/altgsgrebenstein.de\/wp-content\/uploads\/2024\/06\/20240607_104918-1024x768.jpg\" alt=\"\" width=\"604\" height=\"453\" srcset=\"https:\/\/altgsgrebenstein.de\/wp-content\/uploads\/2024\/06\/20240607_104918-1024x768.jpg 1024w, https:\/\/altgsgrebenstein.de\/wp-content\/uploads\/2024\/06\/20240607_104918-300x225.jpg 300w, https:\/\/altgsgrebenstein.de\/wp-content\/uploads\/2024\/06\/20240607_104918-768x576.jpg 768w, https:\/\/altgsgrebenstein.de\/wp-content\/uploads\/2024\/06\/20240607_104918-1536x1152.jpg 1536w, https:\/\/altgsgrebenstein.de\/wp-content\/uploads\/2024\/06\/20240607_104918-2048x1536.jpg 2048w\" sizes=\"(max-width: 604px) 100vw, 604px\" \/><\/p>\n<p>Im Namen des Fachbereichs danke ich den Sch\u00fclerinnen und Sch\u00fclern der R10b, die diese Wahl verl\u00e4sslich vorbereitet und durchgef\u00fchrt haben.<\/p>\n<p><img decoding=\"async\" class=\"size-large wp-image-16863\" src=\"http:\/\/altgsgrebenstein.de\/wp-content\/uploads\/2024\/06\/20240607_1057550-1024x768.jpg\" alt=\"\" width=\"604\" height=\"453\" srcset=\"https:\/\/altgsgrebenstein.de\/wp-content\/uploads\/2024\/06\/20240607_1057550-1024x768.jpg 1024w, https:\/\/altgsgrebenstein.de\/wp-content\/uploads\/2024\/06\/20240607_1057550-300x225.jpg 300w, https:\/\/altgsgrebenstein.de\/wp-content\/uploads\/2024\/06\/20240607_1057550-768x576.jpg 768w, https:\/\/altgsgrebenstein.de\/wp-content\/uploads\/2024\/06\/20240607_1057550-1536x1152.jpg 1536w, https:\/\/altgsgrebenstein.de\/wp-content\/uploads\/2024\/06\/20240607_1057550-2048x1536.jpg 2048w\" sizes=\"(max-width: 604px) 100vw, 604px\" \/><\/p>\n<p>Folgend finden Sie das Wahlergebnis der Heinrich-Grupe-Schule:<img decoding=\"async\" class=\"alignnone size-large wp-image-16865\" src=\"http:\/\/altgsgrebenstein.de\/wp-content\/uploads\/2024\/06\/Wahlergebnis-Europa-1024x625.png\" alt=\"\" width=\"604\" height=\"369\" srcset=\"https:\/\/altgsgrebenstein.de\/wp-content\/uploads\/2024\/06\/Wahlergebnis-Europa-1024x625.png 1024w, https:\/\/altgsgrebenstein.de\/wp-content\/uploads\/2024\/06\/Wahlergebnis-Europa-300x183.png 300w, https:\/\/altgsgrebenstein.de\/wp-content\/uploads\/2024\/06\/Wahlergebnis-Europa-768x468.png 768w, https:\/\/altgsgrebenstein.de\/wp-content\/uploads\/2024\/06\/Wahlergebnis-Europa-1536x937.png 1536w, https:\/\/altgsgrebenstein.de\/wp-content\/uploads\/2024\/06\/Wahlergebnis-Europa-2048x1249.png 2048w\" sizes=\"(max-width: 604px) 100vw, 604px\" \/><\/p>\n<p>Unter folgendem Link k\u00f6nnen Sie das deutschlandweite Ergebnis der Juniorwahl sehen: <a href=\"https:\/\/www.juniorwahl.de\/europa-2024.html\">https:\/\/www.juniorwahl.de\/europa-2024.html<\/a>.<\/p>\n<p>Das Projekt Juniorwahl versteht sich als eine der zentralen Initiativen zur Demokratiebildung an Schulen und wird unter anderem vom Bundesministerium f\u00fcr Familien, Senioren, Frauen und Jugend sowie der Bundeszentrale f\u00fcr politische Bildung gef\u00f6rdert. Bei der diesj\u00e4hrigen Juniorwahl haben \u00fcber 55.000 Schulen deutschlandweit teilgenommen. Sie ist damit eines der gr\u00f6\u00dften schul\u00fcbergreifenden Projekte in Deutschland und findet zu allen Landtags-, Bundestags- und Europaparlamentswahlen statt.<\/p>\n<figure id=\"attachment_16864\" aria-describedby=\"caption-attachment-16864\" style=\"width: 604px\" class=\"wp-caption alignnone\"><img decoding=\"async\" class=\"size-large wp-image-16864\" src=\"http:\/\/altgsgrebenstein.de\/wp-content\/uploads\/2024\/06\/20240607_111021-1024x768.jpg\" alt=\"\" width=\"604\" height=\"453\" srcset=\"https:\/\/altgsgrebenstein.de\/wp-content\/uploads\/2024\/06\/20240607_111021-1024x768.jpg 1024w, https:\/\/altgsgrebenstein.de\/wp-content\/uploads\/2024\/06\/20240607_111021-300x225.jpg 300w, https:\/\/altgsgrebenstein.de\/wp-content\/uploads\/2024\/06\/20240607_111021-768x576.jpg 768w, https:\/\/altgsgrebenstein.de\/wp-content\/uploads\/2024\/06\/20240607_111021-1536x1152.jpg 1536w, https:\/\/altgsgrebenstein.de\/wp-content\/uploads\/2024\/06\/20240607_111021-2048x1536.jpg 2048w\" sizes=\"(max-width: 604px) 100vw, 604px\" \/><figcaption id=\"caption-attachment-16864\" class=\"wp-caption-text\">Ausz\u00e4hlen der Stimmen<\/figcaption><\/figure>\n<p><em>Wilhelm Uebach<\/em><\/p>\n","protected":false},"excerpt":{"rendered":"<p>Auch in diesem Schuljahr waren wieder 201 Sch\u00fclerinnen und Sch\u00fcler der Jahrg\u00e4nge 7, 9 und 10 dazu aufgerufen, die Wahl zum Europ\u00e4ischen Parlament am 09.06.2024 bereits zwei Tage vorher zu simulieren. W\u00e4hrend die Fachlehrerinnen und Fachlehrer die Sch\u00fcler auf die Europawahl in den Wochen zuvor inhaltlich vorbereiteten, konnten diese endlich am Freitag, den 07.06.24 zur &hellip; <a href=\"https:\/\/altgsgrebenstein.de\/?p=16860\" class=\"more-link\"><span class=\"screen-reader-text\">Juniorwahl zur Wahl des Europ\u00e4ischen Parlaments 2024<\/span> weiterlesen <span class=\"meta-nav\">&rarr;<\/span><\/a><\/p>\n","protected":false},"author":36,"featured_media":0,"comment_status":"closed","ping_status":"closed","sticky":false,"template":"","format":"standard","meta":{"saved_in_kubio":false,"footnotes":""},"categories":[33,1],"tags":[],"class_list":["post-16860","post","type-post","status-publish","format-standard","hentry","category-archiv","category-uncategorized"],"_links":{"self":[{"href":"https:\/\/altgsgrebenstein.de\/index.php?rest_route=\/wp\/v2\/posts\/16860","targetHints":{"allow":["GET"]}}],"collection":[{"href":"https:\/\/altgsgrebenstein.de\/index.php?rest_route=\/wp\/v2\/posts"}],"about":[{"href":"https:\/\/altgsgrebenstein.de\/index.php?rest_route=\/wp\/v2\/types\/post"}],"author":[{"embeddable":true,"href":"https:\/\/altgsgrebenstein.de\/index.php?rest_route=\/wp\/v2\/users\/36"}],"replies":[{"embeddable":true,"href":"https:\/\/altgsgrebenstein.de\/index.php?rest_route=%2Fwp%2Fv2%2Fcomments&post=16860"}],"version-history":[{"count":2,"href":"https:\/\/altgsgrebenstein.de\/index.php?rest_route=\/wp\/v2\/posts\/16860\/revisions"}],"predecessor-version":[{"id":16867,"href":"https:\/\/altgsgrebenstein.de\/index.php?rest_route=\/wp\/v2\/posts\/16860\/revisions\/16867"}],"wp:attachment":[{"href":"https:\/\/altgsgrebenstein.de\/index.php?rest_route=%2Fwp%2Fv2%2Fmedia&parent=16860"}],"wp:term":[{"taxonomy":"category","embeddable":true,"href":"https:\/\/altgsgrebenstein.de\/index.php?rest_route=%2Fwp%2Fv2%2Fcategories&post=16860"},{"taxonomy":"post_tag","embeddable":true,"href":"https:\/\/altgsgrebenstein.de\/index.php?rest_route=%2Fwp%2Fv2%2Ftags&post=16860"}],"curies":[{"name":"wp","href":"https:\/\/api.w.org\/{rel}","templated":true}]}}