{"id":16853,"date":"2024-06-10T00:19:58","date_gmt":"2024-06-09T23:19:58","guid":{"rendered":"http:\/\/altgsgrebenstein.de\/?p=16853"},"modified":"2024-09-08T11:08:56","modified_gmt":"2024-09-08T10:08:56","slug":"gedenkstaettenfahrt-zum-ehem-kz-buchenwald","status":"publish","type":"post","link":"https:\/\/altgsgrebenstein.de\/?p=16853","title":{"rendered":"Gedenkst\u00e4ttenfahrt zum ehem. KZ Buchenwald"},"content":{"rendered":"<p>Am 04. Juni stand einer der wichtigsten Ausfl\u00fcge der Heinrich-Grupe-Schule an: die Gedenkst\u00e4ttenfahrt zum ehemaligen Konzentrationslager Buchenwald. Im Unterricht haben sich die Sch\u00fclerinnen und Sch\u00fcler der Abschlussklassen (H9, R10, G10) ausf\u00fchrlich mit diesem schwer ertr\u00e4glichen Teil der deutschen Geschichte besch\u00e4ftigt. Diese theoretische Besch\u00e4ftigung ersetzt jedoch niemals einen Besuch vor Ort \u2013 das, was so schwierig zu begreifen ist, ist an diesem Ort auf ersch\u00fctternde Weise begreifbar.<img decoding=\"async\" class=\"alignnone size-large wp-image-16856\" src=\"http:\/\/altgsgrebenstein.de\/wp-content\/uploads\/2024\/06\/Buchenwald-5-1024x526.jpg\" alt=\"\" width=\"604\" height=\"310\" srcset=\"https:\/\/altgsgrebenstein.de\/wp-content\/uploads\/2024\/06\/Buchenwald-5-1024x526.jpg 1024w, https:\/\/altgsgrebenstein.de\/wp-content\/uploads\/2024\/06\/Buchenwald-5-300x154.jpg 300w, https:\/\/altgsgrebenstein.de\/wp-content\/uploads\/2024\/06\/Buchenwald-5-768x395.jpg 768w, https:\/\/altgsgrebenstein.de\/wp-content\/uploads\/2024\/06\/Buchenwald-5-1536x789.jpg 1536w, https:\/\/altgsgrebenstein.de\/wp-content\/uploads\/2024\/06\/Buchenwald-5-2048x1052.jpg 2048w\" sizes=\"(max-width: 604px) 100vw, 604px\" \/><\/p>\n<p>Die Sch\u00fcler besuchten zun\u00e4chst die Dauerausstellung und nahmen anschlie\u00dfend an einer Gruppenf\u00fchrung f\u00fcr die jeweiligen Klassen teil. <img decoding=\"async\" class=\"alignnone size-large wp-image-16857\" src=\"http:\/\/altgsgrebenstein.de\/wp-content\/uploads\/2024\/06\/Buchenwald-Gruppe-1024x494.jpg\" alt=\"\" width=\"604\" height=\"291\" srcset=\"https:\/\/altgsgrebenstein.de\/wp-content\/uploads\/2024\/06\/Buchenwald-Gruppe-1024x494.jpg 1024w, https:\/\/altgsgrebenstein.de\/wp-content\/uploads\/2024\/06\/Buchenwald-Gruppe-300x145.jpg 300w, https:\/\/altgsgrebenstein.de\/wp-content\/uploads\/2024\/06\/Buchenwald-Gruppe-768x370.jpg 768w, https:\/\/altgsgrebenstein.de\/wp-content\/uploads\/2024\/06\/Buchenwald-Gruppe-1536x741.jpg 1536w, https:\/\/altgsgrebenstein.de\/wp-content\/uploads\/2024\/06\/Buchenwald-Gruppe-2048x988.jpg 2048w\" sizes=\"(max-width: 604px) 100vw, 604px\" \/> Hier wurden sie von speziell geschulten Museumsf\u00fchrern geleitet und erhielten noch einmal besondere Einblicke in das Lagerleben der H\u00e4ftlinge. Schon beim gro\u00dfen Haupttor wird man von dem in diesem Kontext menschenverachtenden Spruch \u201eJedem das Seine\u201c begr\u00fc\u00dft; anschlie\u00dfend wurden im Rundgang die verschiedenen Stationen im Leben des KZ-H\u00e4ftlings beleuchtet, welches fast ausschlie\u00dflich im noch erhaltenden Krematorium endete.<img decoding=\"async\" class=\"alignnone size-large wp-image-16855\" src=\"http:\/\/altgsgrebenstein.de\/wp-content\/uploads\/2024\/06\/Buchenwald-4-1024x473.jpg\" alt=\"\" width=\"604\" height=\"279\" srcset=\"https:\/\/altgsgrebenstein.de\/wp-content\/uploads\/2024\/06\/Buchenwald-4-1024x473.jpg 1024w, https:\/\/altgsgrebenstein.de\/wp-content\/uploads\/2024\/06\/Buchenwald-4-300x139.jpg 300w, https:\/\/altgsgrebenstein.de\/wp-content\/uploads\/2024\/06\/Buchenwald-4-768x355.jpg 768w, https:\/\/altgsgrebenstein.de\/wp-content\/uploads\/2024\/06\/Buchenwald-4-1536x710.jpg 1536w, https:\/\/altgsgrebenstein.de\/wp-content\/uploads\/2024\/06\/Buchenwald-4-2048x946.jpg 2048w\" sizes=\"(max-width: 604px) 100vw, 604px\" \/><\/p>\n<p>Die Sch\u00fcler zeigten sich beeindruckt und bewegt und werden diesen Ausflug wahrscheinlich nicht mehr vergessen. Wir danken als Schule ausdr\u00fccklich der Hessischen Landeszentrale f\u00fcr politische Bildung, die diese Fahrt gro\u00dfz\u00fcgig unterst\u00fctzt hat und diesen so wichtigen Ausflug auch in Zukunft m\u00f6glich macht.<img decoding=\"async\" class=\"alignnone size-large wp-image-16854\" src=\"http:\/\/altgsgrebenstein.de\/wp-content\/uploads\/2024\/06\/Buchenwald-2-1024x473.jpg\" alt=\"\" width=\"604\" height=\"279\" srcset=\"https:\/\/altgsgrebenstein.de\/wp-content\/uploads\/2024\/06\/Buchenwald-2-1024x473.jpg 1024w, https:\/\/altgsgrebenstein.de\/wp-content\/uploads\/2024\/06\/Buchenwald-2-300x139.jpg 300w, https:\/\/altgsgrebenstein.de\/wp-content\/uploads\/2024\/06\/Buchenwald-2-768x355.jpg 768w, https:\/\/altgsgrebenstein.de\/wp-content\/uploads\/2024\/06\/Buchenwald-2-1536x710.jpg 1536w, https:\/\/altgsgrebenstein.de\/wp-content\/uploads\/2024\/06\/Buchenwald-2-2048x946.jpg 2048w\" sizes=\"(max-width: 604px) 100vw, 604px\" \/><\/p>\n<p><em>Wilhelm Uebach<\/em><\/p>\n","protected":false},"excerpt":{"rendered":"<p>Am 04. Juni stand einer der wichtigsten Ausfl\u00fcge der Heinrich-Grupe-Schule an: die Gedenkst\u00e4ttenfahrt zum ehemaligen Konzentrationslager Buchenwald. Im Unterricht haben sich die Sch\u00fclerinnen und Sch\u00fcler der Abschlussklassen (H9, R10, G10) ausf\u00fchrlich mit diesem schwer ertr\u00e4glichen Teil der deutschen Geschichte besch\u00e4ftigt. Diese theoretische Besch\u00e4ftigung ersetzt jedoch niemals einen Besuch vor Ort \u2013 das, was so schwierig &hellip; <a href=\"https:\/\/altgsgrebenstein.de\/?p=16853\" class=\"more-link\"><span class=\"screen-reader-text\">Gedenkst\u00e4ttenfahrt zum ehem. KZ Buchenwald<\/span> weiterlesen <span class=\"meta-nav\">&rarr;<\/span><\/a><\/p>\n","protected":false},"author":36,"featured_media":0,"comment_status":"closed","ping_status":"closed","sticky":false,"template":"","format":"standard","meta":{"saved_in_kubio":false,"footnotes":""},"categories":[33,1],"tags":[],"class_list":["post-16853","post","type-post","status-publish","format-standard","hentry","category-archiv","category-uncategorized"],"_links":{"self":[{"href":"https:\/\/altgsgrebenstein.de\/index.php?rest_route=\/wp\/v2\/posts\/16853","targetHints":{"allow":["GET"]}}],"collection":[{"href":"https:\/\/altgsgrebenstein.de\/index.php?rest_route=\/wp\/v2\/posts"}],"about":[{"href":"https:\/\/altgsgrebenstein.de\/index.php?rest_route=\/wp\/v2\/types\/post"}],"author":[{"embeddable":true,"href":"https:\/\/altgsgrebenstein.de\/index.php?rest_route=\/wp\/v2\/users\/36"}],"replies":[{"embeddable":true,"href":"https:\/\/altgsgrebenstein.de\/index.php?rest_route=%2Fwp%2Fv2%2Fcomments&post=16853"}],"version-history":[{"count":3,"href":"https:\/\/altgsgrebenstein.de\/index.php?rest_route=\/wp\/v2\/posts\/16853\/revisions"}],"predecessor-version":[{"id":16868,"href":"https:\/\/altgsgrebenstein.de\/index.php?rest_route=\/wp\/v2\/posts\/16853\/revisions\/16868"}],"wp:attachment":[{"href":"https:\/\/altgsgrebenstein.de\/index.php?rest_route=%2Fwp%2Fv2%2Fmedia&parent=16853"}],"wp:term":[{"taxonomy":"category","embeddable":true,"href":"https:\/\/altgsgrebenstein.de\/index.php?rest_route=%2Fwp%2Fv2%2Fcategories&post=16853"},{"taxonomy":"post_tag","embeddable":true,"href":"https:\/\/altgsgrebenstein.de\/index.php?rest_route=%2Fwp%2Fv2%2Ftags&post=16853"}],"curies":[{"name":"wp","href":"https:\/\/api.w.org\/{rel}","templated":true}]}}