{"id":16778,"date":"2024-05-25T08:32:21","date_gmt":"2024-05-25T07:32:21","guid":{"rendered":"http:\/\/altgsgrebenstein.de\/?p=16778"},"modified":"2024-09-08T11:08:41","modified_gmt":"2024-09-08T10:08:41","slug":"impressionen-letzte-vorbereitungen-fuer-das-grosse-jubilaeum","status":"publish","type":"post","link":"https:\/\/altgsgrebenstein.de\/?p=16778","title":{"rendered":"Impressionen &#8211; Letzte Vorbereitungen f\u00fcr das gro\u00dfe Jubil\u00e4um"},"content":{"rendered":"<p>Kurz vor dem Start des feierlichen Festaktes werden an der HGS die letzten Vorbereitungen getroffen.<\/p>\n<p>Wir freuen uns auf einen sch\u00f6nen, sonnigen und ereignisreichen Tag mit Ihnen und euch!<\/p>\n<figure id=\"attachment_16779\" aria-describedby=\"caption-attachment-16779\" style=\"width: 604px\" class=\"wp-caption aligncenter\"><img decoding=\"async\" class=\"size-large wp-image-16779\" src=\"http:\/\/altgsgrebenstein.de\/wp-content\/uploads\/2024\/05\/DSC_9286-1024x678.jpg\" alt=\"\" width=\"604\" height=\"400\" srcset=\"https:\/\/altgsgrebenstein.de\/wp-content\/uploads\/2024\/05\/DSC_9286-1024x678.jpg 1024w, https:\/\/altgsgrebenstein.de\/wp-content\/uploads\/2024\/05\/DSC_9286-300x199.jpg 300w, https:\/\/altgsgrebenstein.de\/wp-content\/uploads\/2024\/05\/DSC_9286-768x509.jpg 768w, https:\/\/altgsgrebenstein.de\/wp-content\/uploads\/2024\/05\/DSC_9286-1536x1017.jpg 1536w, https:\/\/altgsgrebenstein.de\/wp-content\/uploads\/2024\/05\/DSC_9286-2048x1356.jpg 2048w\" sizes=\"(max-width: 604px) 100vw, 604px\" \/><figcaption id=\"caption-attachment-16779\" class=\"wp-caption-text\">HGS-Bilder<\/figcaption><\/figure>\n<figure id=\"attachment_16780\" aria-describedby=\"caption-attachment-16780\" style=\"width: 604px\" class=\"wp-caption aligncenter\"><img decoding=\"async\" class=\"size-large wp-image-16780\" src=\"http:\/\/altgsgrebenstein.de\/wp-content\/uploads\/2024\/05\/DSC_9289-1024x678.jpg\" alt=\"\" width=\"604\" height=\"400\" srcset=\"https:\/\/altgsgrebenstein.de\/wp-content\/uploads\/2024\/05\/DSC_9289-1024x678.jpg 1024w, https:\/\/altgsgrebenstein.de\/wp-content\/uploads\/2024\/05\/DSC_9289-300x199.jpg 300w, https:\/\/altgsgrebenstein.de\/wp-content\/uploads\/2024\/05\/DSC_9289-768x509.jpg 768w, https:\/\/altgsgrebenstein.de\/wp-content\/uploads\/2024\/05\/DSC_9289-1536x1017.jpg 1536w, https:\/\/altgsgrebenstein.de\/wp-content\/uploads\/2024\/05\/DSC_9289-2048x1356.jpg 2048w\" sizes=\"(max-width: 604px) 100vw, 604px\" \/><figcaption id=\"caption-attachment-16780\" class=\"wp-caption-text\">HGS-Bilder<\/figcaption><\/figure>\n<figure id=\"attachment_16781\" aria-describedby=\"caption-attachment-16781\" style=\"width: 604px\" class=\"wp-caption aligncenter\"><img decoding=\"async\" class=\"size-large wp-image-16781\" src=\"http:\/\/altgsgrebenstein.de\/wp-content\/uploads\/2024\/05\/DSC_9291-1024x678.jpg\" alt=\"\" width=\"604\" height=\"400\" srcset=\"https:\/\/altgsgrebenstein.de\/wp-content\/uploads\/2024\/05\/DSC_9291-1024x678.jpg 1024w, https:\/\/altgsgrebenstein.de\/wp-content\/uploads\/2024\/05\/DSC_9291-300x199.jpg 300w, https:\/\/altgsgrebenstein.de\/wp-content\/uploads\/2024\/05\/DSC_9291-768x509.jpg 768w, https:\/\/altgsgrebenstein.de\/wp-content\/uploads\/2024\/05\/DSC_9291-1536x1017.jpg 1536w, https:\/\/altgsgrebenstein.de\/wp-content\/uploads\/2024\/05\/DSC_9291-2048x1356.jpg 2048w\" sizes=\"(max-width: 604px) 100vw, 604px\" \/><figcaption id=\"caption-attachment-16781\" class=\"wp-caption-text\">HGS-Bilder<\/figcaption><\/figure>\n<figure id=\"attachment_16782\" aria-describedby=\"caption-attachment-16782\" style=\"width: 604px\" class=\"wp-caption aligncenter\"><img decoding=\"async\" class=\"size-large wp-image-16782\" src=\"http:\/\/altgsgrebenstein.de\/wp-content\/uploads\/2024\/05\/DSC_9295-1024x678.jpg\" alt=\"\" width=\"604\" height=\"400\" srcset=\"https:\/\/altgsgrebenstein.de\/wp-content\/uploads\/2024\/05\/DSC_9295-1024x678.jpg 1024w, https:\/\/altgsgrebenstein.de\/wp-content\/uploads\/2024\/05\/DSC_9295-300x199.jpg 300w, https:\/\/altgsgrebenstein.de\/wp-content\/uploads\/2024\/05\/DSC_9295-768x509.jpg 768w, https:\/\/altgsgrebenstein.de\/wp-content\/uploads\/2024\/05\/DSC_9295-1536x1017.jpg 1536w, https:\/\/altgsgrebenstein.de\/wp-content\/uploads\/2024\/05\/DSC_9295-2048x1356.jpg 2048w\" sizes=\"(max-width: 604px) 100vw, 604px\" \/><figcaption id=\"caption-attachment-16782\" class=\"wp-caption-text\">HGS-Bilder<\/figcaption><\/figure>\n<figure id=\"attachment_16783\" aria-describedby=\"caption-attachment-16783\" style=\"width: 604px\" class=\"wp-caption aligncenter\"><img decoding=\"async\" class=\"size-large wp-image-16783\" src=\"http:\/\/altgsgrebenstein.de\/wp-content\/uploads\/2024\/05\/DSC_9296-1024x678.jpg\" alt=\"\" width=\"604\" height=\"400\" srcset=\"https:\/\/altgsgrebenstein.de\/wp-content\/uploads\/2024\/05\/DSC_9296-1024x678.jpg 1024w, https:\/\/altgsgrebenstein.de\/wp-content\/uploads\/2024\/05\/DSC_9296-300x199.jpg 300w, https:\/\/altgsgrebenstein.de\/wp-content\/uploads\/2024\/05\/DSC_9296-768x509.jpg 768w, https:\/\/altgsgrebenstein.de\/wp-content\/uploads\/2024\/05\/DSC_9296-1536x1017.jpg 1536w, https:\/\/altgsgrebenstein.de\/wp-content\/uploads\/2024\/05\/DSC_9296-2048x1356.jpg 2048w\" sizes=\"(max-width: 604px) 100vw, 604px\" \/><figcaption id=\"caption-attachment-16783\" class=\"wp-caption-text\">HGS-Bilder<\/figcaption><\/figure>\n","protected":false},"excerpt":{"rendered":"<p>Kurz vor dem Start des feierlichen Festaktes werden an der HGS die letzten Vorbereitungen getroffen. Wir freuen uns auf einen sch\u00f6nen, sonnigen und ereignisreichen Tag mit Ihnen und euch!<\/p>\n","protected":false},"author":28,"featured_media":0,"comment_status":"closed","ping_status":"closed","sticky":false,"template":"","format":"standard","meta":{"saved_in_kubio":false,"footnotes":""},"categories":[33,1],"tags":[],"class_list":["post-16778","post","type-post","status-publish","format-standard","hentry","category-archiv","category-uncategorized"],"_links":{"self":[{"href":"https:\/\/altgsgrebenstein.de\/index.php?rest_route=\/wp\/v2\/posts\/16778","targetHints":{"allow":["GET"]}}],"collection":[{"href":"https:\/\/altgsgrebenstein.de\/index.php?rest_route=\/wp\/v2\/posts"}],"about":[{"href":"https:\/\/altgsgrebenstein.de\/index.php?rest_route=\/wp\/v2\/types\/post"}],"author":[{"embeddable":true,"href":"https:\/\/altgsgrebenstein.de\/index.php?rest_route=\/wp\/v2\/users\/28"}],"replies":[{"embeddable":true,"href":"https:\/\/altgsgrebenstein.de\/index.php?rest_route=%2Fwp%2Fv2%2Fcomments&post=16778"}],"version-history":[{"count":1,"href":"https:\/\/altgsgrebenstein.de\/index.php?rest_route=\/wp\/v2\/posts\/16778\/revisions"}],"predecessor-version":[{"id":16784,"href":"https:\/\/altgsgrebenstein.de\/index.php?rest_route=\/wp\/v2\/posts\/16778\/revisions\/16784"}],"wp:attachment":[{"href":"https:\/\/altgsgrebenstein.de\/index.php?rest_route=%2Fwp%2Fv2%2Fmedia&parent=16778"}],"wp:term":[{"taxonomy":"category","embeddable":true,"href":"https:\/\/altgsgrebenstein.de\/index.php?rest_route=%2Fwp%2Fv2%2Fcategories&post=16778"},{"taxonomy":"post_tag","embeddable":true,"href":"https:\/\/altgsgrebenstein.de\/index.php?rest_route=%2Fwp%2Fv2%2Ftags&post=16778"}],"curies":[{"name":"wp","href":"https:\/\/api.w.org\/{rel}","templated":true}]}}