{"id":16758,"date":"2024-05-22T20:05:40","date_gmt":"2024-05-22T19:05:40","guid":{"rendered":"http:\/\/altgsgrebenstein.de\/?p=16758"},"modified":"2024-09-08T11:08:35","modified_gmt":"2024-09-08T10:08:35","slug":"berufsorientierung-in-der-schule-das-39-cafe-beruf-an-der-hgs","status":"publish","type":"post","link":"https:\/\/altgsgrebenstein.de\/?p=16758","title":{"rendered":"Berufsorientierung in der Schule- Das 39. Caf\u00e9 Beruf an der HGS"},"content":{"rendered":"<p>Am Mittwoch, dem 22.05.2024, fand von 16-18 Uhr das 39. Caf\u00e9 Beruf statt, bei dem eingeladene Betriebe ihre Ausbildungsberufe und T\u00e4tigkeitsfelder in praxisorientierten Workshops vorstellten.<\/p>\n<p>Anwesend waren ungef\u00e4hr 70 Sch\u00fcler*innen der Klassen G8 und G9, deren Eltern und Klassen- und AL-Lehrer*innen.<\/p>\n<p>Dieses Mal stellten sich die folgenden Betriebe vor: die Volkswagen Akademie, Pfarrerin Hannah Tinnefeld und die Lungenfachklinik Immenhausen in Kooperation mit Vitos.<\/p>\n<p><img decoding=\"async\" class=\"alignnone size-medium wp-image-16760\" src=\"http:\/\/altgsgrebenstein.de\/wp-content\/uploads\/2024\/05\/IMG_4135-300x225.jpeg\" alt=\"\" width=\"300\" height=\"225\" srcset=\"https:\/\/altgsgrebenstein.de\/wp-content\/uploads\/2024\/05\/IMG_4135-300x225.jpeg 300w, https:\/\/altgsgrebenstein.de\/wp-content\/uploads\/2024\/05\/IMG_4135-1024x768.jpeg 1024w, https:\/\/altgsgrebenstein.de\/wp-content\/uploads\/2024\/05\/IMG_4135-768x576.jpeg 768w, https:\/\/altgsgrebenstein.de\/wp-content\/uploads\/2024\/05\/IMG_4135-1536x1152.jpeg 1536w, https:\/\/altgsgrebenstein.de\/wp-content\/uploads\/2024\/05\/IMG_4135-2048x1536.jpeg 2048w\" sizes=\"(max-width: 300px) 100vw, 300px\" \/><\/p>\n<p>Gegen 16.00 Uhr versammelten sich alle Teilnehmenden in der Neuen Aula und wurden von der Schulleiterin Martina Boye-Griesel begr\u00fc\u00dft, die die Bedeutung der Berufsorientierung f\u00fcr die Sch\u00fcler*innen hervorhob.<\/p>\n<p><img decoding=\"async\" class=\"alignnone size-medium wp-image-16761\" src=\"http:\/\/altgsgrebenstein.de\/wp-content\/uploads\/2024\/05\/IMG_4136-300x225.jpeg\" alt=\"\" width=\"300\" height=\"225\" srcset=\"https:\/\/altgsgrebenstein.de\/wp-content\/uploads\/2024\/05\/IMG_4136-300x225.jpeg 300w, https:\/\/altgsgrebenstein.de\/wp-content\/uploads\/2024\/05\/IMG_4136-1024x768.jpeg 1024w, https:\/\/altgsgrebenstein.de\/wp-content\/uploads\/2024\/05\/IMG_4136-768x576.jpeg 768w, https:\/\/altgsgrebenstein.de\/wp-content\/uploads\/2024\/05\/IMG_4136-1536x1152.jpeg 1536w, https:\/\/altgsgrebenstein.de\/wp-content\/uploads\/2024\/05\/IMG_4136-2048x1536.jpeg 2048w\" sizes=\"(max-width: 300px) 100vw, 300px\" \/><\/p>\n<p>Anschlie\u00dfend erkl\u00e4rten die Organisatorinnen Nina Gilfert und Merve Aydin den Ablauf. Um 16.15 Uhr begann der erste Informationsworkshop, in welchen die Teilnehmenden sich vorher im Unterricht eingew\u00e4hlt hatten und zu dem die Elternteile mitkamen.<\/p>\n<p><img decoding=\"async\" class=\"alignnone size-medium wp-image-16759\" src=\"http:\/\/altgsgrebenstein.de\/wp-content\/uploads\/2024\/05\/IMG_4134-225x300.jpeg\" alt=\"\" width=\"225\" height=\"300\" srcset=\"https:\/\/altgsgrebenstein.de\/wp-content\/uploads\/2024\/05\/IMG_4134-225x300.jpeg 225w, https:\/\/altgsgrebenstein.de\/wp-content\/uploads\/2024\/05\/IMG_4134-768x1024.jpeg 768w, https:\/\/altgsgrebenstein.de\/wp-content\/uploads\/2024\/05\/IMG_4134-1152x1536.jpeg 1152w, https:\/\/altgsgrebenstein.de\/wp-content\/uploads\/2024\/05\/IMG_4134-1536x2048.jpeg 1536w, https:\/\/altgsgrebenstein.de\/wp-content\/uploads\/2024\/05\/IMG_4134-scaled.jpeg 1920w\" sizes=\"(max-width: 225px) 100vw, 225px\" \/><\/p>\n<p>Nach dem 30-min\u00fctigen Workshop gab es eine Kaffeepause mit sehr leckeren Kuchen aus den teilnehmenden Klassen, bei der zum gemeinsamen Austausch eingeladen wurde. Um 17:15 Uhr gingen die Sch\u00fcler*innen mit ihren Eltern in den zweiten Workshop, welcher um 17:45 Uhr endete. Anschlie\u00dfend waren alle noch einmal in der neuen Aula versammelt und die Betriebe gaben ein sehr positives Feedback und zeigten sich sehr erfreut \u00fcber die aktive Teilnahme und die Nachfragen w\u00e4hrend der Workshops. Auch die Sch\u00fcler*innen und ihre Eltern lobten den direkten Austausch und die praxisorientierten und informativen Workshops.<\/p>\n<p><img decoding=\"async\" class=\"alignnone size-medium wp-image-16762\" src=\"http:\/\/altgsgrebenstein.de\/wp-content\/uploads\/2024\/05\/IMG_4138-300x225.jpeg\" alt=\"\" width=\"300\" height=\"225\" srcset=\"https:\/\/altgsgrebenstein.de\/wp-content\/uploads\/2024\/05\/IMG_4138-300x225.jpeg 300w, https:\/\/altgsgrebenstein.de\/wp-content\/uploads\/2024\/05\/IMG_4138-1024x768.jpeg 1024w, https:\/\/altgsgrebenstein.de\/wp-content\/uploads\/2024\/05\/IMG_4138-768x576.jpeg 768w, https:\/\/altgsgrebenstein.de\/wp-content\/uploads\/2024\/05\/IMG_4138-1536x1152.jpeg 1536w, https:\/\/altgsgrebenstein.de\/wp-content\/uploads\/2024\/05\/IMG_4138-2048x1536.jpeg 2048w\" sizes=\"(max-width: 300px) 100vw, 300px\" \/><\/p>\n","protected":false},"excerpt":{"rendered":"<p>Am Mittwoch, dem 22.05.2024, fand von 16-18 Uhr das 39. Caf\u00e9 Beruf statt, bei dem eingeladene Betriebe ihre Ausbildungsberufe und T\u00e4tigkeitsfelder in praxisorientierten Workshops vorstellten. Anwesend waren ungef\u00e4hr 70 Sch\u00fcler*innen der Klassen G8 und G9, deren Eltern und Klassen- und AL-Lehrer*innen. Dieses Mal stellten sich die folgenden Betriebe vor: die Volkswagen Akademie, Pfarrerin Hannah Tinnefeld &hellip; <a href=\"https:\/\/altgsgrebenstein.de\/?p=16758\" class=\"more-link\"><span class=\"screen-reader-text\">Berufsorientierung in der Schule- Das 39. Caf\u00e9 Beruf an der HGS<\/span> weiterlesen <span class=\"meta-nav\">&rarr;<\/span><\/a><\/p>\n","protected":false},"author":38,"featured_media":0,"comment_status":"closed","ping_status":"closed","sticky":false,"template":"","format":"standard","meta":{"saved_in_kubio":false,"footnotes":""},"categories":[33,34,1],"tags":[],"class_list":["post-16758","post","type-post","status-publish","format-standard","hentry","category-archiv","category-berufsorientierung","category-uncategorized"],"_links":{"self":[{"href":"https:\/\/altgsgrebenstein.de\/index.php?rest_route=\/wp\/v2\/posts\/16758","targetHints":{"allow":["GET"]}}],"collection":[{"href":"https:\/\/altgsgrebenstein.de\/index.php?rest_route=\/wp\/v2\/posts"}],"about":[{"href":"https:\/\/altgsgrebenstein.de\/index.php?rest_route=\/wp\/v2\/types\/post"}],"author":[{"embeddable":true,"href":"https:\/\/altgsgrebenstein.de\/index.php?rest_route=\/wp\/v2\/users\/38"}],"replies":[{"embeddable":true,"href":"https:\/\/altgsgrebenstein.de\/index.php?rest_route=%2Fwp%2Fv2%2Fcomments&post=16758"}],"version-history":[{"count":1,"href":"https:\/\/altgsgrebenstein.de\/index.php?rest_route=\/wp\/v2\/posts\/16758\/revisions"}],"predecessor-version":[{"id":16763,"href":"https:\/\/altgsgrebenstein.de\/index.php?rest_route=\/wp\/v2\/posts\/16758\/revisions\/16763"}],"wp:attachment":[{"href":"https:\/\/altgsgrebenstein.de\/index.php?rest_route=%2Fwp%2Fv2%2Fmedia&parent=16758"}],"wp:term":[{"taxonomy":"category","embeddable":true,"href":"https:\/\/altgsgrebenstein.de\/index.php?rest_route=%2Fwp%2Fv2%2Fcategories&post=16758"},{"taxonomy":"post_tag","embeddable":true,"href":"https:\/\/altgsgrebenstein.de\/index.php?rest_route=%2Fwp%2Fv2%2Ftags&post=16758"}],"curies":[{"name":"wp","href":"https:\/\/api.w.org\/{rel}","templated":true}]}}