{"id":16672,"date":"2024-04-25T20:25:43","date_gmt":"2024-04-25T19:25:43","guid":{"rendered":"http:\/\/altgsgrebenstein.de\/?p=16672"},"modified":"2024-09-08T11:07:41","modified_gmt":"2024-09-08T10:07:41","slug":"sieg-beim-vorlesewettbewerb-zum-landesentscheid","status":"publish","type":"post","link":"https:\/\/altgsgrebenstein.de\/?p=16672","title":{"rendered":"Sieg beim Vorlesewettbewerb zum Landesentscheid"},"content":{"rendered":"<p style=\"text-align: justify;\">Am 15.04.2024 fand der Bezirksentscheid des bundesweiten Vorlesewettbewerb in der Stadtb\u00fccherei in Korbach statt. Insgesamt traten neun Sch\u00fcler*innen aus ganz Nordhessen an, um sich f\u00fcr den Landesentscheid in Frankfurt zu qualifizieren. Unter ihnen auch Frederik Weidmann aus der Klasse G6b der Heinrich-Grupe-Schule.<\/p>\n<p style=\"padding-left: 40px;\"><img decoding=\"async\" class=\"wp-image-16715 aligncenter\" src=\"http:\/\/altgsgrebenstein.de\/wp-content\/uploads\/2024\/04\/IMG_7827-scaled.jpg\" alt=\"\" width=\"226\" height=\"445\" srcset=\"https:\/\/altgsgrebenstein.de\/wp-content\/uploads\/2024\/04\/IMG_7827-scaled.jpg 1299w, https:\/\/altgsgrebenstein.de\/wp-content\/uploads\/2024\/04\/IMG_7827-152x300.jpg 152w, https:\/\/altgsgrebenstein.de\/wp-content\/uploads\/2024\/04\/IMG_7827-519x1024.jpg 519w, https:\/\/altgsgrebenstein.de\/wp-content\/uploads\/2024\/04\/IMG_7827-768x1514.jpg 768w, https:\/\/altgsgrebenstein.de\/wp-content\/uploads\/2024\/04\/IMG_7827-779x1536.jpg 779w, https:\/\/altgsgrebenstein.de\/wp-content\/uploads\/2024\/04\/IMG_7827-1039x2048.jpg 1039w\" sizes=\"(max-width: 226px) 100vw, 226px\" \/><\/p>\n<p style=\"text-align: justify;\">Der Wettkampf bestand aus zwei Teilen: Zuerst las Frederik seine vorbereitete Textpassage aus dem Buch \u201eDie Geschichte von Herrn Sommer\u201c von Patrick S\u00fcskind vor. Mit betonter und lebhafter Stimme trug er sowohl die Wutanf\u00e4lle der herrischen Lehrerin als auch die Beschreibung eines ekligen Zwischenfalls perfekt vor. Anschlie\u00dfend folgte eine f\u00fcr ihn fremde Textstelle aus \u201eDie schlimmste Klasse der Welt\u201c von Juma Kliebenstein. Diese las er ebenfalls voller Euphorie vor. Nachdem auch die anderen Sch\u00fcler*innen den Fremdtext gelesen hatten, zog sich die Jury zur Beratung zur\u00fcck und verk\u00fcndete sodann, dass zwei der Sechstkl\u00e4ssler*innen zum Landesentscheid nach Frankfurt am 23. Mai fahren werden. Dies waren Frederik Weidmann von der Heinrich-Grupe-Schule und Lina Marie Boos von der Christian-Rauch-Schule Bad Arolsen.<\/p>\n<p><span style=\"text-align: justify;\">Wir gratulieren Frederik ganz herzlich zu diesem tollen Erfolg und dr\u00fccken die Daumen f\u00fcr den Landesentscheid in Frankfurt!<\/span><\/p>\n","protected":false},"excerpt":{"rendered":"<p>Am 15.04.2024 fand der Bezirksentscheid des bundesweiten Vorlesewettbewerb in der Stadtb\u00fccherei in Korbach statt. Insgesamt traten neun Sch\u00fcler*innen aus ganz Nordhessen an, um sich f\u00fcr den Landesentscheid in Frankfurt zu qualifizieren. Unter ihnen auch Frederik Weidmann aus der Klasse G6b der Heinrich-Grupe-Schule. Der Wettkampf bestand aus zwei Teilen: Zuerst las Frederik seine vorbereitete Textpassage aus &hellip; <a href=\"https:\/\/altgsgrebenstein.de\/?p=16672\" class=\"more-link\"><span class=\"screen-reader-text\">Sieg beim Vorlesewettbewerb zum Landesentscheid<\/span> weiterlesen <span class=\"meta-nav\">&rarr;<\/span><\/a><\/p>\n","protected":false},"author":38,"featured_media":0,"comment_status":"closed","ping_status":"closed","sticky":false,"template":"","format":"standard","meta":{"saved_in_kubio":false,"footnotes":""},"categories":[33,115,1],"tags":[],"class_list":["post-16672","post","type-post","status-publish","format-standard","hentry","category-archiv","category-deutsch","category-uncategorized"],"_links":{"self":[{"href":"https:\/\/altgsgrebenstein.de\/index.php?rest_route=\/wp\/v2\/posts\/16672","targetHints":{"allow":["GET"]}}],"collection":[{"href":"https:\/\/altgsgrebenstein.de\/index.php?rest_route=\/wp\/v2\/posts"}],"about":[{"href":"https:\/\/altgsgrebenstein.de\/index.php?rest_route=\/wp\/v2\/types\/post"}],"author":[{"embeddable":true,"href":"https:\/\/altgsgrebenstein.de\/index.php?rest_route=\/wp\/v2\/users\/38"}],"replies":[{"embeddable":true,"href":"https:\/\/altgsgrebenstein.de\/index.php?rest_route=%2Fwp%2Fv2%2Fcomments&post=16672"}],"version-history":[{"count":10,"href":"https:\/\/altgsgrebenstein.de\/index.php?rest_route=\/wp\/v2\/posts\/16672\/revisions"}],"predecessor-version":[{"id":16720,"href":"https:\/\/altgsgrebenstein.de\/index.php?rest_route=\/wp\/v2\/posts\/16672\/revisions\/16720"}],"wp:attachment":[{"href":"https:\/\/altgsgrebenstein.de\/index.php?rest_route=%2Fwp%2Fv2%2Fmedia&parent=16672"}],"wp:term":[{"taxonomy":"category","embeddable":true,"href":"https:\/\/altgsgrebenstein.de\/index.php?rest_route=%2Fwp%2Fv2%2Fcategories&post=16672"},{"taxonomy":"post_tag","embeddable":true,"href":"https:\/\/altgsgrebenstein.de\/index.php?rest_route=%2Fwp%2Fv2%2Ftags&post=16672"}],"curies":[{"name":"wp","href":"https:\/\/api.w.org\/{rel}","templated":true}]}}