{"id":1665,"date":"2017-03-16T18:42:37","date_gmt":"2017-03-16T17:42:37","guid":{"rendered":"http:\/\/www.gsgrebenstein.net\/wordpress\/?p=1665"},"modified":"2020-12-30T08:41:02","modified_gmt":"2020-12-30T07:41:02","slug":"eroeffnung-des-berufswahlbueros","status":"publish","type":"post","link":"https:\/\/altgsgrebenstein.de\/?p=1665","title":{"rendered":"Er\u00f6ffnung des Berufswahlb\u00fcros"},"content":{"rendered":"<p><a href=\"http:\/\/altgsgrebenstein.de\/wp-content\/uploads\/2017\/03\/Eroeffnung-Berufswahlbuero-7-scaled.jpg\"><img decoding=\"async\" class=\"aligncenter size-large wp-image-12807\" src=\"http:\/\/altgsgrebenstein.de\/wp-content\/uploads\/2017\/03\/Eroeffnung-Berufswahlbuero-7-1024x678.jpg\" alt=\"\" width=\"604\" height=\"400\" srcset=\"https:\/\/altgsgrebenstein.de\/wp-content\/uploads\/2017\/03\/Eroeffnung-Berufswahlbuero-7-1024x678.jpg 1024w, https:\/\/altgsgrebenstein.de\/wp-content\/uploads\/2017\/03\/Eroeffnung-Berufswahlbuero-7-300x199.jpg 300w, https:\/\/altgsgrebenstein.de\/wp-content\/uploads\/2017\/03\/Eroeffnung-Berufswahlbuero-7-768x509.jpg 768w, https:\/\/altgsgrebenstein.de\/wp-content\/uploads\/2017\/03\/Eroeffnung-Berufswahlbuero-7-2048x1356.jpg 2048w\" sizes=\"(max-width: 604px) 100vw, 604px\" \/><\/a><a href=\"http:\/\/altgsgrebenstein.de\/wp-content\/uploads\/2017\/03\/Eroeffnung-Berufswahlbuero-24-scaled.jpg\"><img decoding=\"async\" class=\"aligncenter size-large wp-image-12809\" src=\"http:\/\/altgsgrebenstein.de\/wp-content\/uploads\/2017\/03\/Eroeffnung-Berufswahlbuero-24-1024x678.jpg\" alt=\"\" width=\"604\" height=\"400\" srcset=\"https:\/\/altgsgrebenstein.de\/wp-content\/uploads\/2017\/03\/Eroeffnung-Berufswahlbuero-24-1024x678.jpg 1024w, https:\/\/altgsgrebenstein.de\/wp-content\/uploads\/2017\/03\/Eroeffnung-Berufswahlbuero-24-300x199.jpg 300w, https:\/\/altgsgrebenstein.de\/wp-content\/uploads\/2017\/03\/Eroeffnung-Berufswahlbuero-24-768x509.jpg 768w, https:\/\/altgsgrebenstein.de\/wp-content\/uploads\/2017\/03\/Eroeffnung-Berufswahlbuero-24-2048x1356.jpg 2048w\" sizes=\"(max-width: 604px) 100vw, 604px\" \/><\/a><\/p>\n<p>Am 16.3.2017 er\u00f6ffnete das Berufswahlb\u00fcro an der HGS. Als wertvolle Schnittstelle zwischen Wirtschaft und Schule wird hier eine Struktur erprobt, die den \u00dcbergang von der Schule in das Berufsleben durch die B\u00fcndelung verschiedener Kompetenzen begleiten und erleichtern soll. Im Beisein von Beh\u00f6rdenvertretern und Schulpartnern konnten Sch\u00fclerinnen und Sch\u00fcler in Workshops neue\u00a0Erfahrungen sammeln.<\/p>\n","protected":false},"excerpt":{"rendered":"<p>Am 16.3.2017 er\u00f6ffnete das Berufswahlb\u00fcro an der HGS. Als wertvolle Schnittstelle zwischen Wirtschaft und Schule wird hier eine Struktur erprobt, die den \u00dcbergang von der Schule in das Berufsleben durch die B\u00fcndelung verschiedener Kompetenzen begleiten und erleichtern soll. Im Beisein von Beh\u00f6rdenvertretern und Schulpartnern konnten Sch\u00fclerinnen und Sch\u00fcler in Workshops neue\u00a0Erfahrungen sammeln.<\/p>\n","protected":false},"author":10,"featured_media":0,"comment_status":"closed","ping_status":"open","sticky":false,"template":"","format":"standard","meta":{"saved_in_kubio":false,"footnotes":""},"categories":[33,34],"tags":[],"class_list":["post-1665","post","type-post","status-publish","format-standard","hentry","category-archiv","category-berufsorientierung"],"_links":{"self":[{"href":"https:\/\/altgsgrebenstein.de\/index.php?rest_route=\/wp\/v2\/posts\/1665","targetHints":{"allow":["GET"]}}],"collection":[{"href":"https:\/\/altgsgrebenstein.de\/index.php?rest_route=\/wp\/v2\/posts"}],"about":[{"href":"https:\/\/altgsgrebenstein.de\/index.php?rest_route=\/wp\/v2\/types\/post"}],"author":[{"embeddable":true,"href":"https:\/\/altgsgrebenstein.de\/index.php?rest_route=\/wp\/v2\/users\/10"}],"replies":[{"embeddable":true,"href":"https:\/\/altgsgrebenstein.de\/index.php?rest_route=%2Fwp%2Fv2%2Fcomments&post=1665"}],"version-history":[{"count":3,"href":"https:\/\/altgsgrebenstein.de\/index.php?rest_route=\/wp\/v2\/posts\/1665\/revisions"}],"predecessor-version":[{"id":12810,"href":"https:\/\/altgsgrebenstein.de\/index.php?rest_route=\/wp\/v2\/posts\/1665\/revisions\/12810"}],"wp:attachment":[{"href":"https:\/\/altgsgrebenstein.de\/index.php?rest_route=%2Fwp%2Fv2%2Fmedia&parent=1665"}],"wp:term":[{"taxonomy":"category","embeddable":true,"href":"https:\/\/altgsgrebenstein.de\/index.php?rest_route=%2Fwp%2Fv2%2Fcategories&post=1665"},{"taxonomy":"post_tag","embeddable":true,"href":"https:\/\/altgsgrebenstein.de\/index.php?rest_route=%2Fwp%2Fv2%2Ftags&post=1665"}],"curies":[{"name":"wp","href":"https:\/\/api.w.org\/{rel}","templated":true}]}}