{"id":16645,"date":"2024-04-24T02:36:10","date_gmt":"2024-04-24T01:36:10","guid":{"rendered":"http:\/\/altgsgrebenstein.de\/?p=16645"},"modified":"2024-09-08T11:07:37","modified_gmt":"2024-09-08T10:07:37","slug":"g10b-zu-gast-im-bundestag","status":"publish","type":"post","link":"https:\/\/altgsgrebenstein.de\/?p=16645","title":{"rendered":"G10b zu Gast im Bundestag"},"content":{"rendered":"<p><img decoding=\"async\" class=\"alignnone size-full wp-image-16648\" src=\"http:\/\/altgsgrebenstein.de\/wp-content\/uploads\/2024\/04\/IMG_9285-1-scaled.jpg\" alt=\"\" width=\"2560\" height=\"1920\" srcset=\"https:\/\/altgsgrebenstein.de\/wp-content\/uploads\/2024\/04\/IMG_9285-1-scaled.jpg 2560w, https:\/\/altgsgrebenstein.de\/wp-content\/uploads\/2024\/04\/IMG_9285-1-300x225.jpg 300w, https:\/\/altgsgrebenstein.de\/wp-content\/uploads\/2024\/04\/IMG_9285-1-1024x768.jpg 1024w, https:\/\/altgsgrebenstein.de\/wp-content\/uploads\/2024\/04\/IMG_9285-1-768x576.jpg 768w, https:\/\/altgsgrebenstein.de\/wp-content\/uploads\/2024\/04\/IMG_9285-1-1536x1152.jpg 1536w, https:\/\/altgsgrebenstein.de\/wp-content\/uploads\/2024\/04\/IMG_9285-1-2048x1536.jpg 2048w\" sizes=\"(max-width: 2560px) 100vw, 2560px\" \/><\/p>\n<p style=\"text-align: justify;\">Ein nicht allt\u00e4glicher Anlass f\u00fchrte die Sch\u00fclerinnen und Sch\u00fcler der Klasse G10b im Rahmen einer zweit\u00e4gigen Exkursion nach Berlin. Gemeinsam mit ihren Lehrkr\u00e4ften Nina Gilfert und Dirk Weidmann folgten sie der Einladung der lokalen Bundestagsabgeordneten Esther Dilcher (SPD) zu einem gemeinsamen Gespr\u00e4ch mit anschlie\u00dfendem Besuch des historischen Reichstagsgeb\u00e4udes.<\/p>\n<p style=\"text-align: justify;\">Der Besuch der Parlamentarierin wurde im PoWi-Unterricht intensiv mithilfe einer digitalen Pinnwand vorbereitet. In diesem Zusammenhang lernte die Klasse nicht nur die Funktion des Bundestags als gesetzgebendes Organ kennen, sondern besch\u00e4ftigte sich auch eingehend mit den parlamentarischen Aufgaben der Bundestagsabgeordneten. Hieraus ergaben sich eine Reihe an Fragen, die gesammelt und im Rahmen des Gespr\u00e4chs mit Fr. Dilcher thematisiert werden konnten. Die Abgeordnete, die in der aktuellen Legislaturperiode Mitglied des Haushalts- und Rechtsausschusses ist, berichtete \u00fcber ihre typische Arbeitswoche, die neben der Gremien- und B\u00fcroarbeit in Berlin regelm\u00e4\u00dfig auch eine Vielzahl an Terminen in ihrem Wahlkreis beinhaltet. Beeindruckt zeigte sich die Lerngruppe \u00fcber den Facettenreichtum der Aufgaben der Abgeordneten, die in Sitzungswochen regelm\u00e4\u00dfig auf eine Arbeitszeit von \u00fcber 60 Stunden pro Woche verweisen kann. Zum Abschluss des Treffens wurde gemeinsam die Frage diskutiert, wie Jugendliche heute f\u00fcr die Arbeit in politischen Parteien motiviert werden k\u00f6nnen und welche Bedeutung einer umfassenden politischen Bildung f\u00fcr die qualifizierte Meinungsbildung zukommt.<\/p>\n<p><img decoding=\"async\" class=\"alignnone size-full wp-image-16647\" src=\"http:\/\/altgsgrebenstein.de\/wp-content\/uploads\/2024\/04\/IMG_3577-1-scaled.jpg\" alt=\"\" width=\"2049\" height=\"2560\" srcset=\"https:\/\/altgsgrebenstein.de\/wp-content\/uploads\/2024\/04\/IMG_3577-1-scaled.jpg 2049w, https:\/\/altgsgrebenstein.de\/wp-content\/uploads\/2024\/04\/IMG_3577-1-240x300.jpg 240w, https:\/\/altgsgrebenstein.de\/wp-content\/uploads\/2024\/04\/IMG_3577-1-820x1024.jpg 820w, https:\/\/altgsgrebenstein.de\/wp-content\/uploads\/2024\/04\/IMG_3577-1-768x959.jpg 768w, https:\/\/altgsgrebenstein.de\/wp-content\/uploads\/2024\/04\/IMG_3577-1-1229x1536.jpg 1229w, https:\/\/altgsgrebenstein.de\/wp-content\/uploads\/2024\/04\/IMG_3577-1-1639x2048.jpg 1639w\" sizes=\"(max-width: 2049px) 100vw, 2049px\" \/><\/p>\n<p style=\"text-align: justify;\">Im Anschluss an das Gespr\u00e4ch mit Fr. Dilcher erhielt die Klasse die M\u00f6glichkeit, das Reichstagsgeb\u00e4ude zu besuchen und von der ber\u00fchmten Reichstagskuppel die Aussicht auf das abendliche Berlin zu genie\u00dfen. Nach einem Spaziergang, der die Lerngruppe u.a. zum Brandenburger Tor und zum Denkmal f\u00fcr die ermordeten Juden Europas f\u00fchrte, endete der erste Tag mit einem gemeinsamen Pizzaessen.<\/p>\n<p style=\"text-align: justify;\">Der n\u00e4chste Morgen f\u00fchrte die Klasse in das k\u00fcrzlich er\u00f6ffnete &#8222;Deutschlandmuseum&#8220; am Potsdamer Platz. In diesem 4D-Museum erlebte die Klasse 2000 Jahre deutscher Geschichte in Form einer immersiven Erlebnisausstellung, bei der zentrale historische Orte mithilfe von Umgebungsger\u00e4uschen, Ger\u00fcchen und umfangreichen Partizipationsm\u00f6glichkeiten eindrucksvoll zum Leben erweckt werden.<\/p>\n<p style=\"text-align: justify;\">Die Fahrt wurde von allen Teilnehmenden als gro\u00dfe Bereicherung empfunden und machte Lust auf einen weiteren (l\u00e4ngeren) Aufenthalt in der Hauptstadt mit der Familie oder Freunden.<\/p>\n<p><img decoding=\"async\" class=\"alignnone size-full wp-image-16646\" src=\"http:\/\/altgsgrebenstein.de\/wp-content\/uploads\/2024\/04\/IMG_3570-1-scaled.jpg\" alt=\"\" width=\"2443\" height=\"2560\" srcset=\"https:\/\/altgsgrebenstein.de\/wp-content\/uploads\/2024\/04\/IMG_3570-1-scaled.jpg 2443w, https:\/\/altgsgrebenstein.de\/wp-content\/uploads\/2024\/04\/IMG_3570-1-286x300.jpg 286w, https:\/\/altgsgrebenstein.de\/wp-content\/uploads\/2024\/04\/IMG_3570-1-977x1024.jpg 977w, https:\/\/altgsgrebenstein.de\/wp-content\/uploads\/2024\/04\/IMG_3570-1-768x805.jpg 768w, https:\/\/altgsgrebenstein.de\/wp-content\/uploads\/2024\/04\/IMG_3570-1-1466x1536.jpg 1466w, https:\/\/altgsgrebenstein.de\/wp-content\/uploads\/2024\/04\/IMG_3570-1-1955x2048.jpg 1955w\" sizes=\"(max-width: 2443px) 100vw, 2443px\" \/><\/p>\n<p><em>Dirk Weidmann<\/em><\/p>\n","protected":false},"excerpt":{"rendered":"<p>Ein nicht allt\u00e4glicher Anlass f\u00fchrte die Sch\u00fclerinnen und Sch\u00fcler der Klasse G10b im Rahmen einer zweit\u00e4gigen Exkursion nach Berlin. Gemeinsam mit ihren Lehrkr\u00e4ften Nina Gilfert und Dirk Weidmann folgten sie der Einladung der lokalen Bundestagsabgeordneten Esther Dilcher (SPD) zu einem gemeinsamen Gespr\u00e4ch mit anschlie\u00dfendem Besuch des historischen Reichstagsgeb\u00e4udes. Der Besuch der Parlamentarierin wurde im PoWi-Unterricht &hellip; <a href=\"https:\/\/altgsgrebenstein.de\/?p=16645\" class=\"more-link\"><span class=\"screen-reader-text\">G10b zu Gast im Bundestag<\/span> weiterlesen <span class=\"meta-nav\">&rarr;<\/span><\/a><\/p>\n","protected":false},"author":22,"featured_media":0,"comment_status":"closed","ping_status":"closed","sticky":false,"template":"","format":"standard","meta":{"saved_in_kubio":false,"footnotes":""},"categories":[33,1],"tags":[],"class_list":["post-16645","post","type-post","status-publish","format-standard","hentry","category-archiv","category-uncategorized"],"_links":{"self":[{"href":"https:\/\/altgsgrebenstein.de\/index.php?rest_route=\/wp\/v2\/posts\/16645","targetHints":{"allow":["GET"]}}],"collection":[{"href":"https:\/\/altgsgrebenstein.de\/index.php?rest_route=\/wp\/v2\/posts"}],"about":[{"href":"https:\/\/altgsgrebenstein.de\/index.php?rest_route=\/wp\/v2\/types\/post"}],"author":[{"embeddable":true,"href":"https:\/\/altgsgrebenstein.de\/index.php?rest_route=\/wp\/v2\/users\/22"}],"replies":[{"embeddable":true,"href":"https:\/\/altgsgrebenstein.de\/index.php?rest_route=%2Fwp%2Fv2%2Fcomments&post=16645"}],"version-history":[{"count":2,"href":"https:\/\/altgsgrebenstein.de\/index.php?rest_route=\/wp\/v2\/posts\/16645\/revisions"}],"predecessor-version":[{"id":16650,"href":"https:\/\/altgsgrebenstein.de\/index.php?rest_route=\/wp\/v2\/posts\/16645\/revisions\/16650"}],"wp:attachment":[{"href":"https:\/\/altgsgrebenstein.de\/index.php?rest_route=%2Fwp%2Fv2%2Fmedia&parent=16645"}],"wp:term":[{"taxonomy":"category","embeddable":true,"href":"https:\/\/altgsgrebenstein.de\/index.php?rest_route=%2Fwp%2Fv2%2Fcategories&post=16645"},{"taxonomy":"post_tag","embeddable":true,"href":"https:\/\/altgsgrebenstein.de\/index.php?rest_route=%2Fwp%2Fv2%2Ftags&post=16645"}],"curies":[{"name":"wp","href":"https:\/\/api.w.org\/{rel}","templated":true}]}}