{"id":16632,"date":"2024-04-21T20:45:25","date_gmt":"2024-04-21T19:45:25","guid":{"rendered":"http:\/\/altgsgrebenstein.de\/?p=16632"},"modified":"2024-09-08T11:07:29","modified_gmt":"2024-09-08T10:07:29","slug":"tag-der-handschrift-drei-schuelerinnen-beim-schuelerschreibwettbewerb-geehrt","status":"publish","type":"post","link":"https:\/\/altgsgrebenstein.de\/?p=16632","title":{"rendered":"Tag der Handschrift- Drei Sch\u00fclerinnen beim Sch\u00fclerschreibwettbewerb geehrt"},"content":{"rendered":"<p><img decoding=\"async\" class=\"size-medium wp-image-16637 aligncenter\" src=\"http:\/\/altgsgrebenstein.de\/wp-content\/uploads\/2024\/04\/IMG_2019-300x42.jpeg\" alt=\"\" width=\"300\" height=\"42\" srcset=\"https:\/\/altgsgrebenstein.de\/wp-content\/uploads\/2024\/04\/IMG_2019-300x42.jpeg 300w, https:\/\/altgsgrebenstein.de\/wp-content\/uploads\/2024\/04\/IMG_2019-1024x143.jpeg 1024w, https:\/\/altgsgrebenstein.de\/wp-content\/uploads\/2024\/04\/IMG_2019-768x108.jpeg 768w, https:\/\/altgsgrebenstein.de\/wp-content\/uploads\/2024\/04\/IMG_2019-1536x215.jpeg 1536w, https:\/\/altgsgrebenstein.de\/wp-content\/uploads\/2024\/04\/IMG_2019-2048x287.jpeg 2048w\" sizes=\"(max-width: 300px) 100vw, 300px\" \/><\/p>\n<div class=\"mceTemp\"><\/div>\n<p>Im November letzten Jahres rief die Stiftung Handschrift bei einem Schreibwettbewerb die Sch\u00fclerinnen und Sch\u00fcler der 6. und 7. Klassen in Hessen dazu auf, handschriftliche Briefe zum Thema Freundschaft zu schreiben. 9500 Lernende folgten diesem Aufruf und zu Beginn des Jahres kam dann die frohe Botschaft, dass drei Sch\u00fclerinnen der Klasse G7a der Heinrich-Gruppe-Schule f\u00fcr ihre kreativen und sehr gut geschriebenen Briefe geehrt werden sollten.<\/p>\n<p><img decoding=\"async\" class=\"size-medium wp-image-16636 alignright\" src=\"http:\/\/altgsgrebenstein.de\/wp-content\/uploads\/2024\/04\/IMG_2090-300x210.jpeg\" alt=\"\" width=\"300\" height=\"210\" srcset=\"https:\/\/altgsgrebenstein.de\/wp-content\/uploads\/2024\/04\/IMG_2090-300x210.jpeg 300w, https:\/\/altgsgrebenstein.de\/wp-content\/uploads\/2024\/04\/IMG_2090-1024x718.jpeg 1024w, https:\/\/altgsgrebenstein.de\/wp-content\/uploads\/2024\/04\/IMG_2090-768x539.jpeg 768w, https:\/\/altgsgrebenstein.de\/wp-content\/uploads\/2024\/04\/IMG_2090-1536x1077.jpeg 1536w, https:\/\/altgsgrebenstein.de\/wp-content\/uploads\/2024\/04\/IMG_2090.jpeg 1624w\" sizes=\"(max-width: 300px) 100vw, 300px\" \/><\/p>\n<p>Am Freitag, dem 19.04.2024 war es dann so weit: Annika Faupel, Jana Lange und Greta B\u00f6nning fuhren mit ihrer Klassen- und Deutschlehrerin Nina Gilfert in die hessische Landeshauptstadt Wiesbaden zur Preisverleihung des Schreibwettbewerbs der Stiftung Handschrift, die im beeindruckenden Landesmuseum f\u00fcr Kunst und Natur stattfand. Um 10 Uhr begann die Veranstaltung, durch die die ehemalige Wiesbadener Kulturdezernentin Rose- Lore Scholz f\u00fchrte, mit Reden der prominenten G\u00e4ste \u00fcber die Bedeutung der Handschrift f\u00fcr das Lernen der Kinder und Jugendlichen. So betonte der Kultusminister Armin Schwarz das Verinnerlichen des Geschriebenen und somit die positiven Auswirkungen auf die schulischen Leistungen. Der Gesch\u00e4ftsf\u00fchrer der Stiftung Handschrift Raoul Kroehl betonte, dass das Schreiben mit der Hand schlau mache und verwies darauf, dass dies aber auch der Pencil am Tablet erm\u00f6gliche und entsprechend genutzt werden solle. Musikalisch wurde die Preisverleihung von einem beeindruckenden Auftritt von Alexandra, der Finalistin von \u201eThe Voice of Germany\u201c aus dem Jahr 2023, begleitet. Der H\u00f6hepunkt der Veranstaltung war dann aber die Verteilung der Urkunden an die 100 nominierten Preistr\u00e4ger*innen, die die Jury mit ihren Briefen besonders beeindruckt hatten. Au\u00dferdem bekamen alle ein Buch, in die ausgezeichneten Briefe abgedruckt sind. In diesem Zusammenhang wurden einige Briefe exemplarisch vorgelesen und zeigten die Bandbreite des Themas Freundschaft. So schrieb ein Junge sehr lustig \u00fcber seine Freundschaft mit \u201eSchokolade\u201c, w\u00e4hrend eine andere Teilnehmerin an ihre verstorbene Brieffreundin im Altheim schrieb, was viele Zuschauer zu Tr\u00e4nen r\u00fchrte.<\/p>\n<p><img decoding=\"async\" class=\"size-medium wp-image-16634\" src=\"http:\/\/altgsgrebenstein.de\/wp-content\/uploads\/2024\/04\/IMG_2092-199x300.jpeg\" alt=\"\" width=\"199\" height=\"300\" srcset=\"https:\/\/altgsgrebenstein.de\/wp-content\/uploads\/2024\/04\/IMG_2092-199x300.jpeg 199w, https:\/\/altgsgrebenstein.de\/wp-content\/uploads\/2024\/04\/IMG_2092-678x1024.jpeg 678w, https:\/\/altgsgrebenstein.de\/wp-content\/uploads\/2024\/04\/IMG_2092.jpeg 753w\" sizes=\"(max-width: 199px) 100vw, 199px\" \/><\/p>\n<p><img decoding=\"async\" class=\"size-medium wp-image-16635 aligncenter\" src=\"http:\/\/altgsgrebenstein.de\/wp-content\/uploads\/2024\/04\/IMG_2091-300x203.jpeg\" alt=\"\" width=\"300\" height=\"203\" srcset=\"https:\/\/altgsgrebenstein.de\/wp-content\/uploads\/2024\/04\/IMG_2091-300x203.jpeg 300w, https:\/\/altgsgrebenstein.de\/wp-content\/uploads\/2024\/04\/IMG_2091-1024x694.jpeg 1024w, https:\/\/altgsgrebenstein.de\/wp-content\/uploads\/2024\/04\/IMG_2091-768x520.jpeg 768w, https:\/\/altgsgrebenstein.de\/wp-content\/uploads\/2024\/04\/IMG_2091-1536x1041.jpeg 1536w, https:\/\/altgsgrebenstein.de\/wp-content\/uploads\/2024\/04\/IMG_2091.jpeg 1665w\" sizes=\"(max-width: 300px) 100vw, 300px\" \/><\/p>\n<p>&nbsp;<\/p>\n<p>Abschlie\u00dfend ist zu sagen, dass dieser Tag den Preistr\u00e4gerinnen noch lange im Ged\u00e4chtnis bleiben wird und das limitierte Buch eine wunderbare Erinnerung an eine tolle Leistung ist.<\/p>\n<p><img decoding=\"async\" class=\"size-medium wp-image-16633 aligncenter\" src=\"http:\/\/altgsgrebenstein.de\/wp-content\/uploads\/2024\/04\/IMG_3526-225x300.jpeg\" alt=\"\" width=\"225\" height=\"300\" srcset=\"https:\/\/altgsgrebenstein.de\/wp-content\/uploads\/2024\/04\/IMG_3526-225x300.jpeg 225w, https:\/\/altgsgrebenstein.de\/wp-content\/uploads\/2024\/04\/IMG_3526-768x1024.jpeg 768w, https:\/\/altgsgrebenstein.de\/wp-content\/uploads\/2024\/04\/IMG_3526-1152x1536.jpeg 1152w, https:\/\/altgsgrebenstein.de\/wp-content\/uploads\/2024\/04\/IMG_3526-1536x2048.jpeg 1536w, https:\/\/altgsgrebenstein.de\/wp-content\/uploads\/2024\/04\/IMG_3526-scaled.jpeg 1920w\" sizes=\"(max-width: 225px) 100vw, 225px\" \/><\/p>\n<p>&nbsp;<\/p>\n<p>Jana Lange &amp; Annika Faupel (G 7a)<\/p>\n","protected":false},"excerpt":{"rendered":"<p>Im November letzten Jahres rief die Stiftung Handschrift bei einem Schreibwettbewerb die Sch\u00fclerinnen und Sch\u00fcler der 6. und 7. Klassen in Hessen dazu auf, handschriftliche Briefe zum Thema Freundschaft zu schreiben. 9500 Lernende folgten diesem Aufruf und zu Beginn des Jahres kam dann die frohe Botschaft, dass drei Sch\u00fclerinnen der Klasse G7a der Heinrich-Gruppe-Schule f\u00fcr &hellip; <a href=\"https:\/\/altgsgrebenstein.de\/?p=16632\" class=\"more-link\"><span class=\"screen-reader-text\">Tag der Handschrift- Drei Sch\u00fclerinnen beim Sch\u00fclerschreibwettbewerb geehrt<\/span> weiterlesen <span class=\"meta-nav\">&rarr;<\/span><\/a><\/p>\n","protected":false},"author":38,"featured_media":0,"comment_status":"closed","ping_status":"closed","sticky":false,"template":"","format":"standard","meta":{"saved_in_kubio":false,"footnotes":""},"categories":[33,115,1],"tags":[],"class_list":["post-16632","post","type-post","status-publish","format-standard","hentry","category-archiv","category-deutsch","category-uncategorized"],"_links":{"self":[{"href":"https:\/\/altgsgrebenstein.de\/index.php?rest_route=\/wp\/v2\/posts\/16632","targetHints":{"allow":["GET"]}}],"collection":[{"href":"https:\/\/altgsgrebenstein.de\/index.php?rest_route=\/wp\/v2\/posts"}],"about":[{"href":"https:\/\/altgsgrebenstein.de\/index.php?rest_route=\/wp\/v2\/types\/post"}],"author":[{"embeddable":true,"href":"https:\/\/altgsgrebenstein.de\/index.php?rest_route=\/wp\/v2\/users\/38"}],"replies":[{"embeddable":true,"href":"https:\/\/altgsgrebenstein.de\/index.php?rest_route=%2Fwp%2Fv2%2Fcomments&post=16632"}],"version-history":[{"count":2,"href":"https:\/\/altgsgrebenstein.de\/index.php?rest_route=\/wp\/v2\/posts\/16632\/revisions"}],"predecessor-version":[{"id":16639,"href":"https:\/\/altgsgrebenstein.de\/index.php?rest_route=\/wp\/v2\/posts\/16632\/revisions\/16639"}],"wp:attachment":[{"href":"https:\/\/altgsgrebenstein.de\/index.php?rest_route=%2Fwp%2Fv2%2Fmedia&parent=16632"}],"wp:term":[{"taxonomy":"category","embeddable":true,"href":"https:\/\/altgsgrebenstein.de\/index.php?rest_route=%2Fwp%2Fv2%2Fcategories&post=16632"},{"taxonomy":"post_tag","embeddable":true,"href":"https:\/\/altgsgrebenstein.de\/index.php?rest_route=%2Fwp%2Fv2%2Ftags&post=16632"}],"curies":[{"name":"wp","href":"https:\/\/api.w.org\/{rel}","templated":true}]}}