{"id":16532,"date":"2024-03-01T08:08:05","date_gmt":"2024-03-01T07:08:05","guid":{"rendered":"http:\/\/altgsgrebenstein.de\/?p=16532"},"modified":"2024-09-08T11:06:37","modified_gmt":"2024-09-08T10:06:37","slug":"hgs-kulturpause-g5er-stellen-kleinen-tierwelten-aus","status":"publish","type":"post","link":"https:\/\/altgsgrebenstein.de\/?p=16532","title":{"rendered":"HGS-Kulturpause: G5er stellen kleine Tierwelten aus"},"content":{"rendered":"<p>Die in den letzten zwei Wochen im Deutschunterricht entstandenen \u201eTierkisten\u201c sollten eigentlich als \u201eUnterst\u00fctzer\u201c zum Thema \u201eBeschreiben\u201c eingesetzt werden. Die Klassen bekamen die Aufgabe, ein Tier mit Hilfe einer passend gestalteten Kiste und mit f\u00fcnf in der Kiste sich befindenden Gest\u00e4nden beschreibend zu pr\u00e4sentieren. \u00a0Was dann allerdings bei den Sch\u00fclerinnen und Sch\u00fclern entstand, waren kleine k\u00fcnstlerisch wertvolle \u201eTierwelten\u201c.<\/p>\n<p><img decoding=\"async\" class=\"aligncenter size-large wp-image-16533\" src=\"http:\/\/altgsgrebenstein.de\/wp-content\/uploads\/2024\/03\/Foto-11-768x1024.jpg\" alt=\"\" width=\"604\" height=\"805\" srcset=\"https:\/\/altgsgrebenstein.de\/wp-content\/uploads\/2024\/03\/Foto-11-768x1024.jpg 768w, https:\/\/altgsgrebenstein.de\/wp-content\/uploads\/2024\/03\/Foto-11-225x300.jpg 225w, https:\/\/altgsgrebenstein.de\/wp-content\/uploads\/2024\/03\/Foto-11-1152x1536.jpg 1152w, https:\/\/altgsgrebenstein.de\/wp-content\/uploads\/2024\/03\/Foto-11.jpg 1536w\" sizes=\"(max-width: 604px) 100vw, 604px\" \/> <img decoding=\"async\" class=\"aligncenter size-large wp-image-16534\" src=\"http:\/\/altgsgrebenstein.de\/wp-content\/uploads\/2024\/03\/Foto-7-1024x589.jpg\" alt=\"\" width=\"604\" height=\"347\" srcset=\"https:\/\/altgsgrebenstein.de\/wp-content\/uploads\/2024\/03\/Foto-7-1024x589.jpg 1024w, https:\/\/altgsgrebenstein.de\/wp-content\/uploads\/2024\/03\/Foto-7-300x173.jpg 300w, https:\/\/altgsgrebenstein.de\/wp-content\/uploads\/2024\/03\/Foto-7-768x442.jpg 768w, https:\/\/altgsgrebenstein.de\/wp-content\/uploads\/2024\/03\/Foto-7-1536x884.jpg 1536w, https:\/\/altgsgrebenstein.de\/wp-content\/uploads\/2024\/03\/Foto-7-2048x1178.jpg 2048w\" sizes=\"(max-width: 604px) 100vw, 604px\" \/> <img decoding=\"async\" class=\"aligncenter size-large wp-image-16535\" src=\"http:\/\/altgsgrebenstein.de\/wp-content\/uploads\/2024\/03\/Foto-8-722x1024.jpg\" alt=\"\" width=\"604\" height=\"857\" srcset=\"https:\/\/altgsgrebenstein.de\/wp-content\/uploads\/2024\/03\/Foto-8-722x1024.jpg 722w, https:\/\/altgsgrebenstein.de\/wp-content\/uploads\/2024\/03\/Foto-8-212x300.jpg 212w, https:\/\/altgsgrebenstein.de\/wp-content\/uploads\/2024\/03\/Foto-8-768x1089.jpg 768w, https:\/\/altgsgrebenstein.de\/wp-content\/uploads\/2024\/03\/Foto-8-1083x1536.jpg 1083w, https:\/\/altgsgrebenstein.de\/wp-content\/uploads\/2024\/03\/Foto-8.jpg 1434w\" sizes=\"(max-width: 604px) 100vw, 604px\" \/> <img decoding=\"async\" class=\"aligncenter size-large wp-image-16536\" src=\"http:\/\/altgsgrebenstein.de\/wp-content\/uploads\/2024\/03\/Foto-6-943x1024.jpg\" alt=\"\" width=\"604\" height=\"656\" srcset=\"https:\/\/altgsgrebenstein.de\/wp-content\/uploads\/2024\/03\/Foto-6-943x1024.jpg 943w, https:\/\/altgsgrebenstein.de\/wp-content\/uploads\/2024\/03\/Foto-6-276x300.jpg 276w, https:\/\/altgsgrebenstein.de\/wp-content\/uploads\/2024\/03\/Foto-6-768x834.jpg 768w, https:\/\/altgsgrebenstein.de\/wp-content\/uploads\/2024\/03\/Foto-6-1415x1536.jpg 1415w, https:\/\/altgsgrebenstein.de\/wp-content\/uploads\/2024\/03\/Foto-6.jpg 1830w\" sizes=\"(max-width: 604px) 100vw, 604px\" \/><\/p>\n<p>Alle Kisten sind liebevoll gearbeitet und im Detail exakt ausgestaltet. Der verantwortliche Deutschlehrer Robin G\u00f6ring (G5a) und die Deutschlehrerin Rita Hirdes-Bettenh\u00e4user (G5b) waren v\u00f6llig \u00fcberrascht und schlie\u00dflich absolut begeistert von den Ergebnissen ihrer Sch\u00fcler_Innen. Schnell war klar, dass diese kleinen \u201eWunderwerke\u201c der gesamten Schulgemeinde pr\u00e4sentiert werden mussten. Wer diese Ausstellung vers\u00e4umt hat, kann hier noch einige kleine \u201eTierwelten\u201c auf den hochgeladenen Fotos bestaunen.<\/p>\n<p><img decoding=\"async\" class=\"aligncenter size-large wp-image-16537\" src=\"http:\/\/altgsgrebenstein.de\/wp-content\/uploads\/2024\/03\/Foto-9-1024x768.jpg\" alt=\"\" width=\"604\" height=\"453\" srcset=\"https:\/\/altgsgrebenstein.de\/wp-content\/uploads\/2024\/03\/Foto-9-1024x768.jpg 1024w, https:\/\/altgsgrebenstein.de\/wp-content\/uploads\/2024\/03\/Foto-9-300x225.jpg 300w, https:\/\/altgsgrebenstein.de\/wp-content\/uploads\/2024\/03\/Foto-9-768x576.jpg 768w, https:\/\/altgsgrebenstein.de\/wp-content\/uploads\/2024\/03\/Foto-9-1536x1152.jpg 1536w, https:\/\/altgsgrebenstein.de\/wp-content\/uploads\/2024\/03\/Foto-9.jpg 2048w\" sizes=\"(max-width: 604px) 100vw, 604px\" \/> <img decoding=\"async\" class=\"aligncenter size-large wp-image-16538\" src=\"http:\/\/altgsgrebenstein.de\/wp-content\/uploads\/2024\/03\/Foto-4-1024x785.jpg\" alt=\"\" width=\"604\" height=\"463\" srcset=\"https:\/\/altgsgrebenstein.de\/wp-content\/uploads\/2024\/03\/Foto-4-1024x785.jpg 1024w, https:\/\/altgsgrebenstein.de\/wp-content\/uploads\/2024\/03\/Foto-4-300x230.jpg 300w, https:\/\/altgsgrebenstein.de\/wp-content\/uploads\/2024\/03\/Foto-4-768x589.jpg 768w, https:\/\/altgsgrebenstein.de\/wp-content\/uploads\/2024\/03\/Foto-4-1536x1178.jpg 1536w, https:\/\/altgsgrebenstein.de\/wp-content\/uploads\/2024\/03\/Foto-4-2048x1570.jpg 2048w\" sizes=\"(max-width: 604px) 100vw, 604px\" \/> <img decoding=\"async\" class=\"aligncenter size-large wp-image-16539\" src=\"http:\/\/altgsgrebenstein.de\/wp-content\/uploads\/2024\/03\/Foto-3-804x1024.jpg\" alt=\"\" width=\"604\" height=\"769\" srcset=\"https:\/\/altgsgrebenstein.de\/wp-content\/uploads\/2024\/03\/Foto-3-804x1024.jpg 804w, https:\/\/altgsgrebenstein.de\/wp-content\/uploads\/2024\/03\/Foto-3-236x300.jpg 236w, https:\/\/altgsgrebenstein.de\/wp-content\/uploads\/2024\/03\/Foto-3-768x978.jpg 768w, https:\/\/altgsgrebenstein.de\/wp-content\/uploads\/2024\/03\/Foto-3-1206x1536.jpg 1206w, https:\/\/altgsgrebenstein.de\/wp-content\/uploads\/2024\/03\/Foto-3-1608x2048.jpg 1608w, https:\/\/altgsgrebenstein.de\/wp-content\/uploads\/2024\/03\/Foto-3.jpg 1716w\" sizes=\"(max-width: 604px) 100vw, 604px\" \/> <img decoding=\"async\" class=\"aligncenter size-large wp-image-16540\" src=\"http:\/\/altgsgrebenstein.de\/wp-content\/uploads\/2024\/03\/Foto-1-923x1024.jpg\" alt=\"\" width=\"604\" height=\"670\" srcset=\"https:\/\/altgsgrebenstein.de\/wp-content\/uploads\/2024\/03\/Foto-1-923x1024.jpg 923w, https:\/\/altgsgrebenstein.de\/wp-content\/uploads\/2024\/03\/Foto-1-270x300.jpg 270w, https:\/\/altgsgrebenstein.de\/wp-content\/uploads\/2024\/03\/Foto-1-768x852.jpg 768w, https:\/\/altgsgrebenstein.de\/wp-content\/uploads\/2024\/03\/Foto-1-1385x1536.jpg 1385w, https:\/\/altgsgrebenstein.de\/wp-content\/uploads\/2024\/03\/Foto-1-1846x2048.jpg 1846w, https:\/\/altgsgrebenstein.de\/wp-content\/uploads\/2024\/03\/Foto-1.jpg 1848w\" sizes=\"(max-width: 604px) 100vw, 604px\" \/> <img decoding=\"async\" class=\"aligncenter size-large wp-image-16541\" src=\"http:\/\/altgsgrebenstein.de\/wp-content\/uploads\/2024\/03\/Foto-2-987x1024.jpg\" alt=\"\" width=\"604\" height=\"627\" srcset=\"https:\/\/altgsgrebenstein.de\/wp-content\/uploads\/2024\/03\/Foto-2-987x1024.jpg 987w, https:\/\/altgsgrebenstein.de\/wp-content\/uploads\/2024\/03\/Foto-2-289x300.jpg 289w, https:\/\/altgsgrebenstein.de\/wp-content\/uploads\/2024\/03\/Foto-2-768x797.jpg 768w, https:\/\/altgsgrebenstein.de\/wp-content\/uploads\/2024\/03\/Foto-2-1481x1536.jpg 1481w, https:\/\/altgsgrebenstein.de\/wp-content\/uploads\/2024\/03\/Foto-2.jpg 1848w\" sizes=\"(max-width: 604px) 100vw, 604px\" \/><\/p>\n<p>RHB<\/p>\n","protected":false},"excerpt":{"rendered":"<p>Die in den letzten zwei Wochen im Deutschunterricht entstandenen \u201eTierkisten\u201c sollten eigentlich als \u201eUnterst\u00fctzer\u201c zum Thema \u201eBeschreiben\u201c eingesetzt werden. Die Klassen bekamen die Aufgabe, ein Tier mit Hilfe einer passend gestalteten Kiste und mit f\u00fcnf in der Kiste sich befindenden Gest\u00e4nden beschreibend zu pr\u00e4sentieren. \u00a0Was dann allerdings bei den Sch\u00fclerinnen und Sch\u00fclern entstand, waren kleine &hellip; <a href=\"https:\/\/altgsgrebenstein.de\/?p=16532\" class=\"more-link\"><span class=\"screen-reader-text\">HGS-Kulturpause: G5er stellen kleine Tierwelten aus<\/span> weiterlesen <span class=\"meta-nav\">&rarr;<\/span><\/a><\/p>\n","protected":false},"author":28,"featured_media":0,"comment_status":"closed","ping_status":"closed","sticky":false,"template":"","format":"standard","meta":{"saved_in_kubio":false,"footnotes":""},"categories":[33,1],"tags":[],"class_list":["post-16532","post","type-post","status-publish","format-standard","hentry","category-archiv","category-uncategorized"],"_links":{"self":[{"href":"https:\/\/altgsgrebenstein.de\/index.php?rest_route=\/wp\/v2\/posts\/16532","targetHints":{"allow":["GET"]}}],"collection":[{"href":"https:\/\/altgsgrebenstein.de\/index.php?rest_route=\/wp\/v2\/posts"}],"about":[{"href":"https:\/\/altgsgrebenstein.de\/index.php?rest_route=\/wp\/v2\/types\/post"}],"author":[{"embeddable":true,"href":"https:\/\/altgsgrebenstein.de\/index.php?rest_route=\/wp\/v2\/users\/28"}],"replies":[{"embeddable":true,"href":"https:\/\/altgsgrebenstein.de\/index.php?rest_route=%2Fwp%2Fv2%2Fcomments&post=16532"}],"version-history":[{"count":2,"href":"https:\/\/altgsgrebenstein.de\/index.php?rest_route=\/wp\/v2\/posts\/16532\/revisions"}],"predecessor-version":[{"id":16562,"href":"https:\/\/altgsgrebenstein.de\/index.php?rest_route=\/wp\/v2\/posts\/16532\/revisions\/16562"}],"wp:attachment":[{"href":"https:\/\/altgsgrebenstein.de\/index.php?rest_route=%2Fwp%2Fv2%2Fmedia&parent=16532"}],"wp:term":[{"taxonomy":"category","embeddable":true,"href":"https:\/\/altgsgrebenstein.de\/index.php?rest_route=%2Fwp%2Fv2%2Fcategories&post=16532"},{"taxonomy":"post_tag","embeddable":true,"href":"https:\/\/altgsgrebenstein.de\/index.php?rest_route=%2Fwp%2Fv2%2Ftags&post=16532"}],"curies":[{"name":"wp","href":"https:\/\/api.w.org\/{rel}","templated":true}]}}