{"id":16515,"date":"2024-02-25T14:55:38","date_gmt":"2024-02-25T13:55:38","guid":{"rendered":"http:\/\/altgsgrebenstein.de\/?p=16515"},"modified":"2024-09-08T11:06:19","modified_gmt":"2024-09-08T10:06:19","slug":"der-wochenendrebell-jason-von-juterczenka-besucht-die-hgs","status":"publish","type":"post","link":"https:\/\/altgsgrebenstein.de\/?p=16515","title":{"rendered":"Der \u201eWochenendrebell\u201c Jason von Juterczenka besucht die HGS"},"content":{"rendered":"<p>Er f\u00fchlte sich schon fr\u00fch wie auf einem falschen Planeten, so beschreibt Jason von Juterczenka die ersten Tage im Kindergarten. \u201eIch war richtig, aber die anderen waren falsch.\u201c\u00a0 Was der 18-J\u00e4hrige den beiden zuh\u00f6renden Klassen G10a und G10b am vergangenen Montag in der Aula erl\u00e4uterte, ist das \u201eWrong Planet Syndrom\u201c. Auf einem falschen Planeten gestrandet zu sein, die Regeln ihrer Bewohner nicht zu verstehen, so dr\u00fccken Menschen mit Asperger\/Autismus eher \u201escherzhaft\u201c ihr Anderssein aus.<\/p>\n<p>Und genau darum und um noch viel mehr ging es in dem eineinhalbst\u00fcndigen Gespr\u00e4ch, zum dem die beiden Deutschlehrerinnen der G10 Klassen Frauke Lackner, Christiane Melzer und Gymnasialleiter Dirk Weidmann Jason von Juterczenka eingeladen hatten.<\/p>\n<p>Inhalt in den letzten Wochen des Deutschunterrichts waren ein Buch und ein Film, die beide in den letzten Jahren Erfolge feierten.<\/p>\n<p>\u201eDie Wochenendrebellen\u201c begann als regelm\u00e4\u00dfiger Blog, den Jasons Vater Mirco \u00fcber seine Ausfl\u00fcge mit seinem autistischen Sohn Jason in die Fu\u00dfballstadien Deutschlands ver\u00f6ffentlichte. Ziel war f\u00fcr beide, dass Jason seinen Lieblingsverein suchen und finden k\u00f6nnte. Das war allerdings dann keine einfache Angelegenheit, denn Jason stellte Regeln auf, die es zu erf\u00fcllen galt.<\/p>\n<p>Aus dem Blog entstand ein Buch, was sich lohnt zu lesen. Denn mit viel Herz geschrieben erf\u00e4hrt der Leser, die Leserin, wie schwer und durchaus auch kurios es ist, mit einem Menschen mit Asperger\/Autismus zu leben.<\/p>\n<p>Die Klassen interessierte, wie aus dem Buch schlie\u00dflich ein Film wurde. Jason berichtete, dass auf das mittlerweile mehrfach ausgezeichnete Buch ein Drehbuchautor aufmerksam wurde und er in enger Absprache mit dem Autor schlie\u00dflich dem Filmprojekt zustimmte.<\/p>\n<p>Die Wochenendrebellen \u2013 der Film entstand.<\/p>\n<p>Auf gro\u00dfes Interesse der Klassen stie\u00df ebenfalls das Drehen des Films und alles, was dazu geh\u00f6rt. Jason berichtete, dass u.a. die Szene, in der er und sein Vater mitspielen, fast sechs Stunden dauerte bis sie \u201eim Kasten\u201c war. Keine leichte Aufgabe. Des Weiteren zeigte Jason gro\u00dfen Respekt f\u00fcr die Rolle des kleinen Jungen, der im Film Jason darstellte. Noch heute habe er Kontakt zu ihm. Seine Familie, sein Vater und auch seine Mutter seien m Film realit\u00e4tsgetreu darstellt worden. Auf die Mobbingsituationen, die der Film zeigte, angesprochen, erkl\u00e4rte Jason, dass sie in der Realit\u00e4t viel \u201ekrasser\u201c gewesen seien.\u00a0 \u201eJunge Kinder sind einfach schlimmer\u201c, so fast Jason es zusammen.<\/p>\n<p>Nach dem Schulwechsel von der Grundschule in die HGS habe er versucht Distanz zu Sch\u00fclerInnen aufzubauen, um Konflikten aus dem Wege zu gehen. Die Zeit in der Mittelstufe war zwar etwas einfacher, aber insgesamt auch keine leichte Zeit f\u00fcr ihn. Erst in der Oberstufe, in der Jason jetzt sein letztes halbes Jahr verbringt und im Fr\u00fchjahr sein Abitur ablegt, entspannte sich f\u00fcr ihn das schulische Leben. Jason sagt \u00fcber sich, dass \u201eFreunde finden\u201c nie eine leichte Aufgabe war und Kommunikation schwierig sei, denn er kann unterschwellige Botschaften nicht entschl\u00fcsseln. Er erkennt keine emotionalen Verletzungen und Gef\u00fchlszust\u00e4nde sind fast egal. Das habe dann oft zu Missverst\u00e4ndnissen gef\u00fchrt. Heute wissen seine Freunde \u00fcber seine Besonderheiten Bescheid und ber\u00fccksichtigen sie. Alles sei viel einfacher geworden.<\/p>\n<p><img decoding=\"async\" class=\"aligncenter size-large wp-image-16516\" src=\"http:\/\/altgsgrebenstein.de\/wp-content\/uploads\/2024\/02\/Jason-von-Juterczenka-in-der-HGS-955x1024.jpg\" alt=\"\" width=\"604\" height=\"648\" srcset=\"https:\/\/altgsgrebenstein.de\/wp-content\/uploads\/2024\/02\/Jason-von-Juterczenka-in-der-HGS-955x1024.jpg 955w, https:\/\/altgsgrebenstein.de\/wp-content\/uploads\/2024\/02\/Jason-von-Juterczenka-in-der-HGS-280x300.jpg 280w, https:\/\/altgsgrebenstein.de\/wp-content\/uploads\/2024\/02\/Jason-von-Juterczenka-in-der-HGS-768x824.jpg 768w, https:\/\/altgsgrebenstein.de\/wp-content\/uploads\/2024\/02\/Jason-von-Juterczenka-in-der-HGS-1432x1536.jpg 1432w, https:\/\/altgsgrebenstein.de\/wp-content\/uploads\/2024\/02\/Jason-von-Juterczenka-in-der-HGS.jpg 1723w\" sizes=\"(max-width: 604px) 100vw, 604px\" \/><\/p>\n<p>Befragt nach seiner Zukunft, nach seinem \u201eTraumleben\u201c antwortet der Abiturient, dass seine Zufriedenheit stark von der globalen Lage der Welt abh\u00e4ngig sei. Und die beschreibt er als desastr\u00f6s. Vieles laufe falsch. Jason m\u00f6chte Physik studieren und forschen. \u201eEinen Beitrag f\u00fcr die Menschheit leisten\u201c, das sei sein gro\u00dfes Lebensziel. Am Forschungszentrum CERN (Europ\u00e4ische Organisation f\u00fcr Kernforschung) in der Schweiz hat Jason bereits ein Schul-Praktikum absolviert. Somit ist er nah dran, an den gro\u00dfen Entwicklungen unserer Welt.<\/p>\n<p>Die Frage eines Sch\u00fclers nach Jasons m\u00f6glicher Karriere als Politiker, in dessen Rolle er auch die Welt verbessern k\u00f6nne, antwortet er schnell, dass seine Kompromisslosigkeit dem im Wege stehen w\u00fcrde.<\/p>\n<p>Die Geschichten um Jason, seinen Vater Mirco und die \u201eAbenteuer\u201c der Wochenendrebellen gehen weiter. Diesmal haben beide gemeinsam an der Fortsetzung geschrieben. In \u201eChaos auf Augenh\u00f6he\u201c erf\u00e4hrt der Leser, die Leserin wie es weitergeht nach 2016.<\/p>\n<p>Eine Kostprobe des neuen Buches gab Jason von Juterczenka in der Kulturpause der HGS, was ca. 100 Sch\u00fcler_Innen und Lehrer_Innen sehr interessierte.<\/p>\n<p>Die HGS freut sich auf ein Wiedersehen mit neuen Erlebnissen der \u201eWochenendrebellen\u201c und interessantem Austausch mit diesem bemerkenswerten jungen Erwachsenen, der mit Intelligenz und Mut seine besonderen Herausforderungen bew\u00e4ltigt.<\/p>\n<p>Wer noch mehr wissen will, der schaut nach unter:<\/p>\n<p>Wochenendrebell.de<\/p>\n<p>RHB<\/p>\n","protected":false},"excerpt":{"rendered":"<p>Er f\u00fchlte sich schon fr\u00fch wie auf einem falschen Planeten, so beschreibt Jason von Juterczenka die ersten Tage im Kindergarten. \u201eIch war richtig, aber die anderen waren falsch.\u201c\u00a0 Was der 18-J\u00e4hrige den beiden zuh\u00f6renden Klassen G10a und G10b am vergangenen Montag in der Aula erl\u00e4uterte, ist das \u201eWrong Planet Syndrom\u201c. Auf einem falschen Planeten gestrandet &hellip; <a href=\"https:\/\/altgsgrebenstein.de\/?p=16515\" class=\"more-link\"><span class=\"screen-reader-text\">Der \u201eWochenendrebell\u201c Jason von Juterczenka besucht die HGS<\/span> weiterlesen <span class=\"meta-nav\">&rarr;<\/span><\/a><\/p>\n","protected":false},"author":28,"featured_media":0,"comment_status":"closed","ping_status":"closed","sticky":false,"template":"","format":"standard","meta":{"saved_in_kubio":false,"footnotes":""},"categories":[33,1],"tags":[],"class_list":["post-16515","post","type-post","status-publish","format-standard","hentry","category-archiv","category-uncategorized"],"_links":{"self":[{"href":"https:\/\/altgsgrebenstein.de\/index.php?rest_route=\/wp\/v2\/posts\/16515","targetHints":{"allow":["GET"]}}],"collection":[{"href":"https:\/\/altgsgrebenstein.de\/index.php?rest_route=\/wp\/v2\/posts"}],"about":[{"href":"https:\/\/altgsgrebenstein.de\/index.php?rest_route=\/wp\/v2\/types\/post"}],"author":[{"embeddable":true,"href":"https:\/\/altgsgrebenstein.de\/index.php?rest_route=\/wp\/v2\/users\/28"}],"replies":[{"embeddable":true,"href":"https:\/\/altgsgrebenstein.de\/index.php?rest_route=%2Fwp%2Fv2%2Fcomments&post=16515"}],"version-history":[{"count":1,"href":"https:\/\/altgsgrebenstein.de\/index.php?rest_route=\/wp\/v2\/posts\/16515\/revisions"}],"predecessor-version":[{"id":16517,"href":"https:\/\/altgsgrebenstein.de\/index.php?rest_route=\/wp\/v2\/posts\/16515\/revisions\/16517"}],"wp:attachment":[{"href":"https:\/\/altgsgrebenstein.de\/index.php?rest_route=%2Fwp%2Fv2%2Fmedia&parent=16515"}],"wp:term":[{"taxonomy":"category","embeddable":true,"href":"https:\/\/altgsgrebenstein.de\/index.php?rest_route=%2Fwp%2Fv2%2Fcategories&post=16515"},{"taxonomy":"post_tag","embeddable":true,"href":"https:\/\/altgsgrebenstein.de\/index.php?rest_route=%2Fwp%2Fv2%2Ftags&post=16515"}],"curies":[{"name":"wp","href":"https:\/\/api.w.org\/{rel}","templated":true}]}}