{"id":16506,"date":"2024-02-24T09:20:15","date_gmt":"2024-02-24T08:20:15","guid":{"rendered":"http:\/\/altgsgrebenstein.de\/?p=16506"},"modified":"2024-09-08T11:06:12","modified_gmt":"2024-09-08T10:06:12","slug":"verleihung-des-fssj-siegels","status":"publish","type":"post","link":"https:\/\/altgsgrebenstein.de\/?p=16506","title":{"rendered":"Verleihung des FSSJ-Siegels"},"content":{"rendered":"<p><strong>Grebenstein. <\/strong>Am 23.02.2024 wurde der Heinrich-Grupe-Schule im Beisein der Vizelandr\u00e4tin des Landkreises, Frau Engler sowie Frau Ramus vom Freiwilligendienst Kassel das FSSJ-Siegel verliehen.<\/p>\n<p><img decoding=\"async\" class=\"aligncenter size-large wp-image-16508\" src=\"http:\/\/altgsgrebenstein.de\/wp-content\/uploads\/2024\/02\/DSC_9100-1024x678.jpg\" alt=\"\" width=\"604\" height=\"400\" srcset=\"https:\/\/altgsgrebenstein.de\/wp-content\/uploads\/2024\/02\/DSC_9100-1024x678.jpg 1024w, https:\/\/altgsgrebenstein.de\/wp-content\/uploads\/2024\/02\/DSC_9100-300x199.jpg 300w, https:\/\/altgsgrebenstein.de\/wp-content\/uploads\/2024\/02\/DSC_9100-768x509.jpg 768w, https:\/\/altgsgrebenstein.de\/wp-content\/uploads\/2024\/02\/DSC_9100-1536x1017.jpg 1536w, https:\/\/altgsgrebenstein.de\/wp-content\/uploads\/2024\/02\/DSC_9100-2048x1356.jpg 2048w\" sizes=\"(max-width: 604px) 100vw, 604px\" \/><\/p>\n<p><img decoding=\"async\" class=\"aligncenter size-large wp-image-16509\" src=\"http:\/\/altgsgrebenstein.de\/wp-content\/uploads\/2024\/02\/DSC_9105-1024x678.jpg\" alt=\"\" width=\"604\" height=\"400\" srcset=\"https:\/\/altgsgrebenstein.de\/wp-content\/uploads\/2024\/02\/DSC_9105-1024x678.jpg 1024w, https:\/\/altgsgrebenstein.de\/wp-content\/uploads\/2024\/02\/DSC_9105-300x199.jpg 300w, https:\/\/altgsgrebenstein.de\/wp-content\/uploads\/2024\/02\/DSC_9105-768x509.jpg 768w, https:\/\/altgsgrebenstein.de\/wp-content\/uploads\/2024\/02\/DSC_9105-1536x1017.jpg 1536w, https:\/\/altgsgrebenstein.de\/wp-content\/uploads\/2024\/02\/DSC_9105-2048x1356.jpg 2048w\" sizes=\"(max-width: 604px) 100vw, 604px\" \/><\/p>\n<p>FSSJ steht f\u00fcr <strong>F<\/strong>reiwilliges <strong>S<\/strong>oziales <strong>S<\/strong>chul<strong>j<\/strong>ahr und r\u00fcckt das ehrenamtliche Engagement durch Sch\u00fclerinnen und Sch\u00fcler innerhalb der Schulgemeinde in den Fokus und w\u00fcrdigt diesen zus\u00e4tzlichen gemeinn\u00fctzigen Einsatz von 2 Stunden pro Woche bzw. 80 Stunden pro Schuljahr.<\/p>\n<p>Anwesend waren BusbegleiterInnen sowie Mitglieder der Sch\u00fclervertretung, um gemeinsam mit Schulleiterin Martina Boye-Griesel und Realschulzweigleiterin Laura Bodden das Siegel entgegenzunehmen.<\/p>\n<p><img decoding=\"async\" class=\"aligncenter wp-image-16510 size-large\" src=\"http:\/\/altgsgrebenstein.de\/wp-content\/uploads\/2024\/02\/DSC_9106-scaled-e1708762633607-1024x632.jpg\" alt=\"\" width=\"604\" height=\"373\" srcset=\"https:\/\/altgsgrebenstein.de\/wp-content\/uploads\/2024\/02\/DSC_9106-scaled-e1708762633607-1024x632.jpg 1024w, https:\/\/altgsgrebenstein.de\/wp-content\/uploads\/2024\/02\/DSC_9106-scaled-e1708762633607-300x185.jpg 300w, https:\/\/altgsgrebenstein.de\/wp-content\/uploads\/2024\/02\/DSC_9106-scaled-e1708762633607-768x474.jpg 768w, https:\/\/altgsgrebenstein.de\/wp-content\/uploads\/2024\/02\/DSC_9106-scaled-e1708762633607-1536x949.jpg 1536w, https:\/\/altgsgrebenstein.de\/wp-content\/uploads\/2024\/02\/DSC_9106-scaled-e1708762633607-2048x1265.jpg 2048w\" sizes=\"(max-width: 604px) 100vw, 604px\" \/><\/p>\n<p>Frau Engler hob die besondere gesellschaftliche und schulische Bedeutung des Ehrenamtes hervor. Frau Ramus betonte, dass die schulische Vernetzung und das n\u00f6tige Engagement elementar und wichtig sind, um die Schulgemeinde zu unterst\u00fctzen.<\/p>\n<p>LJ<\/p>\n","protected":false},"excerpt":{"rendered":"<p>Grebenstein. Am 23.02.2024 wurde der Heinrich-Grupe-Schule im Beisein der Vizelandr\u00e4tin des Landkreises, Frau Engler sowie Frau Ramus vom Freiwilligendienst Kassel das FSSJ-Siegel verliehen. FSSJ steht f\u00fcr Freiwilliges Soziales Schuljahr und r\u00fcckt das ehrenamtliche Engagement durch Sch\u00fclerinnen und Sch\u00fcler innerhalb der Schulgemeinde in den Fokus und w\u00fcrdigt diesen zus\u00e4tzlichen gemeinn\u00fctzigen Einsatz von 2 Stunden pro Woche &hellip; <a href=\"https:\/\/altgsgrebenstein.de\/?p=16506\" class=\"more-link\"><span class=\"screen-reader-text\">Verleihung des FSSJ-Siegels<\/span> weiterlesen <span class=\"meta-nav\">&rarr;<\/span><\/a><\/p>\n","protected":false},"author":28,"featured_media":0,"comment_status":"closed","ping_status":"closed","sticky":false,"template":"","format":"standard","meta":{"saved_in_kubio":false,"footnotes":""},"categories":[33,1],"tags":[],"class_list":["post-16506","post","type-post","status-publish","format-standard","hentry","category-archiv","category-uncategorized"],"_links":{"self":[{"href":"https:\/\/altgsgrebenstein.de\/index.php?rest_route=\/wp\/v2\/posts\/16506","targetHints":{"allow":["GET"]}}],"collection":[{"href":"https:\/\/altgsgrebenstein.de\/index.php?rest_route=\/wp\/v2\/posts"}],"about":[{"href":"https:\/\/altgsgrebenstein.de\/index.php?rest_route=\/wp\/v2\/types\/post"}],"author":[{"embeddable":true,"href":"https:\/\/altgsgrebenstein.de\/index.php?rest_route=\/wp\/v2\/users\/28"}],"replies":[{"embeddable":true,"href":"https:\/\/altgsgrebenstein.de\/index.php?rest_route=%2Fwp%2Fv2%2Fcomments&post=16506"}],"version-history":[{"count":2,"href":"https:\/\/altgsgrebenstein.de\/index.php?rest_route=\/wp\/v2\/posts\/16506\/revisions"}],"predecessor-version":[{"id":16512,"href":"https:\/\/altgsgrebenstein.de\/index.php?rest_route=\/wp\/v2\/posts\/16506\/revisions\/16512"}],"wp:attachment":[{"href":"https:\/\/altgsgrebenstein.de\/index.php?rest_route=%2Fwp%2Fv2%2Fmedia&parent=16506"}],"wp:term":[{"taxonomy":"category","embeddable":true,"href":"https:\/\/altgsgrebenstein.de\/index.php?rest_route=%2Fwp%2Fv2%2Fcategories&post=16506"},{"taxonomy":"post_tag","embeddable":true,"href":"https:\/\/altgsgrebenstein.de\/index.php?rest_route=%2Fwp%2Fv2%2Ftags&post=16506"}],"curies":[{"name":"wp","href":"https:\/\/api.w.org\/{rel}","templated":true}]}}