{"id":16490,"date":"2024-02-23T08:03:00","date_gmt":"2024-02-23T07:03:00","guid":{"rendered":"http:\/\/altgsgrebenstein.de\/?p=16490"},"modified":"2024-09-08T11:06:03","modified_gmt":"2024-09-08T10:06:03","slug":"vorlesewettbewerb-2023-24-in-hofgeismar-kreisentscheid","status":"publish","type":"post","link":"https:\/\/altgsgrebenstein.de\/?p=16490","title":{"rendered":"Vorlesewettbewerb 2023\/24 in Hofgeismar \u2013 Kreisentscheid"},"content":{"rendered":"<p>Eine angenehm aufgeregte und gespannte Stimmung herrschte am Vormittag des 22.02.2024 beim Kreisentscheid des 65. Vorlesewettbewerbs 2023\/24 an der Gustav-Heinemann-Schule. Unter dem Motto \u201eMeine Superkraft: Vorlesen\u201c waren 13 Kinder aus dem Landkreis Kassel eingeladen, unter ihnen auch Frederik Weidmann aus der G6b der Heinrich-Grupe- Schule. Alle wurden von der Organisatorin Frau S\u00f6hne und dem Schulleiter der Hofgeismarer Gesamtschule, Herrn Schwab, herzlich begr\u00fc\u00dft.<\/p>\n<p><img decoding=\"async\" class=\"aligncenter size-large wp-image-16491\" src=\"http:\/\/altgsgrebenstein.de\/wp-content\/uploads\/2024\/02\/20240222_122542-1024x768.jpg\" alt=\"\" width=\"604\" height=\"453\" srcset=\"https:\/\/altgsgrebenstein.de\/wp-content\/uploads\/2024\/02\/20240222_122542-1024x768.jpg 1024w, https:\/\/altgsgrebenstein.de\/wp-content\/uploads\/2024\/02\/20240222_122542-300x225.jpg 300w, https:\/\/altgsgrebenstein.de\/wp-content\/uploads\/2024\/02\/20240222_122542-768x576.jpg 768w, https:\/\/altgsgrebenstein.de\/wp-content\/uploads\/2024\/02\/20240222_122542-1536x1152.jpg 1536w, https:\/\/altgsgrebenstein.de\/wp-content\/uploads\/2024\/02\/20240222_122542-2048x1536.jpg 2048w\" sizes=\"(max-width: 604px) 100vw, 604px\" \/><\/p>\n<p>Dass Vorlesen eine besondere Kunst ist, stellten die 13 Kinder, die alle bereits Gro\u00dfartiges geleistet haben und als Sieger aus ihrer jeweiligen Schule hervorgegangen sind, unter Beweis. Die diesj\u00e4hrige f\u00fcnfk\u00f6pfige Jury hatte wahrlich keine leichte Aufgabe, denn die Leseleistung der Sch\u00fclerinnen und der vier Sch\u00fcler war unglaublich hoch.<\/p>\n<p>Gelesen wurde aus sehr unterschiedlichen B\u00fcchern, von gerade neu erschienenen, wie \u201eSkyborn, die Goldfl\u00fcgelpr\u00fcfung\u201c, bis hin zu echten Kinderbuchklassikern wie \u201eKrabat\u201c von Otfried Preu\u00dfler. Auch Frederik las aus einem bekannten Kinderbuch, dem \u201eWunschpunsch\u201c von Michael Ende vor und begeisterte mit seinem Lesevortrag die Zuh\u00f6rer.<\/p>\n<p>Am Ende gab es ein Stechen zwischen f\u00fcnf Kindern, die allesamt einen f\u00fcr sie fremden Text aus \u201eDie ??? kids \u2013 Besuch von Michael Jackson\u201c zu lesen hatten. Auch hier war beeindruckend, wie sicher, fl\u00fcssig und gut betont alle Kinder diesen Fremdtext nach nur einer Minute Vorbereitungszeit vortragen konnten.<\/p>\n<p>Schlie\u00dflich ging Frederik Weidmann als Sieger aus diesem Wettbewerb hervor und machte damit deutlich, dass seine \u201eSuperkraft\u201c ganz sicher das Vorlesen ist.<\/p>\n<p><img decoding=\"async\" class=\"aligncenter size-large wp-image-16492\" src=\"http:\/\/altgsgrebenstein.de\/wp-content\/uploads\/2024\/02\/20240222_122841-768x1024.jpg\" alt=\"\" width=\"604\" height=\"805\" srcset=\"https:\/\/altgsgrebenstein.de\/wp-content\/uploads\/2024\/02\/20240222_122841-768x1024.jpg 768w, https:\/\/altgsgrebenstein.de\/wp-content\/uploads\/2024\/02\/20240222_122841-225x300.jpg 225w, https:\/\/altgsgrebenstein.de\/wp-content\/uploads\/2024\/02\/20240222_122841-1152x1536.jpg 1152w, https:\/\/altgsgrebenstein.de\/wp-content\/uploads\/2024\/02\/20240222_122841-1536x2048.jpg 1536w, https:\/\/altgsgrebenstein.de\/wp-content\/uploads\/2024\/02\/20240222_122841-scaled.jpg 1920w\" sizes=\"(max-width: 604px) 100vw, 604px\" \/><\/p>\n<p>Die Schulgemeinde gratuliert Frederik ganz herzlich zu seinem Erfolg und w\u00fcnscht ihm f\u00fcr den Bezirksentscheid alles Gute!<\/p>\n<p>&nbsp;<\/p>\n<p>Wiebke H\u00fcner<\/p>\n<p>&nbsp;<\/p>\n","protected":false},"excerpt":{"rendered":"<p>Eine angenehm aufgeregte und gespannte Stimmung herrschte am Vormittag des 22.02.2024 beim Kreisentscheid des 65. Vorlesewettbewerbs 2023\/24 an der Gustav-Heinemann-Schule. Unter dem Motto \u201eMeine Superkraft: Vorlesen\u201c waren 13 Kinder aus dem Landkreis Kassel eingeladen, unter ihnen auch Frederik Weidmann aus der G6b der Heinrich-Grupe- Schule. Alle wurden von der Organisatorin Frau S\u00f6hne und dem Schulleiter &hellip; <a href=\"https:\/\/altgsgrebenstein.de\/?p=16490\" class=\"more-link\"><span class=\"screen-reader-text\">Vorlesewettbewerb 2023\/24 in Hofgeismar \u2013 Kreisentscheid<\/span> weiterlesen <span class=\"meta-nav\">&rarr;<\/span><\/a><\/p>\n","protected":false},"author":28,"featured_media":0,"comment_status":"closed","ping_status":"closed","sticky":false,"template":"","format":"standard","meta":{"saved_in_kubio":false,"footnotes":""},"categories":[33,1],"tags":[],"class_list":["post-16490","post","type-post","status-publish","format-standard","hentry","category-archiv","category-uncategorized"],"_links":{"self":[{"href":"https:\/\/altgsgrebenstein.de\/index.php?rest_route=\/wp\/v2\/posts\/16490","targetHints":{"allow":["GET"]}}],"collection":[{"href":"https:\/\/altgsgrebenstein.de\/index.php?rest_route=\/wp\/v2\/posts"}],"about":[{"href":"https:\/\/altgsgrebenstein.de\/index.php?rest_route=\/wp\/v2\/types\/post"}],"author":[{"embeddable":true,"href":"https:\/\/altgsgrebenstein.de\/index.php?rest_route=\/wp\/v2\/users\/28"}],"replies":[{"embeddable":true,"href":"https:\/\/altgsgrebenstein.de\/index.php?rest_route=%2Fwp%2Fv2%2Fcomments&post=16490"}],"version-history":[{"count":1,"href":"https:\/\/altgsgrebenstein.de\/index.php?rest_route=\/wp\/v2\/posts\/16490\/revisions"}],"predecessor-version":[{"id":16493,"href":"https:\/\/altgsgrebenstein.de\/index.php?rest_route=\/wp\/v2\/posts\/16490\/revisions\/16493"}],"wp:attachment":[{"href":"https:\/\/altgsgrebenstein.de\/index.php?rest_route=%2Fwp%2Fv2%2Fmedia&parent=16490"}],"wp:term":[{"taxonomy":"category","embeddable":true,"href":"https:\/\/altgsgrebenstein.de\/index.php?rest_route=%2Fwp%2Fv2%2Fcategories&post=16490"},{"taxonomy":"post_tag","embeddable":true,"href":"https:\/\/altgsgrebenstein.de\/index.php?rest_route=%2Fwp%2Fv2%2Ftags&post=16490"}],"curies":[{"name":"wp","href":"https:\/\/api.w.org\/{rel}","templated":true}]}}