{"id":16450,"date":"2024-02-12T07:21:53","date_gmt":"2024-02-12T06:21:53","guid":{"rendered":"http:\/\/altgsgrebenstein.de\/?p=16450"},"modified":"2024-09-08T11:05:53","modified_gmt":"2024-09-08T10:05:53","slug":"wieder-einmal-eine-willkommene-abwechslung-zum-schulalltag","status":"publish","type":"post","link":"https:\/\/altgsgrebenstein.de\/?p=16450","title":{"rendered":"Wieder einmal eine willkommene Abwechslung zum Schulalltag"},"content":{"rendered":"<p>Auch in diesem Jahr fand zum wiederholten Male KomPo 7 an der HGS statt. Vom 07.02. \u2013 09.02. erlebten die Sch\u00fclerinnen und Sch\u00fcler der Klassen H7, R7a und R7b etwas andere Einblicke w\u00e4hrend ihrer Zeit in der Schule. Zu einem gro\u00dfen Teil ging es darum, im Team zu arbeiten, was in der heutigen Arbeitswelt eine Selbstverst\u00e4ndlichkeit darstellt.<\/p>\n<p><img decoding=\"async\" class=\"aligncenter size-large wp-image-16451\" src=\"http:\/\/altgsgrebenstein.de\/wp-content\/uploads\/2024\/02\/Praesentation_Murmelbahn-1024x768.jpg\" alt=\"\" width=\"604\" height=\"453\" srcset=\"https:\/\/altgsgrebenstein.de\/wp-content\/uploads\/2024\/02\/Praesentation_Murmelbahn-1024x768.jpg 1024w, https:\/\/altgsgrebenstein.de\/wp-content\/uploads\/2024\/02\/Praesentation_Murmelbahn-300x225.jpg 300w, https:\/\/altgsgrebenstein.de\/wp-content\/uploads\/2024\/02\/Praesentation_Murmelbahn-768x576.jpg 768w, https:\/\/altgsgrebenstein.de\/wp-content\/uploads\/2024\/02\/Praesentation_Murmelbahn-1536x1152.jpg 1536w, https:\/\/altgsgrebenstein.de\/wp-content\/uploads\/2024\/02\/Praesentation_Murmelbahn.jpg 1600w\" sizes=\"(max-width: 604px) 100vw, 604px\" \/><\/p>\n<p>Bei erlebnis- und handlungsorientierten \u00dcbungen ging es beispielsweise darum, eine Murmelbahn aus Papier zu bauen, wobei die Murmel m\u00f6glichst lange rollen sollte, ein Ei mit Hilfe von Strohhalmen vor dem Zerbrechen zu retten (aus 2,40m H\u00f6he gar nicht so leicht), bei der \u00dcbung Heliumstab eine Holzleiste auf 16 Fingern zu Boden zu bringen oder die Familie Meier in den Zoo zu begleiten.<\/p>\n<p><img decoding=\"async\" class=\"aligncenter size-large wp-image-16452\" src=\"http:\/\/altgsgrebenstein.de\/wp-content\/uploads\/2024\/02\/Kleinstes-Haus_1-768x1024.jpg\" alt=\"\" width=\"604\" height=\"805\" srcset=\"https:\/\/altgsgrebenstein.de\/wp-content\/uploads\/2024\/02\/Kleinstes-Haus_1-768x1024.jpg 768w, https:\/\/altgsgrebenstein.de\/wp-content\/uploads\/2024\/02\/Kleinstes-Haus_1-225x300.jpg 225w, https:\/\/altgsgrebenstein.de\/wp-content\/uploads\/2024\/02\/Kleinstes-Haus_1-1152x1536.jpg 1152w, https:\/\/altgsgrebenstein.de\/wp-content\/uploads\/2024\/02\/Kleinstes-Haus_1.jpg 1200w\" sizes=\"(max-width: 604px) 100vw, 604px\" \/><\/p>\n<p>Einen ganz besonderen Stellenwert hatte auch dieses Mal wieder das Jobinterview, f\u00fcr das sich die drei Klassen Fragen \u00fcberlegten, die dann Vertretern aus der Wirtschaft gestellt werden durften. Dieses Mal waren mit Herrn Frank vom Garten- und Landschaftsbau Betrieb aus Grebenstein und Kevin Gante (selbst Sch\u00fcler an der HGS und 2010 abgegangen) vom gleichnamigen Fliesenlegerfachbetrieb zwei G\u00e4ste aus dem Handwerk vor Ort und beantworteten alle Fragen, die die Sch\u00fclerinnen und Sch\u00fcler auf dem Herzen hatten. Hierbei ging es beispielsweise um Fragen zum jeweiligen Betrieb, zur Ausbildung, zu den Arbeitsbedingungen oder den Arbeitsmitteln. Etwas zu lachen gab es bei der Frage an Herrn Gante, ob es denn auch anstrengende Kunden gibt und was der speziellste Auftrag war. Wie wichtig der Aspekt der Kreativit\u00e4t f\u00fcr einen Fliesenleger ist, erfuhren die Sch\u00fclerinnen und Sch\u00fcler dann mit der Antwort. Der Wunsch wurde umgesetzt und es gab eine gl\u00fcckliche Kundin mehr.<\/p>\n<p><img decoding=\"async\" class=\"aligncenter size-large wp-image-16453\" src=\"http:\/\/altgsgrebenstein.de\/wp-content\/uploads\/2024\/02\/Kevin-Gante-461x1024.jpg\" alt=\"\" width=\"461\" height=\"1024\" srcset=\"https:\/\/altgsgrebenstein.de\/wp-content\/uploads\/2024\/02\/Kevin-Gante-461x1024.jpg 461w, https:\/\/altgsgrebenstein.de\/wp-content\/uploads\/2024\/02\/Kevin-Gante-135x300.jpg 135w, https:\/\/altgsgrebenstein.de\/wp-content\/uploads\/2024\/02\/Kevin-Gante-768x1707.jpg 768w, https:\/\/altgsgrebenstein.de\/wp-content\/uploads\/2024\/02\/Kevin-Gante-691x1536.jpg 691w, https:\/\/altgsgrebenstein.de\/wp-content\/uploads\/2024\/02\/Kevin-Gante-922x2048.jpg 922w, https:\/\/altgsgrebenstein.de\/wp-content\/uploads\/2024\/02\/Kevin-Gante-scaled.jpg 1152w\" sizes=\"(max-width: 461px) 100vw, 461px\" \/><\/p>\n<p>Alles in allem l\u00e4sst sich festhalten, dass die Sch\u00fclerinnen und Sch\u00fcler einiges \u00fcber ihre St\u00e4rken und zwei sehr interessante Berufe erfuhren und was Chefs von zuk\u00fcnftigen Praktikanten und Auszubildenden erwarten. Dar\u00fcber hinaus wurde deutlich, dass es oftmals einfacher ist gemeinsam verzwickte Situationen zu l\u00f6sen und es auch einiges zu lachen gab. Wie das Helium in die Holzleiste gelangte und diese, trotz aller Bem\u00fchungen, sie auf den Boden abzulegen, immer wieder in die H\u00f6he schwebte, bleibt einigen Sch\u00fclerinnen und Sch\u00fclern wohl noch l\u00e4nger ein R\u00e4tsel?!<\/p>\n<p>Ein herzliches Dankesch\u00f6n gilt allen unterst\u00fctzenden Kolleginnen und Kollegen sowie Herrn Frank &amp; Herrn Gante!<\/p>\n<p><img decoding=\"async\" class=\"aligncenter size-large wp-image-16454\" src=\"http:\/\/altgsgrebenstein.de\/wp-content\/uploads\/2024\/02\/Knoten-in-der-Leitung-1024x768.jpg\" alt=\"\" width=\"604\" height=\"453\" srcset=\"https:\/\/altgsgrebenstein.de\/wp-content\/uploads\/2024\/02\/Knoten-in-der-Leitung-1024x768.jpg 1024w, https:\/\/altgsgrebenstein.de\/wp-content\/uploads\/2024\/02\/Knoten-in-der-Leitung-300x225.jpg 300w, https:\/\/altgsgrebenstein.de\/wp-content\/uploads\/2024\/02\/Knoten-in-der-Leitung-768x576.jpg 768w, https:\/\/altgsgrebenstein.de\/wp-content\/uploads\/2024\/02\/Knoten-in-der-Leitung-1536x1152.jpg 1536w, https:\/\/altgsgrebenstein.de\/wp-content\/uploads\/2024\/02\/Knoten-in-der-Leitung.jpg 1600w\" sizes=\"(max-width: 604px) 100vw, 604px\" \/><\/p>\n","protected":false},"excerpt":{"rendered":"<p>Auch in diesem Jahr fand zum wiederholten Male KomPo 7 an der HGS statt. Vom 07.02. \u2013 09.02. erlebten die Sch\u00fclerinnen und Sch\u00fcler der Klassen H7, R7a und R7b etwas andere Einblicke w\u00e4hrend ihrer Zeit in der Schule. Zu einem gro\u00dfen Teil ging es darum, im Team zu arbeiten, was in der heutigen Arbeitswelt eine &hellip; <a href=\"https:\/\/altgsgrebenstein.de\/?p=16450\" class=\"more-link\"><span class=\"screen-reader-text\">Wieder einmal eine willkommene Abwechslung zum Schulalltag<\/span> weiterlesen <span class=\"meta-nav\">&rarr;<\/span><\/a><\/p>\n","protected":false},"author":28,"featured_media":0,"comment_status":"closed","ping_status":"closed","sticky":false,"template":"","format":"standard","meta":{"saved_in_kubio":false,"footnotes":""},"categories":[33,1],"tags":[],"class_list":["post-16450","post","type-post","status-publish","format-standard","hentry","category-archiv","category-uncategorized"],"_links":{"self":[{"href":"https:\/\/altgsgrebenstein.de\/index.php?rest_route=\/wp\/v2\/posts\/16450","targetHints":{"allow":["GET"]}}],"collection":[{"href":"https:\/\/altgsgrebenstein.de\/index.php?rest_route=\/wp\/v2\/posts"}],"about":[{"href":"https:\/\/altgsgrebenstein.de\/index.php?rest_route=\/wp\/v2\/types\/post"}],"author":[{"embeddable":true,"href":"https:\/\/altgsgrebenstein.de\/index.php?rest_route=\/wp\/v2\/users\/28"}],"replies":[{"embeddable":true,"href":"https:\/\/altgsgrebenstein.de\/index.php?rest_route=%2Fwp%2Fv2%2Fcomments&post=16450"}],"version-history":[{"count":3,"href":"https:\/\/altgsgrebenstein.de\/index.php?rest_route=\/wp\/v2\/posts\/16450\/revisions"}],"predecessor-version":[{"id":16458,"href":"https:\/\/altgsgrebenstein.de\/index.php?rest_route=\/wp\/v2\/posts\/16450\/revisions\/16458"}],"wp:attachment":[{"href":"https:\/\/altgsgrebenstein.de\/index.php?rest_route=%2Fwp%2Fv2%2Fmedia&parent=16450"}],"wp:term":[{"taxonomy":"category","embeddable":true,"href":"https:\/\/altgsgrebenstein.de\/index.php?rest_route=%2Fwp%2Fv2%2Fcategories&post=16450"},{"taxonomy":"post_tag","embeddable":true,"href":"https:\/\/altgsgrebenstein.de\/index.php?rest_route=%2Fwp%2Fv2%2Ftags&post=16450"}],"curies":[{"name":"wp","href":"https:\/\/api.w.org\/{rel}","templated":true}]}}