{"id":16435,"date":"2024-02-07T13:33:34","date_gmt":"2024-02-07T12:33:34","guid":{"rendered":"http:\/\/altgsgrebenstein.de\/?p=16435"},"modified":"2024-09-08T11:05:40","modified_gmt":"2024-09-08T10:05:40","slug":"die-g7b-laesst-sich-zum-thema-gewaltpraevention-schulen-pit-praevention-im-team","status":"publish","type":"post","link":"https:\/\/altgsgrebenstein.de\/?p=16435","title":{"rendered":"Die G7b l\u00e4sst sich zum Thema Gewaltpr\u00e4vention schulen \u2013 PiT \u2013 Pr\u00e4vention im Team"},"content":{"rendered":"<p>Nach den Winterferien fand in Neuauflage und in Neubesetzung das Gewaltpr\u00e4ventionsprojekt \u201ePiT\u201c \u2013 (Pr\u00e4vention im Team) in der Zehntscheune in Grebenstein statt.<\/p>\n<p><img decoding=\"async\" class=\"aligncenter size-large wp-image-16436\" src=\"http:\/\/altgsgrebenstein.de\/wp-content\/uploads\/2024\/02\/P1010101-1024x768.jpg\" alt=\"\" width=\"604\" height=\"453\" srcset=\"https:\/\/altgsgrebenstein.de\/wp-content\/uploads\/2024\/02\/P1010101-1024x768.jpg 1024w, https:\/\/altgsgrebenstein.de\/wp-content\/uploads\/2024\/02\/P1010101-300x225.jpg 300w, https:\/\/altgsgrebenstein.de\/wp-content\/uploads\/2024\/02\/P1010101-768x576.jpg 768w, https:\/\/altgsgrebenstein.de\/wp-content\/uploads\/2024\/02\/P1010101-1536x1152.jpg 1536w, https:\/\/altgsgrebenstein.de\/wp-content\/uploads\/2024\/02\/P1010101-2048x1536.jpg 2048w\" sizes=\"(max-width: 604px) 100vw, 604px\" \/><\/p>\n<p>PiT ist ein opferzentriertes Programm des Landes Hessen, welches Sch\u00fclerinnen und Sch\u00fclern erm\u00f6glicht, eigene, gewaltfreie Handlungsm\u00f6glichkeiten in gewaltbesetzten Situationen zu entwickeln und auszuprobieren. Dabei ist der Trainingsansatz immer gewaltfrei.<\/p>\n<p><img decoding=\"async\" class=\"aligncenter size-large wp-image-16437\" src=\"http:\/\/altgsgrebenstein.de\/wp-content\/uploads\/2024\/02\/P1010085-1024x768.jpg\" alt=\"\" width=\"604\" height=\"453\" srcset=\"https:\/\/altgsgrebenstein.de\/wp-content\/uploads\/2024\/02\/P1010085-1024x768.jpg 1024w, https:\/\/altgsgrebenstein.de\/wp-content\/uploads\/2024\/02\/P1010085-300x225.jpg 300w, https:\/\/altgsgrebenstein.de\/wp-content\/uploads\/2024\/02\/P1010085-768x576.jpg 768w, https:\/\/altgsgrebenstein.de\/wp-content\/uploads\/2024\/02\/P1010085-1536x1152.jpg 1536w, https:\/\/altgsgrebenstein.de\/wp-content\/uploads\/2024\/02\/P1010085-2048x1536.jpg 2048w\" sizes=\"(max-width: 604px) 100vw, 604px\" \/><br \/>\nDie Klasse G7b wurde an f\u00fcnf Tagen auf das Thema Gewalt im \u00f6ffentlichen Raum aufmerksam gemacht. Unteranderem besch\u00e4ftigten sich die Jugendlichen mit den Bausteinen: <em>Gef\u00fchle und Gewalt<\/em>, <em>Konfliktausstieg<\/em> und <em>Helferverhalten<\/em>.<br \/>\nZiel des Projektes ist es, Jugendliche des 7. Jahrgangs zum Thema Gewalt zu sensibilisieren und sprachf\u00e4hig zu machen. Unter dem Motto\u00a0\u201e<em>Erfahren statt Belehren\u201c<\/em>, lernte die Klasse in opferzentrierten Trainings, Sprachlosigkeit in Gewaltsituationen zu \u00fcberwinden und Konflikte gewaltfrei zu l\u00f6sen. Sie entwickelten Strategien, um in Gewaltsituationen handlungsf\u00e4hig zu bleiben.<\/p>\n<p><img decoding=\"async\" class=\"aligncenter size-large wp-image-16438\" src=\"http:\/\/altgsgrebenstein.de\/wp-content\/uploads\/2024\/02\/9021D6AB-25A4-4B29-AF6A-0B3F333FCA74-1024x765.jpeg\" alt=\"\" width=\"604\" height=\"451\" srcset=\"https:\/\/altgsgrebenstein.de\/wp-content\/uploads\/2024\/02\/9021D6AB-25A4-4B29-AF6A-0B3F333FCA74-1024x765.jpeg 1024w, https:\/\/altgsgrebenstein.de\/wp-content\/uploads\/2024\/02\/9021D6AB-25A4-4B29-AF6A-0B3F333FCA74-300x224.jpeg 300w, https:\/\/altgsgrebenstein.de\/wp-content\/uploads\/2024\/02\/9021D6AB-25A4-4B29-AF6A-0B3F333FCA74-768x574.jpeg 768w, https:\/\/altgsgrebenstein.de\/wp-content\/uploads\/2024\/02\/9021D6AB-25A4-4B29-AF6A-0B3F333FCA74-1536x1147.jpeg 1536w, https:\/\/altgsgrebenstein.de\/wp-content\/uploads\/2024\/02\/9021D6AB-25A4-4B29-AF6A-0B3F333FCA74-2048x1530.jpeg 2048w\" sizes=\"(max-width: 604px) 100vw, 604px\" \/><\/p>\n<p>Die Durchf\u00fchrung des Projektes wurde von den Lehrkr\u00e4ften Herrn Bikic und Frau Seewald, der UBUS-Kraft, Frau Fechner sowie dem Schutzmann vor Ort, Herrn Schmalz begleitet. Gerade die multiprofessionelle Aufstellung des Teams, erm\u00f6glicht einen guten Austausch und die Einnahme unterschiedlicher Blickwinkel auf die Thematik.\u00a0Alle Teilnehmenden hatten viel Freude bei der Umsetzung.<\/p>\n<p>&nbsp;<\/p>\n","protected":false},"excerpt":{"rendered":"<p>Nach den Winterferien fand in Neuauflage und in Neubesetzung das Gewaltpr\u00e4ventionsprojekt \u201ePiT\u201c \u2013 (Pr\u00e4vention im Team) in der Zehntscheune in Grebenstein statt. PiT ist ein opferzentriertes Programm des Landes Hessen, welches Sch\u00fclerinnen und Sch\u00fclern erm\u00f6glicht, eigene, gewaltfreie Handlungsm\u00f6glichkeiten in gewaltbesetzten Situationen zu entwickeln und auszuprobieren. Dabei ist der Trainingsansatz immer gewaltfrei. Die Klasse G7b wurde &hellip; <a href=\"https:\/\/altgsgrebenstein.de\/?p=16435\" class=\"more-link\"><span class=\"screen-reader-text\">Die G7b l\u00e4sst sich zum Thema Gewaltpr\u00e4vention schulen \u2013 PiT \u2013 Pr\u00e4vention im Team<\/span> weiterlesen <span class=\"meta-nav\">&rarr;<\/span><\/a><\/p>\n","protected":false},"author":28,"featured_media":0,"comment_status":"closed","ping_status":"closed","sticky":false,"template":"","format":"standard","meta":{"saved_in_kubio":false,"footnotes":""},"categories":[33,1],"tags":[],"class_list":["post-16435","post","type-post","status-publish","format-standard","hentry","category-archiv","category-uncategorized"],"_links":{"self":[{"href":"https:\/\/altgsgrebenstein.de\/index.php?rest_route=\/wp\/v2\/posts\/16435","targetHints":{"allow":["GET"]}}],"collection":[{"href":"https:\/\/altgsgrebenstein.de\/index.php?rest_route=\/wp\/v2\/posts"}],"about":[{"href":"https:\/\/altgsgrebenstein.de\/index.php?rest_route=\/wp\/v2\/types\/post"}],"author":[{"embeddable":true,"href":"https:\/\/altgsgrebenstein.de\/index.php?rest_route=\/wp\/v2\/users\/28"}],"replies":[{"embeddable":true,"href":"https:\/\/altgsgrebenstein.de\/index.php?rest_route=%2Fwp%2Fv2%2Fcomments&post=16435"}],"version-history":[{"count":1,"href":"https:\/\/altgsgrebenstein.de\/index.php?rest_route=\/wp\/v2\/posts\/16435\/revisions"}],"predecessor-version":[{"id":16439,"href":"https:\/\/altgsgrebenstein.de\/index.php?rest_route=\/wp\/v2\/posts\/16435\/revisions\/16439"}],"wp:attachment":[{"href":"https:\/\/altgsgrebenstein.de\/index.php?rest_route=%2Fwp%2Fv2%2Fmedia&parent=16435"}],"wp:term":[{"taxonomy":"category","embeddable":true,"href":"https:\/\/altgsgrebenstein.de\/index.php?rest_route=%2Fwp%2Fv2%2Fcategories&post=16435"},{"taxonomy":"post_tag","embeddable":true,"href":"https:\/\/altgsgrebenstein.de\/index.php?rest_route=%2Fwp%2Fv2%2Ftags&post=16435"}],"curies":[{"name":"wp","href":"https:\/\/api.w.org\/{rel}","templated":true}]}}