{"id":16422,"date":"2024-02-06T18:38:08","date_gmt":"2024-02-06T17:38:08","guid":{"rendered":"http:\/\/altgsgrebenstein.de\/?p=16422"},"modified":"2024-09-08T11:05:32","modified_gmt":"2024-09-08T10:05:32","slug":"ki-und-digitalisierung-im-unterricht-paedagogischer-tag-an-der-hgs","status":"publish","type":"post","link":"https:\/\/altgsgrebenstein.de\/?p=16422","title":{"rendered":"KI und Digitalisierung im Unterricht &#8211; P\u00e4dagogischer Tag an der HGS"},"content":{"rendered":"<p><strong>Grebenstein. <\/strong>W\u00e4hrend die Sch\u00fclerinnen und Sch\u00fcler der HGS zum Halbjahresbeginn, versorgt mit Aufgaben noch einen Tag zu Hause arbeiteten, fand am Dienstag der traditionelle p\u00e4dagogische Tag der Lehrkr\u00e4fte statt. \u00a0Das Thema des heutigen Tages lautete \u201eKI und Digitalisierung \u2013 Chancen und Herausforderungen f\u00fcr den Lehrberuf\u201c und wurde von den beiden Lehrerinnen Amy Jakings-Engel und Julia Wiedmann organisiert und angeleitet.<\/p>\n<p><img decoding=\"async\" class=\"aligncenter size-large wp-image-16423\" src=\"http:\/\/altgsgrebenstein.de\/wp-content\/uploads\/2024\/02\/20240206_090935-1024x576.jpg\" alt=\"\" width=\"604\" height=\"340\" srcset=\"https:\/\/altgsgrebenstein.de\/wp-content\/uploads\/2024\/02\/20240206_090935-1024x576.jpg 1024w, https:\/\/altgsgrebenstein.de\/wp-content\/uploads\/2024\/02\/20240206_090935-300x169.jpg 300w, https:\/\/altgsgrebenstein.de\/wp-content\/uploads\/2024\/02\/20240206_090935-768x432.jpg 768w, https:\/\/altgsgrebenstein.de\/wp-content\/uploads\/2024\/02\/20240206_090935-1536x864.jpg 1536w, https:\/\/altgsgrebenstein.de\/wp-content\/uploads\/2024\/02\/20240206_090935-2048x1152.jpg 2048w\" sizes=\"(max-width: 604px) 100vw, 604px\" \/><\/p>\n<p>Im Begr\u00fc\u00dfungswort betonte Schulleiterin Martina Boye-Griesel die Bedeutung k\u00fcnstlicher Intelligenz im p\u00e4dagogischen und schulischen Kontext. Sie sei mittlerweile an den Schulen und in der Gesellschaft angekommen und man d\u00fcrfe vor ihr nicht die Augen verschlie\u00dfen, sondern sukzessive die vielf\u00e4ltigen Potentiale nutzen und unter fachkundiger Anleitung in den Unterricht implementieren.<\/p>\n<p>Frau Wiedmann und Frau Jakings-Engel, die sich bereits seit mehr als 3 Jahren mit der Thematik befassen, stellten unterschiedliche Tools und Apps vor, die den Schulalltag erleichtern sowie Lernprozesse begleiten und unterst\u00fctzen k\u00f6nnen. Richtig angewandt stellt KI eine Bereicherung dar, das \u201eKnow-How\u201c m\u00fcsse schrittweise vermittelt werden und soll einen Baustein digitalen Lernens abbilden.<\/p>\n<p><img decoding=\"async\" class=\"aligncenter size-large wp-image-16424\" src=\"http:\/\/altgsgrebenstein.de\/wp-content\/uploads\/2024\/02\/IMG-20240206-WA0002-1024x635.jpg\" alt=\"\" width=\"604\" height=\"375\" srcset=\"https:\/\/altgsgrebenstein.de\/wp-content\/uploads\/2024\/02\/IMG-20240206-WA0002-1024x635.jpg 1024w, https:\/\/altgsgrebenstein.de\/wp-content\/uploads\/2024\/02\/IMG-20240206-WA0002-300x186.jpg 300w, https:\/\/altgsgrebenstein.de\/wp-content\/uploads\/2024\/02\/IMG-20240206-WA0002-768x476.jpg 768w, https:\/\/altgsgrebenstein.de\/wp-content\/uploads\/2024\/02\/IMG-20240206-WA0002-1536x952.jpg 1536w, https:\/\/altgsgrebenstein.de\/wp-content\/uploads\/2024\/02\/IMG-20240206-WA0002.jpg 1741w\" sizes=\"(max-width: 604px) 100vw, 604px\" \/><\/p>\n<p>Im zweiten Teil des Tages befassten sich die Lehrkr\u00e4fte, eingeteilt in verschiedene Arbeitsgruppen der Fachbereiche mit inhaltlichen Fragen bez\u00fcglich der Unterrichtsgestaltung innerhalb der einzelnen F\u00e4cher und arbeiteten erste Unterrichtskonzepte heraus, die mit Hilfe von KI gestaltet werden k\u00f6nnen. Somit blicken alle Beteiligten man auf einen interessanten und gewinnbringenden Tag zur\u00fcck, der die Unterrichtspraxis perspektivisch erleichtert und digitales Arbeiten erg\u00e4nzt.<\/p>\n<p>LJ<\/p>\n<p>&nbsp;<\/p>\n","protected":false},"excerpt":{"rendered":"<p>Grebenstein. W\u00e4hrend die Sch\u00fclerinnen und Sch\u00fcler der HGS zum Halbjahresbeginn, versorgt mit Aufgaben noch einen Tag zu Hause arbeiteten, fand am Dienstag der traditionelle p\u00e4dagogische Tag der Lehrkr\u00e4fte statt. \u00a0Das Thema des heutigen Tages lautete \u201eKI und Digitalisierung \u2013 Chancen und Herausforderungen f\u00fcr den Lehrberuf\u201c und wurde von den beiden Lehrerinnen Amy Jakings-Engel und Julia &hellip; <a href=\"https:\/\/altgsgrebenstein.de\/?p=16422\" class=\"more-link\"><span class=\"screen-reader-text\">KI und Digitalisierung im Unterricht &#8211; P\u00e4dagogischer Tag an der HGS<\/span> weiterlesen <span class=\"meta-nav\">&rarr;<\/span><\/a><\/p>\n","protected":false},"author":28,"featured_media":0,"comment_status":"closed","ping_status":"closed","sticky":false,"template":"","format":"standard","meta":{"saved_in_kubio":false,"footnotes":""},"categories":[33,1],"tags":[],"class_list":["post-16422","post","type-post","status-publish","format-standard","hentry","category-archiv","category-uncategorized"],"_links":{"self":[{"href":"https:\/\/altgsgrebenstein.de\/index.php?rest_route=\/wp\/v2\/posts\/16422","targetHints":{"allow":["GET"]}}],"collection":[{"href":"https:\/\/altgsgrebenstein.de\/index.php?rest_route=\/wp\/v2\/posts"}],"about":[{"href":"https:\/\/altgsgrebenstein.de\/index.php?rest_route=\/wp\/v2\/types\/post"}],"author":[{"embeddable":true,"href":"https:\/\/altgsgrebenstein.de\/index.php?rest_route=\/wp\/v2\/users\/28"}],"replies":[{"embeddable":true,"href":"https:\/\/altgsgrebenstein.de\/index.php?rest_route=%2Fwp%2Fv2%2Fcomments&post=16422"}],"version-history":[{"count":1,"href":"https:\/\/altgsgrebenstein.de\/index.php?rest_route=\/wp\/v2\/posts\/16422\/revisions"}],"predecessor-version":[{"id":16425,"href":"https:\/\/altgsgrebenstein.de\/index.php?rest_route=\/wp\/v2\/posts\/16422\/revisions\/16425"}],"wp:attachment":[{"href":"https:\/\/altgsgrebenstein.de\/index.php?rest_route=%2Fwp%2Fv2%2Fmedia&parent=16422"}],"wp:term":[{"taxonomy":"category","embeddable":true,"href":"https:\/\/altgsgrebenstein.de\/index.php?rest_route=%2Fwp%2Fv2%2Fcategories&post=16422"},{"taxonomy":"post_tag","embeddable":true,"href":"https:\/\/altgsgrebenstein.de\/index.php?rest_route=%2Fwp%2Fv2%2Ftags&post=16422"}],"curies":[{"name":"wp","href":"https:\/\/api.w.org\/{rel}","templated":true}]}}