{"id":16404,"date":"2024-01-30T18:25:21","date_gmt":"2024-01-30T17:25:21","guid":{"rendered":"http:\/\/altgsgrebenstein.de\/?p=16404"},"modified":"2024-09-08T11:05:20","modified_gmt":"2024-09-08T10:05:20","slug":"lesung-von-dr-martin-doerry-toleranz-nur-darum-geht-es","status":"publish","type":"post","link":"https:\/\/altgsgrebenstein.de\/?p=16404","title":{"rendered":"Lesung von Dr. Martin Doerry &#8211; \u201eToleranz. Nur darum geht es.\u201c"},"content":{"rendered":"<p><strong>Grebenstein.<\/strong> Es war f\u00fcr alle Beteiligten eine Premiere: F\u00fcr die Sch\u00fclerinnen und Sch\u00fcler der Abgangsklassen der Heinrich-Grupe-Schule Grebenstein und auch f\u00fcr den Journalisten und Historiker Dr. Martin Doerry, der am letzten Montag im Januar aus seinem Buch \u201eLillis Tochter. Das Leben meiner Mutter im Schatten der Vergangenheit \u2013 eine deutsch-j\u00fcdische Familiengeschichte\u201c las.<\/p>\n<p><img decoding=\"async\" class=\"aligncenter size-large wp-image-16405\" src=\"http:\/\/altgsgrebenstein.de\/wp-content\/uploads\/2024\/01\/DSC_9063-1024x678.jpg\" alt=\"\" width=\"604\" height=\"400\" srcset=\"https:\/\/altgsgrebenstein.de\/wp-content\/uploads\/2024\/01\/DSC_9063-1024x678.jpg 1024w, https:\/\/altgsgrebenstein.de\/wp-content\/uploads\/2024\/01\/DSC_9063-300x199.jpg 300w, https:\/\/altgsgrebenstein.de\/wp-content\/uploads\/2024\/01\/DSC_9063-768x509.jpg 768w, https:\/\/altgsgrebenstein.de\/wp-content\/uploads\/2024\/01\/DSC_9063-1536x1017.jpg 1536w, https:\/\/altgsgrebenstein.de\/wp-content\/uploads\/2024\/01\/DSC_9063-2048x1356.jpg 2048w\" sizes=\"(max-width: 604px) 100vw, 604px\" \/><\/p>\n<p>Das im Herbst 2023 erschienene Buch thematisiert das Trauma seiner Mutter Ilse Doerry, die nicht nur den fr\u00fchen Verlust ihrer eigenen Mutter Dr. Lilli Jahn erlebte, sondern auch zeitlebens versuchte, ihren Platz in der Gesellschaft zu finden. Das Trauma des Verlusts der von den Nationalsozialisten in Auschwitz ermordeten Mutter, die Verantwortung des M\u00e4dchens f\u00fcr die j\u00fcngeren Geschwister, die fortw\u00e4hrenden Ressentiments auch nach Ende des NS-Regime, hatten bei Ilse Doerry tiefe Spuren hinterlassen. Zudem litten sie und ihre Geschwister darunter, dass ihr Vater Ernst Jahn Verantwortung am Tod Lillis trug. Dar\u00fcber hatten Ilse Doerry und ihre Geschwister jahrelang geschwiegen. Doerry las Ausz\u00fcge und w\u00e4hrend dieser 50 Minuten herrschte in der Neuen Aula gebannte Aufmerksamkeit. Interesse, Betroffenheit, Nachdenklichkeit \u2013 all das zeigte sich in den Gesichtern der Jungen und M\u00e4dchen.<\/p>\n<p>Von der Gelegenheit, im Anschluss Fragen zu stellen, machten die k\u00fcnftigen Schulabg\u00e4nger regen Gebrauch und dabei drehte sich nicht alles um den Inhalt des Buches. Doerry ging auf jeden Beitrag ein, antwortete zu seiner Religiosit\u00e4t, m\u00f6glichen Schreibblockaden und Zeitr\u00e4umen, bis ein Buch erscheine und fand hier einen guten Zugang zu seinem Publikum. Gefragt, wie die Geschwister seiner Mutter auf das Projekt reagierten, aus den Briefen ein Buch entstehen zu lassen, berichtete der Hamburger, dass sie zun\u00e4chst nicht begeistert gewesen seien. Das Thema sei zu privat, habe ein Argument gelautet. Schlie\u00dflich habe die Einsicht in die politische Notwendigkeit, \u00fcber das Thema zu berichten, zu Akzeptanz gef\u00fchrt. Mit einem emotionalen Beitrag meldete sich eine externe Zuh\u00f6rerin zu Wort. Sie schilderte, dass sie an der Jacob-Grimm-Schule, der Bildungseinrichtung, die auch Ilse Doerry besucht hatte, ihr Abitur abgelegt und sp\u00e4ter in Immenhausen als Lehrerin gearbeitet habe. Die Lesung in Grebenstein hatte bei der \u00e4lteren Dame sichtlich f\u00fcr Emotionen gesorgt: \u201eSo etwas wie heute hier an dieser Stelle, habe ich noch nicht erlebt.\u201c Sie erz\u00e4hlte, dass auch in ihrer Familie zu viel geschwiegen worden sei und endete mit dem Rat an die Jugendlichen: \u201eSeid neugierig!\u201c Auf ihren Appell folgte lebhafter Applaus. Den gab es auch nach einem Bekenntnis von Martin Doerry. Dieser war gefragt worden, mit welchem Ziel er sein 2. Buch hatte schreiben wollen. \u201eZun\u00e4chst einmal wollte ich die Frage beantworten, was aus dem M\u00e4dchen geworden ist. Je \u00e4lter man wird, desto gr\u00f6\u00dfer wird das Interesse, mehr \u00fcber die eigene Familie zu erfahren.\u201c Gleichzeitig betonte er, dass es wichtig sei, heute solche Geschichten zu erz\u00e4hlen und leitete \u00fcber zu einer Wahrnehmung, die er beim Betreten der Schule gemacht habe: \u201eAls ich die Treppe zur Aula hochging, sah ich an den Stufen viele Begriffe wie Wertsch\u00e4tzung, Respekt, Empathie und Toleranz. Da war ich ganz begl\u00fcckt!\u201c<\/p>\n<p><img decoding=\"async\" class=\"aligncenter size-large wp-image-16406\" src=\"http:\/\/altgsgrebenstein.de\/wp-content\/uploads\/2024\/01\/DSC_9060-1024x678.jpg\" alt=\"\" width=\"604\" height=\"400\" srcset=\"https:\/\/altgsgrebenstein.de\/wp-content\/uploads\/2024\/01\/DSC_9060-1024x678.jpg 1024w, https:\/\/altgsgrebenstein.de\/wp-content\/uploads\/2024\/01\/DSC_9060-300x199.jpg 300w, https:\/\/altgsgrebenstein.de\/wp-content\/uploads\/2024\/01\/DSC_9060-768x509.jpg 768w, https:\/\/altgsgrebenstein.de\/wp-content\/uploads\/2024\/01\/DSC_9060-1536x1017.jpg 1536w, https:\/\/altgsgrebenstein.de\/wp-content\/uploads\/2024\/01\/DSC_9060-2048x1356.jpg 2048w\" sizes=\"(max-width: 604px) 100vw, 604px\" \/><\/p>\n<p>Sein Pl\u00e4doyer: \u201eDas sind die Basics, nur darum geht es. Es gibt keinen Grund, Juden zu hassen, Menschen zu hassen, die anders sind. Wir m\u00fcssen das Anderssein tolerieren. Wenn man diese Begriffe beherzigt, dann ist die Gesellschaft zu Demokratie f\u00e4hig.\u201c<\/p>\n<p>Im Anschluss an die Veranstaltung in Grebenstein las Doerry an der Albert-Schweitzer-Schule Hofgeismar vor den Geschichtskursen der Q3.<\/p>\n<p><em>Susann Adam<\/em><\/p>\n","protected":false},"excerpt":{"rendered":"<p>Grebenstein. Es war f\u00fcr alle Beteiligten eine Premiere: F\u00fcr die Sch\u00fclerinnen und Sch\u00fcler der Abgangsklassen der Heinrich-Grupe-Schule Grebenstein und auch f\u00fcr den Journalisten und Historiker Dr. Martin Doerry, der am letzten Montag im Januar aus seinem Buch \u201eLillis Tochter. Das Leben meiner Mutter im Schatten der Vergangenheit \u2013 eine deutsch-j\u00fcdische Familiengeschichte\u201c las. Das im Herbst &hellip; <a href=\"https:\/\/altgsgrebenstein.de\/?p=16404\" class=\"more-link\"><span class=\"screen-reader-text\">Lesung von Dr. Martin Doerry &#8211; \u201eToleranz. Nur darum geht es.\u201c<\/span> weiterlesen <span class=\"meta-nav\">&rarr;<\/span><\/a><\/p>\n","protected":false},"author":28,"featured_media":0,"comment_status":"closed","ping_status":"closed","sticky":false,"template":"","format":"standard","meta":{"saved_in_kubio":false,"footnotes":""},"categories":[33,1],"tags":[],"class_list":["post-16404","post","type-post","status-publish","format-standard","hentry","category-archiv","category-uncategorized"],"_links":{"self":[{"href":"https:\/\/altgsgrebenstein.de\/index.php?rest_route=\/wp\/v2\/posts\/16404","targetHints":{"allow":["GET"]}}],"collection":[{"href":"https:\/\/altgsgrebenstein.de\/index.php?rest_route=\/wp\/v2\/posts"}],"about":[{"href":"https:\/\/altgsgrebenstein.de\/index.php?rest_route=\/wp\/v2\/types\/post"}],"author":[{"embeddable":true,"href":"https:\/\/altgsgrebenstein.de\/index.php?rest_route=\/wp\/v2\/users\/28"}],"replies":[{"embeddable":true,"href":"https:\/\/altgsgrebenstein.de\/index.php?rest_route=%2Fwp%2Fv2%2Fcomments&post=16404"}],"version-history":[{"count":1,"href":"https:\/\/altgsgrebenstein.de\/index.php?rest_route=\/wp\/v2\/posts\/16404\/revisions"}],"predecessor-version":[{"id":16407,"href":"https:\/\/altgsgrebenstein.de\/index.php?rest_route=\/wp\/v2\/posts\/16404\/revisions\/16407"}],"wp:attachment":[{"href":"https:\/\/altgsgrebenstein.de\/index.php?rest_route=%2Fwp%2Fv2%2Fmedia&parent=16404"}],"wp:term":[{"taxonomy":"category","embeddable":true,"href":"https:\/\/altgsgrebenstein.de\/index.php?rest_route=%2Fwp%2Fv2%2Fcategories&post=16404"},{"taxonomy":"post_tag","embeddable":true,"href":"https:\/\/altgsgrebenstein.de\/index.php?rest_route=%2Fwp%2Fv2%2Ftags&post=16404"}],"curies":[{"name":"wp","href":"https:\/\/api.w.org\/{rel}","templated":true}]}}