{"id":16379,"date":"2024-01-26T09:39:29","date_gmt":"2024-01-26T08:39:29","guid":{"rendered":"http:\/\/altgsgrebenstein.de\/?p=16379"},"modified":"2024-09-08T11:05:02","modified_gmt":"2024-09-08T10:05:02","slug":"balladenabend-der-g7a","status":"publish","type":"post","link":"https:\/\/altgsgrebenstein.de\/?p=16379","title":{"rendered":"Balladenabend der G7a"},"content":{"rendered":"<p style=\"font-weight: 400;\">Als sie der G7a das Thema \u201eBalladen\u201c vorstellte, blickte die Deutschlehrerin Nina Gilfert in wenig begeisterte Gesichter. Leider ist das oftmals die Reaktion von Sch\u00fclerinnen und Sch\u00fclern, wenn es um das Thema Lyrik geht. Zu oft wird diese noch als eine Art Geheimwissenschaft gesehen, die nur etwas f\u00fcr Eingeweihte oder Freaks ist.<\/p>\n<p style=\"font-weight: 400;\">Aber Andreas Thalmayr schreibt in seinem Buch \u201eLyrik nervt. Erste-Hilfe f\u00fcr gestresste Leser\u201c: \u201e<em>Es gibt \u00fcberhaupt kein Gehirn in der Welt, in dem es nicht von Gedichten wimmelt.\u201c<\/em> Dies konnte man beim Balladenabend der G7a, der am 25.01.2024 in der Neuen Aula stattfand sehen und h\u00f6ren.<\/p>\n<p><img decoding=\"async\" class=\"alignnone size-medium wp-image-16385\" src=\"http:\/\/altgsgrebenstein.de\/wp-content\/uploads\/2024\/01\/IMG_2655-225x300.jpeg\" alt=\"\" width=\"225\" height=\"300\" srcset=\"https:\/\/altgsgrebenstein.de\/wp-content\/uploads\/2024\/01\/IMG_2655-225x300.jpeg 225w, https:\/\/altgsgrebenstein.de\/wp-content\/uploads\/2024\/01\/IMG_2655-768x1024.jpeg 768w, https:\/\/altgsgrebenstein.de\/wp-content\/uploads\/2024\/01\/IMG_2655-1152x1536.jpeg 1152w, https:\/\/altgsgrebenstein.de\/wp-content\/uploads\/2024\/01\/IMG_2655-1536x2048.jpeg 1536w, https:\/\/altgsgrebenstein.de\/wp-content\/uploads\/2024\/01\/IMG_2655-scaled.jpeg 1920w\" sizes=\"(max-width: 225px) 100vw, 225px\" \/><\/p>\n<p style=\"font-weight: 400;\">Im Unterricht hatten sie in Gruppen verschiedenste sehr kreative Zug\u00e4nge zu den Balladen \u201eDer Handschuh\u201c (Friedrich Schiller), \u201eDer Zauberlehrling\u201c (Johann Wolfgang von Goethe) und \u201eJohn Maynard\u201c (Theodor Fontane) gefunden, die sie an diesem Abend ihren Familien auf der B\u00fchne pr\u00e4sentierten. Dabei wurden die Talente eines jeden Einzelnen, aber auch die gute Klassengemeinschaft deutlich.<\/p>\n<p><img decoding=\"async\" class=\"alignnone size-medium wp-image-16380\" src=\"http:\/\/altgsgrebenstein.de\/wp-content\/uploads\/2024\/01\/IMG_2643-225x300.jpeg\" alt=\"\" width=\"225\" height=\"300\" srcset=\"https:\/\/altgsgrebenstein.de\/wp-content\/uploads\/2024\/01\/IMG_2643-225x300.jpeg 225w, https:\/\/altgsgrebenstein.de\/wp-content\/uploads\/2024\/01\/IMG_2643-768x1024.jpeg 768w, https:\/\/altgsgrebenstein.de\/wp-content\/uploads\/2024\/01\/IMG_2643-1152x1536.jpeg 1152w, https:\/\/altgsgrebenstein.de\/wp-content\/uploads\/2024\/01\/IMG_2643-1536x2048.jpeg 1536w, https:\/\/altgsgrebenstein.de\/wp-content\/uploads\/2024\/01\/IMG_2643-scaled.jpeg 1920w\" sizes=\"(max-width: 225px) 100vw, 225px\" \/><\/p>\n<p style=\"font-weight: 400;\">So rappte eine Gruppe \u201eDer Zauberlehrling\u201c, w\u00e4hrend eine andere Gruppe in einer Comedy-Folge der Tagesschau \u00fcber den tapferen Steuermann \u201eJohn Maynard\u201c berichtete.<\/p>\n<p><img decoding=\"async\" class=\"alignnone size-medium wp-image-16382\" src=\"http:\/\/altgsgrebenstein.de\/wp-content\/uploads\/2024\/01\/IMG_2656-225x300.jpeg\" alt=\"\" width=\"225\" height=\"300\" srcset=\"https:\/\/altgsgrebenstein.de\/wp-content\/uploads\/2024\/01\/IMG_2656-225x300.jpeg 225w, https:\/\/altgsgrebenstein.de\/wp-content\/uploads\/2024\/01\/IMG_2656-768x1024.jpeg 768w, https:\/\/altgsgrebenstein.de\/wp-content\/uploads\/2024\/01\/IMG_2656-1152x1536.jpeg 1152w, https:\/\/altgsgrebenstein.de\/wp-content\/uploads\/2024\/01\/IMG_2656-1536x2048.jpeg 1536w, https:\/\/altgsgrebenstein.de\/wp-content\/uploads\/2024\/01\/IMG_2656-scaled.jpeg 1920w\" sizes=\"(max-width: 225px) 100vw, 225px\" \/>\u00a0 \u00a0 \u00a0 \u00a0 <img decoding=\"async\" class=\"alignnone size-medium wp-image-16387\" src=\"http:\/\/altgsgrebenstein.de\/wp-content\/uploads\/2024\/01\/IMG_2658-225x300.jpeg\" alt=\"\" width=\"225\" height=\"300\" srcset=\"https:\/\/altgsgrebenstein.de\/wp-content\/uploads\/2024\/01\/IMG_2658-225x300.jpeg 225w, https:\/\/altgsgrebenstein.de\/wp-content\/uploads\/2024\/01\/IMG_2658-768x1024.jpeg 768w, https:\/\/altgsgrebenstein.de\/wp-content\/uploads\/2024\/01\/IMG_2658-1152x1536.jpeg 1152w, https:\/\/altgsgrebenstein.de\/wp-content\/uploads\/2024\/01\/IMG_2658-1536x2048.jpeg 1536w, https:\/\/altgsgrebenstein.de\/wp-content\/uploads\/2024\/01\/IMG_2658-scaled.jpeg 1920w\" sizes=\"(max-width: 225px) 100vw, 225px\" \/><\/p>\n<p style=\"font-weight: 400;\">\u201eDer Handschuh\u201c wurde zum Handy, der w\u00e4hrend der Boxweltmeisterschaft der Frauen aus dem Ring geholt werden musste und durch eine Zeitreise fand sich das Publikum in der originalen und nat\u00fcrlich englischsprachigen Handlung von \u201eJohn Maynard\u201c wieder.<\/p>\n<p><img decoding=\"async\" class=\"alignnone size-medium wp-image-16381\" src=\"http:\/\/altgsgrebenstein.de\/wp-content\/uploads\/2024\/01\/IMG_2652-225x300.jpeg\" alt=\"\" width=\"225\" height=\"300\" srcset=\"https:\/\/altgsgrebenstein.de\/wp-content\/uploads\/2024\/01\/IMG_2652-225x300.jpeg 225w, https:\/\/altgsgrebenstein.de\/wp-content\/uploads\/2024\/01\/IMG_2652-768x1024.jpeg 768w, https:\/\/altgsgrebenstein.de\/wp-content\/uploads\/2024\/01\/IMG_2652-1152x1536.jpeg 1152w, https:\/\/altgsgrebenstein.de\/wp-content\/uploads\/2024\/01\/IMG_2652-1536x2048.jpeg 1536w, https:\/\/altgsgrebenstein.de\/wp-content\/uploads\/2024\/01\/IMG_2652-scaled.jpeg 1920w\" sizes=\"(max-width: 225px) 100vw, 225px\" \/>\u00a0 \u00a0 \u00a0 \u00a0 \u00a0 \u00a0 \u00a0 <img decoding=\"async\" class=\"alignnone size-medium wp-image-16384\" src=\"http:\/\/altgsgrebenstein.de\/wp-content\/uploads\/2024\/01\/IMG_2682-225x300.jpeg\" alt=\"\" width=\"225\" height=\"300\" srcset=\"https:\/\/altgsgrebenstein.de\/wp-content\/uploads\/2024\/01\/IMG_2682-225x300.jpeg 225w, https:\/\/altgsgrebenstein.de\/wp-content\/uploads\/2024\/01\/IMG_2682-768x1024.jpeg 768w, https:\/\/altgsgrebenstein.de\/wp-content\/uploads\/2024\/01\/IMG_2682-1152x1536.jpeg 1152w, https:\/\/altgsgrebenstein.de\/wp-content\/uploads\/2024\/01\/IMG_2682-1536x2048.jpeg 1536w, https:\/\/altgsgrebenstein.de\/wp-content\/uploads\/2024\/01\/IMG_2682-scaled.jpeg 1920w\" sizes=\"(max-width: 225px) 100vw, 225px\" \/><\/p>\n<p style=\"font-weight: 400;\">Da sich das Wort \u201eBallade\u201c vom lateinischen Wort ballare (sich bewegen\/ tanzen) ableitet, erarbeitete eine Gruppe einen Tanz, um den Inhalt des \u201eZauberlehrlings\u201c darzustellen.<\/p>\n<p><img decoding=\"async\" class=\"alignnone size-medium wp-image-16383\" src=\"http:\/\/altgsgrebenstein.de\/wp-content\/uploads\/2024\/01\/IMG_2670-300x225.jpeg\" alt=\"\" width=\"300\" height=\"225\" srcset=\"https:\/\/altgsgrebenstein.de\/wp-content\/uploads\/2024\/01\/IMG_2670-300x225.jpeg 300w, https:\/\/altgsgrebenstein.de\/wp-content\/uploads\/2024\/01\/IMG_2670-1024x768.jpeg 1024w, https:\/\/altgsgrebenstein.de\/wp-content\/uploads\/2024\/01\/IMG_2670-768x576.jpeg 768w, https:\/\/altgsgrebenstein.de\/wp-content\/uploads\/2024\/01\/IMG_2670-1536x1152.jpeg 1536w, https:\/\/altgsgrebenstein.de\/wp-content\/uploads\/2024\/01\/IMG_2670-2048x1536.jpeg 2048w\" sizes=\"(max-width: 300px) 100vw, 300px\" \/><\/p>\n<p style=\"font-weight: 400;\">Die Zuschauer lobten die kreativen und vielseitigen Leistungen der Sch\u00fclerinnen und Sch\u00fcler, die bei der Erarbeitung gro\u00dfen Spa\u00df hatten und sich mehr Projekte dieser Art w\u00fcnschen.<\/p>\n","protected":false},"excerpt":{"rendered":"<p>Als sie der G7a das Thema \u201eBalladen\u201c vorstellte, blickte die Deutschlehrerin Nina Gilfert in wenig begeisterte Gesichter. Leider ist das oftmals die Reaktion von Sch\u00fclerinnen und Sch\u00fclern, wenn es um das Thema Lyrik geht. Zu oft wird diese noch als eine Art Geheimwissenschaft gesehen, die nur etwas f\u00fcr Eingeweihte oder Freaks ist. Aber Andreas Thalmayr &hellip; <a href=\"https:\/\/altgsgrebenstein.de\/?p=16379\" class=\"more-link\"><span class=\"screen-reader-text\">Balladenabend der G7a<\/span> weiterlesen <span class=\"meta-nav\">&rarr;<\/span><\/a><\/p>\n","protected":false},"author":38,"featured_media":0,"comment_status":"closed","ping_status":"closed","sticky":false,"template":"","format":"standard","meta":{"saved_in_kubio":false,"footnotes":""},"categories":[33,1],"tags":[],"class_list":["post-16379","post","type-post","status-publish","format-standard","hentry","category-archiv","category-uncategorized"],"_links":{"self":[{"href":"https:\/\/altgsgrebenstein.de\/index.php?rest_route=\/wp\/v2\/posts\/16379","targetHints":{"allow":["GET"]}}],"collection":[{"href":"https:\/\/altgsgrebenstein.de\/index.php?rest_route=\/wp\/v2\/posts"}],"about":[{"href":"https:\/\/altgsgrebenstein.de\/index.php?rest_route=\/wp\/v2\/types\/post"}],"author":[{"embeddable":true,"href":"https:\/\/altgsgrebenstein.de\/index.php?rest_route=\/wp\/v2\/users\/38"}],"replies":[{"embeddable":true,"href":"https:\/\/altgsgrebenstein.de\/index.php?rest_route=%2Fwp%2Fv2%2Fcomments&post=16379"}],"version-history":[{"count":1,"href":"https:\/\/altgsgrebenstein.de\/index.php?rest_route=\/wp\/v2\/posts\/16379\/revisions"}],"predecessor-version":[{"id":16388,"href":"https:\/\/altgsgrebenstein.de\/index.php?rest_route=\/wp\/v2\/posts\/16379\/revisions\/16388"}],"wp:attachment":[{"href":"https:\/\/altgsgrebenstein.de\/index.php?rest_route=%2Fwp%2Fv2%2Fmedia&parent=16379"}],"wp:term":[{"taxonomy":"category","embeddable":true,"href":"https:\/\/altgsgrebenstein.de\/index.php?rest_route=%2Fwp%2Fv2%2Fcategories&post=16379"},{"taxonomy":"post_tag","embeddable":true,"href":"https:\/\/altgsgrebenstein.de\/index.php?rest_route=%2Fwp%2Fv2%2Ftags&post=16379"}],"curies":[{"name":"wp","href":"https:\/\/api.w.org\/{rel}","templated":true}]}}