{"id":16366,"date":"2024-01-24T18:05:06","date_gmt":"2024-01-24T17:05:06","guid":{"rendered":"http:\/\/altgsgrebenstein.de\/?p=16366"},"modified":"2024-09-08T11:04:52","modified_gmt":"2024-09-08T10:04:52","slug":"deutschunterricht-mal-anders-reise-in-erzaehlte-welten","status":"publish","type":"post","link":"https:\/\/altgsgrebenstein.de\/?p=16366","title":{"rendered":"Deutschunterricht mal anders- Reise in erz\u00e4hlte Welten"},"content":{"rendered":"<p style=\"font-weight: 400;\">Am 19.1.2024 reiste der Geschichtenerz\u00e4hler Olaf Steinl aus Hannover an, um den Klassen G6a und G6b von Till Eulenspiegel zu berichten.<\/p>\n<p>s<img decoding=\"async\" class=\"alignnone size-medium wp-image-16368\" src=\"http:\/\/altgsgrebenstein.de\/wp-content\/uploads\/2024\/01\/IMG_2574-300x225.jpeg\" alt=\"\" width=\"300\" height=\"225\" srcset=\"https:\/\/altgsgrebenstein.de\/wp-content\/uploads\/2024\/01\/IMG_2574-300x225.jpeg 300w, https:\/\/altgsgrebenstein.de\/wp-content\/uploads\/2024\/01\/IMG_2574-1024x768.jpeg 1024w, https:\/\/altgsgrebenstein.de\/wp-content\/uploads\/2024\/01\/IMG_2574-768x576.jpeg 768w, https:\/\/altgsgrebenstein.de\/wp-content\/uploads\/2024\/01\/IMG_2574-1536x1152.jpeg 1536w, https:\/\/altgsgrebenstein.de\/wp-content\/uploads\/2024\/01\/IMG_2574-2048x1536.jpeg 2048w\" sizes=\"(max-width: 300px) 100vw, 300px\" \/><\/p>\n<p style=\"font-weight: 400;\">Eine Doppelstunde lang unterhielt er die Sch\u00fclerinnen und Sch\u00fcler mit einer Auswahl der Abenteuer des Schelms, indem er mit einer bildreichen Pr\u00e4sentation die Geschichte, die er gerade erz\u00e4hlte, kurz und anschaulich zusammenfasste.<\/p>\n<p><img decoding=\"async\" class=\"alignnone size-medium wp-image-16367\" src=\"http:\/\/altgsgrebenstein.de\/wp-content\/uploads\/2024\/01\/IMG_2579-225x300.jpeg\" alt=\"\" width=\"225\" height=\"300\" srcset=\"https:\/\/altgsgrebenstein.de\/wp-content\/uploads\/2024\/01\/IMG_2579-225x300.jpeg 225w, https:\/\/altgsgrebenstein.de\/wp-content\/uploads\/2024\/01\/IMG_2579-768x1024.jpeg 768w, https:\/\/altgsgrebenstein.de\/wp-content\/uploads\/2024\/01\/IMG_2579-1152x1536.jpeg 1152w, https:\/\/altgsgrebenstein.de\/wp-content\/uploads\/2024\/01\/IMG_2579-1536x2048.jpeg 1536w, https:\/\/altgsgrebenstein.de\/wp-content\/uploads\/2024\/01\/IMG_2579-scaled.jpeg 1920w\" sizes=\"(max-width: 225px) 100vw, 225px\" \/><\/p>\n<p style=\"font-weight: 400;\">W\u00e4hrenddessen zog er sich eine Narrenkappe auf und kl\u00e4rte uns sodann in Verkleidung \u00fcber die Herkunft Eulenspiegels auf. Danach berichtete er von den zahlreichen Abenteuern der bekannten mittelalterlichen Figur. Einige der dargebotenen Geschichten waren sehr bekannt, aber auch von weniger ber\u00fchmten wurde erz\u00e4hlt.<\/p>\n<p><img decoding=\"async\" class=\"alignnone size-medium wp-image-16369\" src=\"http:\/\/altgsgrebenstein.de\/wp-content\/uploads\/2024\/01\/IMG_2581-300x225.jpeg\" alt=\"\" width=\"300\" height=\"225\" srcset=\"https:\/\/altgsgrebenstein.de\/wp-content\/uploads\/2024\/01\/IMG_2581-300x225.jpeg 300w, https:\/\/altgsgrebenstein.de\/wp-content\/uploads\/2024\/01\/IMG_2581-1024x768.jpeg 1024w, https:\/\/altgsgrebenstein.de\/wp-content\/uploads\/2024\/01\/IMG_2581-768x576.jpeg 768w, https:\/\/altgsgrebenstein.de\/wp-content\/uploads\/2024\/01\/IMG_2581-1536x1152.jpeg 1536w, https:\/\/altgsgrebenstein.de\/wp-content\/uploads\/2024\/01\/IMG_2581-2048x1536.jpeg 2048w\" sizes=\"(max-width: 300px) 100vw, 300px\" \/><\/p>\n<p style=\"font-weight: 400;\">In der anschlie\u00dfenden Doppelstunde ging es um das Thema Balladen. Zuerst erl\u00e4uterte Olaf Steinl, dass Balladen fr\u00fcher der Wortbedeutung nach getanzt und gesungen wurden und gab Einblicke in das Leben der ber\u00fchmten Balladendichter Friedrich Schiller und Johann Wolfgang von Goethe. Im Vordergrund stand dann das freie Rezitieren der Balladen \u201eDer Zauberlehrling\u201c, \u201eErlk\u00f6nig\u201c, \u201eDer Handschuh\u201c und \u201eJohn Maynard\u201c, dem die Zuh\u00f6rer*innen gespannt folgten und sich so in fremde Welten versetzen konnten. \u00a0In diesem Zusammenhang diskutierte Olaf Steinl mit den Sch\u00fclerinnen und Sch\u00fclern der G7a und G7b \u00fcber die Gef\u00fchle der handelnden Figuren und die Bedeutung dieser f\u00fcr das gestaltende Vortragen der Balladen.<\/p>\n<p><img decoding=\"async\" class=\"alignnone size-medium wp-image-16371\" src=\"http:\/\/altgsgrebenstein.de\/wp-content\/uploads\/2024\/01\/IMG_2589-225x300.jpeg\" alt=\"\" width=\"225\" height=\"300\" srcset=\"https:\/\/altgsgrebenstein.de\/wp-content\/uploads\/2024\/01\/IMG_2589-225x300.jpeg 225w, https:\/\/altgsgrebenstein.de\/wp-content\/uploads\/2024\/01\/IMG_2589-768x1024.jpeg 768w, https:\/\/altgsgrebenstein.de\/wp-content\/uploads\/2024\/01\/IMG_2589-1152x1536.jpeg 1152w, https:\/\/altgsgrebenstein.de\/wp-content\/uploads\/2024\/01\/IMG_2589-1536x2048.jpeg 1536w, https:\/\/altgsgrebenstein.de\/wp-content\/uploads\/2024\/01\/IMG_2589-scaled.jpeg 1920w\" sizes=\"(max-width: 225px) 100vw, 225px\" \/><\/p>\n<p style=\"font-weight: 400;\">Durch das Durchf\u00fchren von Sprech\u00fcbungen und dem betonten Vortragen einzelner Textstellen in Gruppen wurden die Sch\u00fclerinnen und Sch\u00fcler aber auch selbst aktiv und betonten anschlie\u00dfend, dass ihnen diese interaktive Veranstaltung viel Spa\u00df gemacht und sehr gute Einblicke in die jeweiligen Themen gegeben habe.<\/p>\n<p style=\"font-weight: 400;\"><img decoding=\"async\" class=\"alignnone size-medium wp-image-16372\" src=\"http:\/\/altgsgrebenstein.de\/wp-content\/uploads\/2024\/01\/IMG_2592-225x300.jpeg\" alt=\"\" width=\"225\" height=\"300\" srcset=\"https:\/\/altgsgrebenstein.de\/wp-content\/uploads\/2024\/01\/IMG_2592-225x300.jpeg 225w, https:\/\/altgsgrebenstein.de\/wp-content\/uploads\/2024\/01\/IMG_2592-768x1024.jpeg 768w, https:\/\/altgsgrebenstein.de\/wp-content\/uploads\/2024\/01\/IMG_2592-1152x1536.jpeg 1152w, https:\/\/altgsgrebenstein.de\/wp-content\/uploads\/2024\/01\/IMG_2592-1536x2048.jpeg 1536w, https:\/\/altgsgrebenstein.de\/wp-content\/uploads\/2024\/01\/IMG_2592-scaled.jpeg 1920w\" sizes=\"(max-width: 225px) 100vw, 225px\" \/><\/p>\n<p style=\"font-weight: 400;\">Janne Hinz und Frederik Weidmann (G6b)<\/p>\n","protected":false},"excerpt":{"rendered":"<p>Am 19.1.2024 reiste der Geschichtenerz\u00e4hler Olaf Steinl aus Hannover an, um den Klassen G6a und G6b von Till Eulenspiegel zu berichten. s Eine Doppelstunde lang unterhielt er die Sch\u00fclerinnen und Sch\u00fcler mit einer Auswahl der Abenteuer des Schelms, indem er mit einer bildreichen Pr\u00e4sentation die Geschichte, die er gerade erz\u00e4hlte, kurz und anschaulich zusammenfasste. W\u00e4hrenddessen &hellip; <a href=\"https:\/\/altgsgrebenstein.de\/?p=16366\" class=\"more-link\"><span class=\"screen-reader-text\">Deutschunterricht mal anders- Reise in erz\u00e4hlte Welten<\/span> weiterlesen <span class=\"meta-nav\">&rarr;<\/span><\/a><\/p>\n","protected":false},"author":38,"featured_media":0,"comment_status":"closed","ping_status":"closed","sticky":false,"template":"","format":"standard","meta":{"saved_in_kubio":false,"footnotes":""},"categories":[33,1],"tags":[],"class_list":["post-16366","post","type-post","status-publish","format-standard","hentry","category-archiv","category-uncategorized"],"_links":{"self":[{"href":"https:\/\/altgsgrebenstein.de\/index.php?rest_route=\/wp\/v2\/posts\/16366","targetHints":{"allow":["GET"]}}],"collection":[{"href":"https:\/\/altgsgrebenstein.de\/index.php?rest_route=\/wp\/v2\/posts"}],"about":[{"href":"https:\/\/altgsgrebenstein.de\/index.php?rest_route=\/wp\/v2\/types\/post"}],"author":[{"embeddable":true,"href":"https:\/\/altgsgrebenstein.de\/index.php?rest_route=\/wp\/v2\/users\/38"}],"replies":[{"embeddable":true,"href":"https:\/\/altgsgrebenstein.de\/index.php?rest_route=%2Fwp%2Fv2%2Fcomments&post=16366"}],"version-history":[{"count":1,"href":"https:\/\/altgsgrebenstein.de\/index.php?rest_route=\/wp\/v2\/posts\/16366\/revisions"}],"predecessor-version":[{"id":16373,"href":"https:\/\/altgsgrebenstein.de\/index.php?rest_route=\/wp\/v2\/posts\/16366\/revisions\/16373"}],"wp:attachment":[{"href":"https:\/\/altgsgrebenstein.de\/index.php?rest_route=%2Fwp%2Fv2%2Fmedia&parent=16366"}],"wp:term":[{"taxonomy":"category","embeddable":true,"href":"https:\/\/altgsgrebenstein.de\/index.php?rest_route=%2Fwp%2Fv2%2Fcategories&post=16366"},{"taxonomy":"post_tag","embeddable":true,"href":"https:\/\/altgsgrebenstein.de\/index.php?rest_route=%2Fwp%2Fv2%2Ftags&post=16366"}],"curies":[{"name":"wp","href":"https:\/\/api.w.org\/{rel}","templated":true}]}}