{"id":16281,"date":"2023-12-21T14:54:22","date_gmt":"2023-12-21T13:54:22","guid":{"rendered":"http:\/\/altgsgrebenstein.de\/?p=16281"},"modified":"2024-09-08T11:04:03","modified_gmt":"2024-09-08T10:04:03","slug":"tragt-in-die-welt-nun-ein-licht-hgs-5-klaessler-gestalten-einen-adventsgottesdienst","status":"publish","type":"post","link":"https:\/\/altgsgrebenstein.de\/?p=16281","title":{"rendered":"\u201eTragt in die Welt nun ein Licht\u201c \u2013 HGS- 5.-Kl\u00e4ssler gestalten einen Adventsgottesdienst"},"content":{"rendered":"<p>Wie in jedem Jahr feierten die f\u00fcnften und sechsten Klassen am 20.12.2023 in der Grebensteiner Kirche ihren Adventsgottesdienst.<\/p>\n<p><img decoding=\"async\" class=\"aligncenter size-full wp-image-16282\" src=\"http:\/\/altgsgrebenstein.de\/wp-content\/uploads\/2023\/12\/Die-Kirche.jpg\" alt=\"\" width=\"1024\" height=\"768\" srcset=\"https:\/\/altgsgrebenstein.de\/wp-content\/uploads\/2023\/12\/Die-Kirche.jpg 1024w, https:\/\/altgsgrebenstein.de\/wp-content\/uploads\/2023\/12\/Die-Kirche-300x225.jpg 300w, https:\/\/altgsgrebenstein.de\/wp-content\/uploads\/2023\/12\/Die-Kirche-768x576.jpg 768w\" sizes=\"(max-width: 1024px) 100vw, 1024px\" \/><\/p>\n<p>Das Thema \u201e<strong>LICHT\u201c<\/strong> war seit Wochen der Mittelpunkt des Religionsunterrichts der F\u00fcnfer. Diese hatten wie auch schon im letzten Jahr den Gottesdienst mit ihren Religionslehrerinnen und -lehren vorbereitet. So stand das <strong>Licht<\/strong> in den Beitr\u00e4gen der einzelnen Klassen nicht nur als Symbol f\u00fcr Liebe und Frieden in der Welt, sondern es mache auch Mut und Hoffnung mit seinem hellen Schein, so die Kinder der G5b.<\/p>\n<p><img decoding=\"async\" class=\"aligncenter size-large wp-image-16283\" src=\"http:\/\/altgsgrebenstein.de\/wp-content\/uploads\/2023\/12\/Die-Fuerbitten-1024x768.jpg\" alt=\"\" width=\"604\" height=\"453\" srcset=\"https:\/\/altgsgrebenstein.de\/wp-content\/uploads\/2023\/12\/Die-Fuerbitten-1024x768.jpg 1024w, https:\/\/altgsgrebenstein.de\/wp-content\/uploads\/2023\/12\/Die-Fuerbitten-300x225.jpg 300w, https:\/\/altgsgrebenstein.de\/wp-content\/uploads\/2023\/12\/Die-Fuerbitten-768x576.jpg 768w, https:\/\/altgsgrebenstein.de\/wp-content\/uploads\/2023\/12\/Die-Fuerbitten-1536x1152.jpg 1536w, https:\/\/altgsgrebenstein.de\/wp-content\/uploads\/2023\/12\/Die-Fuerbitten.jpg 2048w\" sizes=\"(max-width: 604px) 100vw, 604px\" \/><\/p>\n<p>Des Weiteren ging es in den F\u00fcrbitten der F\u00f6rderstufenkinder um Gl\u00fcck, Gesundheit, Freude, Vers\u00f6hnung und Geborgenheit f\u00fcr alle Menschen. Pfarrerin Hannah Tinnefeld, mit der man sich im Vorfeld getroffen hatte, umrahmte diese besinnliche Stunde von Seiten der Grebensteiner Kirchengemeinde.<\/p>\n<p><img decoding=\"async\" class=\"aligncenter size-large wp-image-16284\" src=\"http:\/\/altgsgrebenstein.de\/wp-content\/uploads\/2023\/12\/IMG-20231220-WA0054-1024x461.jpg\" alt=\"\" width=\"604\" height=\"272\" srcset=\"https:\/\/altgsgrebenstein.de\/wp-content\/uploads\/2023\/12\/IMG-20231220-WA0054-1024x461.jpg 1024w, https:\/\/altgsgrebenstein.de\/wp-content\/uploads\/2023\/12\/IMG-20231220-WA0054-300x135.jpg 300w, https:\/\/altgsgrebenstein.de\/wp-content\/uploads\/2023\/12\/IMG-20231220-WA0054-768x346.jpg 768w, https:\/\/altgsgrebenstein.de\/wp-content\/uploads\/2023\/12\/IMG-20231220-WA0054-1536x691.jpg 1536w, https:\/\/altgsgrebenstein.de\/wp-content\/uploads\/2023\/12\/IMG-20231220-WA0054.jpg 2000w\" sizes=\"(max-width: 604px) 100vw, 604px\" \/><\/p>\n<p><img decoding=\"async\" class=\"aligncenter wp-image-16285 size-large\" src=\"http:\/\/altgsgrebenstein.de\/wp-content\/uploads\/2023\/12\/Wilhelm-Uebach-e1703166850807-702x1024.jpg\" alt=\"\" width=\"604\" height=\"881\" srcset=\"https:\/\/altgsgrebenstein.de\/wp-content\/uploads\/2023\/12\/Wilhelm-Uebach-e1703166850807-702x1024.jpg 702w, https:\/\/altgsgrebenstein.de\/wp-content\/uploads\/2023\/12\/Wilhelm-Uebach-e1703166850807-206x300.jpg 206w, https:\/\/altgsgrebenstein.de\/wp-content\/uploads\/2023\/12\/Wilhelm-Uebach-e1703166850807.jpg 720w\" sizes=\"(max-width: 604px) 100vw, 604px\" \/><\/p>\n<p>Musiklehrer Wilhelm Uebach sorgte f\u00fcr die musikalische Umrahmung des Gottesdienstes. Zur gro\u00dfen Freude der F\u00fcnftkl\u00e4ssler nahmen sich viele Eltern Zeit und besuchten den Gottesdienst ihrer Kinder. Auch Frau Boye-Griesel war in diesem Jahr dabei. Klar ist, dass es in 2024 wieder einen Adventsgottesdienst geben wird.<\/p>\n<p>&nbsp;<\/p>\n<p>RHB<\/p>\n<p>&nbsp;<\/p>\n","protected":false},"excerpt":{"rendered":"<p>Wie in jedem Jahr feierten die f\u00fcnften und sechsten Klassen am 20.12.2023 in der Grebensteiner Kirche ihren Adventsgottesdienst. Das Thema \u201eLICHT\u201c war seit Wochen der Mittelpunkt des Religionsunterrichts der F\u00fcnfer. Diese hatten wie auch schon im letzten Jahr den Gottesdienst mit ihren Religionslehrerinnen und -lehren vorbereitet. So stand das Licht in den Beitr\u00e4gen der einzelnen &hellip; <a href=\"https:\/\/altgsgrebenstein.de\/?p=16281\" class=\"more-link\"><span class=\"screen-reader-text\">\u201eTragt in die Welt nun ein Licht\u201c \u2013 HGS- 5.-Kl\u00e4ssler gestalten einen Adventsgottesdienst<\/span> weiterlesen <span class=\"meta-nav\">&rarr;<\/span><\/a><\/p>\n","protected":false},"author":28,"featured_media":0,"comment_status":"closed","ping_status":"closed","sticky":false,"template":"","format":"standard","meta":{"saved_in_kubio":false,"footnotes":""},"categories":[33,1],"tags":[],"class_list":["post-16281","post","type-post","status-publish","format-standard","hentry","category-archiv","category-uncategorized"],"_links":{"self":[{"href":"https:\/\/altgsgrebenstein.de\/index.php?rest_route=\/wp\/v2\/posts\/16281","targetHints":{"allow":["GET"]}}],"collection":[{"href":"https:\/\/altgsgrebenstein.de\/index.php?rest_route=\/wp\/v2\/posts"}],"about":[{"href":"https:\/\/altgsgrebenstein.de\/index.php?rest_route=\/wp\/v2\/types\/post"}],"author":[{"embeddable":true,"href":"https:\/\/altgsgrebenstein.de\/index.php?rest_route=\/wp\/v2\/users\/28"}],"replies":[{"embeddable":true,"href":"https:\/\/altgsgrebenstein.de\/index.php?rest_route=%2Fwp%2Fv2%2Fcomments&post=16281"}],"version-history":[{"count":1,"href":"https:\/\/altgsgrebenstein.de\/index.php?rest_route=\/wp\/v2\/posts\/16281\/revisions"}],"predecessor-version":[{"id":16286,"href":"https:\/\/altgsgrebenstein.de\/index.php?rest_route=\/wp\/v2\/posts\/16281\/revisions\/16286"}],"wp:attachment":[{"href":"https:\/\/altgsgrebenstein.de\/index.php?rest_route=%2Fwp%2Fv2%2Fmedia&parent=16281"}],"wp:term":[{"taxonomy":"category","embeddable":true,"href":"https:\/\/altgsgrebenstein.de\/index.php?rest_route=%2Fwp%2Fv2%2Fcategories&post=16281"},{"taxonomy":"post_tag","embeddable":true,"href":"https:\/\/altgsgrebenstein.de\/index.php?rest_route=%2Fwp%2Fv2%2Ftags&post=16281"}],"curies":[{"name":"wp","href":"https:\/\/api.w.org\/{rel}","templated":true}]}}