{"id":16265,"date":"2023-12-18T17:12:27","date_gmt":"2023-12-18T16:12:27","guid":{"rendered":"http:\/\/altgsgrebenstein.de\/?p=16265"},"modified":"2024-09-08T11:03:52","modified_gmt":"2024-09-08T10:03:52","slug":"stolperzettel-gegen-fremdenfeindlichkeit","status":"publish","type":"post","link":"https:\/\/altgsgrebenstein.de\/?p=16265","title":{"rendered":"\u201eStolperzettel\u201c gegen Fremdenfeindlichkeit"},"content":{"rendered":"<p style=\"font-weight: 400;\"><img decoding=\"async\" class=\"alignnone size-medium wp-image-16276\" src=\"http:\/\/altgsgrebenstein.de\/wp-content\/uploads\/2023\/12\/IMG_0444-1-300x237.jpeg\" alt=\"\" width=\"300\" height=\"237\" srcset=\"https:\/\/altgsgrebenstein.de\/wp-content\/uploads\/2023\/12\/IMG_0444-1-300x237.jpeg 300w, https:\/\/altgsgrebenstein.de\/wp-content\/uploads\/2023\/12\/IMG_0444-1-768x607.jpeg 768w, https:\/\/altgsgrebenstein.de\/wp-content\/uploads\/2023\/12\/IMG_0444-1.jpeg 810w\" sizes=\"(max-width: 300px) 100vw, 300px\" \/><\/p>\n<p style=\"font-weight: 400;\">In den letzten Wochen haben wir uns im Ethikunterricht des Jahrgangs 8 mit unserer Lehrerin Nina Gilfert mit dem Thema \u201eWenn Fremdes nicht mehr fremd ist\u201c besch\u00e4ftigt. Inspiriert durch die Stolpersteine und unter dem # <em>Schule-ohne-Rassissmus\/ Schule-mit-Courage<\/em> gestalteten wir \u201eStolperzettel\u201c, die die kulturelle Vielfalt in unserem Alltag in den Bereichen Mode, Musik, Essen und Sprache darstellen und sich so gegen Fremdenfeindlichkeit richten sollen.<\/p>\n<p style=\"font-weight: 400;\"><img decoding=\"async\" class=\"alignnone size-medium wp-image-16268\" src=\"http:\/\/altgsgrebenstein.de\/wp-content\/uploads\/2023\/12\/IMG_0440-300x225.jpeg\" alt=\"\" width=\"300\" height=\"225\" srcset=\"https:\/\/altgsgrebenstein.de\/wp-content\/uploads\/2023\/12\/IMG_0440-300x225.jpeg 300w, https:\/\/altgsgrebenstein.de\/wp-content\/uploads\/2023\/12\/IMG_0440-1024x768.jpeg 1024w, https:\/\/altgsgrebenstein.de\/wp-content\/uploads\/2023\/12\/IMG_0440-768x576.jpeg 768w, https:\/\/altgsgrebenstein.de\/wp-content\/uploads\/2023\/12\/IMG_0440-1536x1152.jpeg 1536w, https:\/\/altgsgrebenstein.de\/wp-content\/uploads\/2023\/12\/IMG_0440-2048x1536.jpeg 2048w\" sizes=\"(max-width: 300px) 100vw, 300px\" \/><\/p>\n<p style=\"font-weight: 400;\">Die Gruppe mit dem Thema \u201eMode\u201c ordnete die verschiedenen Marken, die die Sch\u00fcler*innen t\u00e4glich tragen, den Herkunftsl\u00e4ndern zu, w\u00e4hrend die Gruppe \u201eMusik\u201c die Top Ten der Charts durchsuchte und recherchierte, aus welchen L\u00e4ndern die K\u00fcnstler*innen kommen, deren Lieder viele Menschen gerne h\u00f6ren.<\/p>\n<p style=\"font-weight: 400;\"><img decoding=\"async\" class=\"alignnone size-medium wp-image-16269\" src=\"http:\/\/altgsgrebenstein.de\/wp-content\/uploads\/2023\/12\/IMG_0439-300x225.jpeg\" alt=\"\" width=\"300\" height=\"225\" srcset=\"https:\/\/altgsgrebenstein.de\/wp-content\/uploads\/2023\/12\/IMG_0439-300x225.jpeg 300w, https:\/\/altgsgrebenstein.de\/wp-content\/uploads\/2023\/12\/IMG_0439-1024x768.jpeg 1024w, https:\/\/altgsgrebenstein.de\/wp-content\/uploads\/2023\/12\/IMG_0439-768x576.jpeg 768w, https:\/\/altgsgrebenstein.de\/wp-content\/uploads\/2023\/12\/IMG_0439-1536x1152.jpeg 1536w, https:\/\/altgsgrebenstein.de\/wp-content\/uploads\/2023\/12\/IMG_0439-2048x1536.jpeg 2048w\" sizes=\"(max-width: 300px) 100vw, 300px\" \/><\/p>\n<p style=\"font-weight: 400;\">Mit dem Speiseplan der Mensa besch\u00e4ftigte sich die Gruppe \u201eEssen\u201c und suchte viele leckere Speisen heraus, die aus anderen L\u00e4ndern kommen.<\/p>\n<p style=\"font-weight: 400;\"><img decoding=\"async\" class=\"alignnone size-medium wp-image-16267\" src=\"http:\/\/altgsgrebenstein.de\/wp-content\/uploads\/2023\/12\/IMG_0442-300x225.jpeg\" alt=\"\" width=\"300\" height=\"225\" srcset=\"https:\/\/altgsgrebenstein.de\/wp-content\/uploads\/2023\/12\/IMG_0442-300x225.jpeg 300w, https:\/\/altgsgrebenstein.de\/wp-content\/uploads\/2023\/12\/IMG_0442-1024x768.jpeg 1024w, https:\/\/altgsgrebenstein.de\/wp-content\/uploads\/2023\/12\/IMG_0442-768x576.jpeg 768w, https:\/\/altgsgrebenstein.de\/wp-content\/uploads\/2023\/12\/IMG_0442-1536x1152.jpeg 1536w, https:\/\/altgsgrebenstein.de\/wp-content\/uploads\/2023\/12\/IMG_0442-2048x1536.jpeg 2048w\" sizes=\"(max-width: 300px) 100vw, 300px\" \/><\/p>\n<p style=\"font-weight: 400;\">Anglizismen, die wir jeden Tag benutzen, \u00fcbersetzte die Gruppe \u201eSprache\u201c ins Deutsche und stellte die W\u00f6rter so einandergegen\u00fcber.<\/p>\n<p style=\"font-weight: 400;\"><img decoding=\"async\" class=\"alignnone size-medium wp-image-16266\" src=\"http:\/\/altgsgrebenstein.de\/wp-content\/uploads\/2023\/12\/IMG_0449-300x211.jpeg\" alt=\"\" width=\"300\" height=\"211\" srcset=\"https:\/\/altgsgrebenstein.de\/wp-content\/uploads\/2023\/12\/IMG_0449-300x211.jpeg 300w, https:\/\/altgsgrebenstein.de\/wp-content\/uploads\/2023\/12\/IMG_0449-1024x721.jpeg 1024w, https:\/\/altgsgrebenstein.de\/wp-content\/uploads\/2023\/12\/IMG_0449-768x540.jpeg 768w, https:\/\/altgsgrebenstein.de\/wp-content\/uploads\/2023\/12\/IMG_0449.jpeg 1168w\" sizes=\"(max-width: 300px) 100vw, 300px\" \/><\/p>\n<p style=\"font-weight: 400;\">Mit diesem Projekt wollen wir zeigen, dass Vielfalt ein wichtiger Bestandteil in unserem (Schul-) Leben ist, von dem alle profitieren und uns aktiv gegen Diskriminierung einsetzen.<\/p>\n<p style=\"font-weight: 400;\">(Ethikkurs, Jahrgang 8)<\/p>\n","protected":false},"excerpt":{"rendered":"<p>In den letzten Wochen haben wir uns im Ethikunterricht des Jahrgangs 8 mit unserer Lehrerin Nina Gilfert mit dem Thema \u201eWenn Fremdes nicht mehr fremd ist\u201c besch\u00e4ftigt. Inspiriert durch die Stolpersteine und unter dem # Schule-ohne-Rassissmus\/ Schule-mit-Courage gestalteten wir \u201eStolperzettel\u201c, die die kulturelle Vielfalt in unserem Alltag in den Bereichen Mode, Musik, Essen und Sprache &hellip; <a href=\"https:\/\/altgsgrebenstein.de\/?p=16265\" class=\"more-link\"><span class=\"screen-reader-text\">\u201eStolperzettel\u201c gegen Fremdenfeindlichkeit<\/span> weiterlesen <span class=\"meta-nav\">&rarr;<\/span><\/a><\/p>\n","protected":false},"author":38,"featured_media":0,"comment_status":"closed","ping_status":"closed","sticky":false,"template":"","format":"standard","meta":{"saved_in_kubio":false,"footnotes":""},"categories":[33,65],"tags":[],"class_list":["post-16265","post","type-post","status-publish","format-standard","hentry","category-archiv","category-religion"],"_links":{"self":[{"href":"https:\/\/altgsgrebenstein.de\/index.php?rest_route=\/wp\/v2\/posts\/16265","targetHints":{"allow":["GET"]}}],"collection":[{"href":"https:\/\/altgsgrebenstein.de\/index.php?rest_route=\/wp\/v2\/posts"}],"about":[{"href":"https:\/\/altgsgrebenstein.de\/index.php?rest_route=\/wp\/v2\/types\/post"}],"author":[{"embeddable":true,"href":"https:\/\/altgsgrebenstein.de\/index.php?rest_route=\/wp\/v2\/users\/38"}],"replies":[{"embeddable":true,"href":"https:\/\/altgsgrebenstein.de\/index.php?rest_route=%2Fwp%2Fv2%2Fcomments&post=16265"}],"version-history":[{"count":5,"href":"https:\/\/altgsgrebenstein.de\/index.php?rest_route=\/wp\/v2\/posts\/16265\/revisions"}],"predecessor-version":[{"id":16277,"href":"https:\/\/altgsgrebenstein.de\/index.php?rest_route=\/wp\/v2\/posts\/16265\/revisions\/16277"}],"wp:attachment":[{"href":"https:\/\/altgsgrebenstein.de\/index.php?rest_route=%2Fwp%2Fv2%2Fmedia&parent=16265"}],"wp:term":[{"taxonomy":"category","embeddable":true,"href":"https:\/\/altgsgrebenstein.de\/index.php?rest_route=%2Fwp%2Fv2%2Fcategories&post=16265"},{"taxonomy":"post_tag","embeddable":true,"href":"https:\/\/altgsgrebenstein.de\/index.php?rest_route=%2Fwp%2Fv2%2Ftags&post=16265"}],"curies":[{"name":"wp","href":"https:\/\/api.w.org\/{rel}","templated":true}]}}