{"id":16259,"date":"2023-12-22T09:00:29","date_gmt":"2023-12-22T08:00:29","guid":{"rendered":"http:\/\/altgsgrebenstein.de\/?p=16259"},"modified":"2024-09-08T11:04:11","modified_gmt":"2024-09-08T10:04:11","slug":"16259","status":"publish","type":"post","link":"https:\/\/altgsgrebenstein.de\/?p=16259","title":{"rendered":"Vorweihnachtliches Singen und sch\u00f6ne Weihnachtsgr\u00fc\u00dfe"},"content":{"rendered":"<div style=\"width: 604px;\" class=\"wp-video\"><!--[if lt IE 9]><script>document.createElement('video');<\/script><![endif]-->\n<video class=\"wp-video-shortcode\" id=\"video-16259-1\" width=\"604\" height=\"342\" preload=\"metadata\" controls=\"controls\"><source type=\"video\/mp4\" src=\"http:\/\/altgsgrebenstein.de\/wp-content\/uploads\/2023\/12\/VID-20231216-WA0002.mp4?_=1\" \/><a href=\"http:\/\/altgsgrebenstein.de\/wp-content\/uploads\/2023\/12\/VID-20231216-WA0002.mp4\">http:\/\/altgsgrebenstein.de\/wp-content\/uploads\/2023\/12\/VID-20231216-WA0002.mp4<\/a><\/video><\/div>\n<p><img decoding=\"async\" class=\"aligncenter size-large wp-image-16294\" src=\"http:\/\/altgsgrebenstein.de\/wp-content\/uploads\/2023\/12\/DSC_9012-1024x678.jpg\" alt=\"\" width=\"604\" height=\"400\" srcset=\"https:\/\/altgsgrebenstein.de\/wp-content\/uploads\/2023\/12\/DSC_9012-1024x678.jpg 1024w, https:\/\/altgsgrebenstein.de\/wp-content\/uploads\/2023\/12\/DSC_9012-300x199.jpg 300w, https:\/\/altgsgrebenstein.de\/wp-content\/uploads\/2023\/12\/DSC_9012-768x509.jpg 768w, https:\/\/altgsgrebenstein.de\/wp-content\/uploads\/2023\/12\/DSC_9012-1536x1017.jpg 1536w, https:\/\/altgsgrebenstein.de\/wp-content\/uploads\/2023\/12\/DSC_9012-2048x1356.jpg 2048w\" sizes=\"(max-width: 604px) 100vw, 604px\" \/><\/p>\n<p>Kurz vor Ferienbeginn lud die HGS in die alte Aula, um sich mit Unterst\u00fctzung der Musiklehrkr\u00e4fte Frau H\u00fcner und Herr Bikic in vorweihnachtliche Stimmung zu singen. DIe gut besuchte Gesangspause wurde mit einem Applaus und sch\u00f6nen Weihnachtsgr\u00fc\u00dfen beendet. Wir w\u00fcnschen allen Sch\u00fclerinnen und Sch\u00fclern sowie allen Angeh\u00f6rigen erholsame und sch\u00f6ne Weihnachtsferien.<img decoding=\"async\" class=\"aligncenter size-large wp-image-16295\" src=\"http:\/\/altgsgrebenstein.de\/wp-content\/uploads\/2023\/12\/DSC_9014-678x1024.jpg\" alt=\"\" width=\"604\" height=\"912\" srcset=\"https:\/\/altgsgrebenstein.de\/wp-content\/uploads\/2023\/12\/DSC_9014-678x1024.jpg 678w, https:\/\/altgsgrebenstein.de\/wp-content\/uploads\/2023\/12\/DSC_9014-199x300.jpg 199w, https:\/\/altgsgrebenstein.de\/wp-content\/uploads\/2023\/12\/DSC_9014-768x1160.jpg 768w, https:\/\/altgsgrebenstein.de\/wp-content\/uploads\/2023\/12\/DSC_9014-1017x1536.jpg 1017w, https:\/\/altgsgrebenstein.de\/wp-content\/uploads\/2023\/12\/DSC_9014-1356x2048.jpg 1356w, https:\/\/altgsgrebenstein.de\/wp-content\/uploads\/2023\/12\/DSC_9014-scaled.jpg 1696w\" sizes=\"(max-width: 604px) 100vw, 604px\" \/><\/p>\n<p><img decoding=\"async\" class=\"aligncenter size-large wp-image-16296\" src=\"http:\/\/altgsgrebenstein.de\/wp-content\/uploads\/2023\/12\/DSC_9025-1024x678.jpg\" alt=\"\" width=\"604\" height=\"400\" srcset=\"https:\/\/altgsgrebenstein.de\/wp-content\/uploads\/2023\/12\/DSC_9025-1024x678.jpg 1024w, https:\/\/altgsgrebenstein.de\/wp-content\/uploads\/2023\/12\/DSC_9025-300x199.jpg 300w, https:\/\/altgsgrebenstein.de\/wp-content\/uploads\/2023\/12\/DSC_9025-768x509.jpg 768w, https:\/\/altgsgrebenstein.de\/wp-content\/uploads\/2023\/12\/DSC_9025-1536x1017.jpg 1536w, https:\/\/altgsgrebenstein.de\/wp-content\/uploads\/2023\/12\/DSC_9025-2048x1356.jpg 2048w\" sizes=\"(max-width: 604px) 100vw, 604px\" \/><\/p>\n<p><img decoding=\"async\" class=\"aligncenter wp-image-16297 size-large\" src=\"http:\/\/altgsgrebenstein.de\/wp-content\/uploads\/2023\/12\/DSC_9030-scaled-e1703243421561-1024x640.jpg\" alt=\"\" width=\"604\" height=\"378\" srcset=\"https:\/\/altgsgrebenstein.de\/wp-content\/uploads\/2023\/12\/DSC_9030-scaled-e1703243421561-1024x640.jpg 1024w, https:\/\/altgsgrebenstein.de\/wp-content\/uploads\/2023\/12\/DSC_9030-scaled-e1703243421561-300x187.jpg 300w, https:\/\/altgsgrebenstein.de\/wp-content\/uploads\/2023\/12\/DSC_9030-scaled-e1703243421561-768x480.jpg 768w, https:\/\/altgsgrebenstein.de\/wp-content\/uploads\/2023\/12\/DSC_9030-scaled-e1703243421561-1536x959.jpg 1536w, https:\/\/altgsgrebenstein.de\/wp-content\/uploads\/2023\/12\/DSC_9030-scaled-e1703243421561-2048x1279.jpg 2048w\" sizes=\"(max-width: 604px) 100vw, 604px\" \/><\/p>\n<div style=\"width: 604px;\" class=\"wp-video\"><video class=\"wp-video-shortcode\" id=\"video-16259-2\" width=\"604\" height=\"342\" preload=\"metadata\" controls=\"controls\"><source type=\"video\/mp4\" src=\"http:\/\/altgsgrebenstein.de\/wp-content\/uploads\/2023\/12\/90bc74bf-2c68-48b3-a449-01d4b2e17e37.mp4?_=2\" \/><a href=\"http:\/\/altgsgrebenstein.de\/wp-content\/uploads\/2023\/12\/90bc74bf-2c68-48b3-a449-01d4b2e17e37.mp4\">http:\/\/altgsgrebenstein.de\/wp-content\/uploads\/2023\/12\/90bc74bf-2c68-48b3-a449-01d4b2e17e37.mp4<\/a><\/video><\/div>\n","protected":false},"excerpt":{"rendered":"<p>Kurz vor Ferienbeginn lud die HGS in die alte Aula, um sich mit Unterst\u00fctzung der Musiklehrkr\u00e4fte Frau H\u00fcner und Herr Bikic in vorweihnachtliche Stimmung zu singen. DIe gut besuchte Gesangspause wurde mit einem Applaus und sch\u00f6nen Weihnachtsgr\u00fc\u00dfen beendet. Wir w\u00fcnschen allen Sch\u00fclerinnen und Sch\u00fclern sowie allen Angeh\u00f6rigen erholsame und sch\u00f6ne Weihnachtsferien.<\/p>\n","protected":false},"author":28,"featured_media":0,"comment_status":"closed","ping_status":"closed","sticky":false,"template":"","format":"standard","meta":{"saved_in_kubio":false,"footnotes":""},"categories":[33,1],"tags":[],"class_list":["post-16259","post","type-post","status-publish","format-standard","hentry","category-archiv","category-uncategorized"],"_links":{"self":[{"href":"https:\/\/altgsgrebenstein.de\/index.php?rest_route=\/wp\/v2\/posts\/16259","targetHints":{"allow":["GET"]}}],"collection":[{"href":"https:\/\/altgsgrebenstein.de\/index.php?rest_route=\/wp\/v2\/posts"}],"about":[{"href":"https:\/\/altgsgrebenstein.de\/index.php?rest_route=\/wp\/v2\/types\/post"}],"author":[{"embeddable":true,"href":"https:\/\/altgsgrebenstein.de\/index.php?rest_route=\/wp\/v2\/users\/28"}],"replies":[{"embeddable":true,"href":"https:\/\/altgsgrebenstein.de\/index.php?rest_route=%2Fwp%2Fv2%2Fcomments&post=16259"}],"version-history":[{"count":5,"href":"https:\/\/altgsgrebenstein.de\/index.php?rest_route=\/wp\/v2\/posts\/16259\/revisions"}],"predecessor-version":[{"id":16301,"href":"https:\/\/altgsgrebenstein.de\/index.php?rest_route=\/wp\/v2\/posts\/16259\/revisions\/16301"}],"wp:attachment":[{"href":"https:\/\/altgsgrebenstein.de\/index.php?rest_route=%2Fwp%2Fv2%2Fmedia&parent=16259"}],"wp:term":[{"taxonomy":"category","embeddable":true,"href":"https:\/\/altgsgrebenstein.de\/index.php?rest_route=%2Fwp%2Fv2%2Fcategories&post=16259"},{"taxonomy":"post_tag","embeddable":true,"href":"https:\/\/altgsgrebenstein.de\/index.php?rest_route=%2Fwp%2Fv2%2Ftags&post=16259"}],"curies":[{"name":"wp","href":"https:\/\/api.w.org\/{rel}","templated":true}]}}