{"id":16224,"date":"2023-12-11T14:04:15","date_gmt":"2023-12-11T13:04:15","guid":{"rendered":"http:\/\/altgsgrebenstein.de\/?p=16224"},"modified":"2024-09-08T11:03:42","modified_gmt":"2024-09-08T10:03:42","slug":"literarischer-adventskalender-fuer-alle-schuelerinnen","status":"publish","type":"post","link":"https:\/\/altgsgrebenstein.de\/?p=16224","title":{"rendered":"Literarischer Adventskalender f\u00fcr alle Sch\u00fcler*innen"},"content":{"rendered":"<p style=\"text-align: justify;\">Um die lange Zeit des Wartens bis zum Weihnachtsfest zu verk\u00fcrzen, findet auch in diesem Jahr an der Heinrich-Grupe-Schule wieder ein \u201eliterarischer Adventskalender\u201c statt. An jedem Schultag im Dezember \u00f6ffnen Kolleginnen und Kollegen sowie\u00a0 Schulleitungsmitglieder in der zweiten gro\u00dfen Pause eines ihrer Lieblings(weihnachts)b\u00fccher und lesen &#8211; teilweise begleitet von Live-Musik &#8211; in der Neuen Aula f\u00fcr interessierte Sch\u00fclerinnen und Sch\u00fcler vor. Das Spektrum reicht dabei von (weihnachtlichen) Episoden aus bekannten deutschsprachigen Kinder- und Jugendb\u00fcchern bis hin zu \u00dcbersetzungen aus dem englischsprachigen Raum.<\/p>\n<p><img decoding=\"async\" class=\"alignnone size-full wp-image-16225\" src=\"http:\/\/altgsgrebenstein.de\/wp-content\/uploads\/2023\/12\/IMG_8386-scaled.jpg\" alt=\"\" width=\"2560\" height=\"1920\" srcset=\"https:\/\/altgsgrebenstein.de\/wp-content\/uploads\/2023\/12\/IMG_8386-scaled.jpg 2560w, https:\/\/altgsgrebenstein.de\/wp-content\/uploads\/2023\/12\/IMG_8386-300x225.jpg 300w, https:\/\/altgsgrebenstein.de\/wp-content\/uploads\/2023\/12\/IMG_8386-1024x768.jpg 1024w, https:\/\/altgsgrebenstein.de\/wp-content\/uploads\/2023\/12\/IMG_8386-768x576.jpg 768w, https:\/\/altgsgrebenstein.de\/wp-content\/uploads\/2023\/12\/IMG_8386-1536x1152.jpg 1536w, https:\/\/altgsgrebenstein.de\/wp-content\/uploads\/2023\/12\/IMG_8386-2048x1536.jpg 2048w\" sizes=\"(max-width: 2560px) 100vw, 2560px\" \/><\/p>\n<p style=\"text-align: justify;\">Wer durch das Zuh\u00f6ren (wieder) auf den Geschmack gekommen ist und sich mit H\u00f6rtexten weiter in Weihnachtsstimmung bringen m\u00f6chte, dem sei die <a href=\"https:\/\/www.hr3.de\/aktionen\/hr3-weihnachtsgeschichte\/die-hr3-weihnachtsgeschichte-charles-dickens--a-christmas-carol-v4,hr3-weihnachtshoerspiel-100.html\" target=\"_blank\" rel=\"noopener\">hr3-Weihnachtsgeschichte<\/a> empfohlen, die eine ganz besondere H\u00f6rbuchfassung von Charles Dickens\u2018 bekanntem Werk \u201eA Christmas Carol\u201c darstellt. In diesem Sinne: Frohes Fest!<\/p>\n","protected":false},"excerpt":{"rendered":"<p>Um die lange Zeit des Wartens bis zum Weihnachtsfest zu verk\u00fcrzen, findet auch in diesem Jahr an der Heinrich-Grupe-Schule wieder ein \u201eliterarischer Adventskalender\u201c statt. An jedem Schultag im Dezember \u00f6ffnen Kolleginnen und Kollegen sowie\u00a0 Schulleitungsmitglieder in der zweiten gro\u00dfen Pause eines ihrer Lieblings(weihnachts)b\u00fccher und lesen &#8211; teilweise begleitet von Live-Musik &#8211; in der Neuen Aula &hellip; <a href=\"https:\/\/altgsgrebenstein.de\/?p=16224\" class=\"more-link\"><span class=\"screen-reader-text\">Literarischer Adventskalender f\u00fcr alle Sch\u00fcler*innen<\/span> weiterlesen <span class=\"meta-nav\">&rarr;<\/span><\/a><\/p>\n","protected":false},"author":22,"featured_media":0,"comment_status":"closed","ping_status":"closed","sticky":false,"template":"","format":"standard","meta":{"saved_in_kubio":false,"footnotes":""},"categories":[33,1],"tags":[],"class_list":["post-16224","post","type-post","status-publish","format-standard","hentry","category-archiv","category-uncategorized"],"_links":{"self":[{"href":"https:\/\/altgsgrebenstein.de\/index.php?rest_route=\/wp\/v2\/posts\/16224","targetHints":{"allow":["GET"]}}],"collection":[{"href":"https:\/\/altgsgrebenstein.de\/index.php?rest_route=\/wp\/v2\/posts"}],"about":[{"href":"https:\/\/altgsgrebenstein.de\/index.php?rest_route=\/wp\/v2\/types\/post"}],"author":[{"embeddable":true,"href":"https:\/\/altgsgrebenstein.de\/index.php?rest_route=\/wp\/v2\/users\/22"}],"replies":[{"embeddable":true,"href":"https:\/\/altgsgrebenstein.de\/index.php?rest_route=%2Fwp%2Fv2%2Fcomments&post=16224"}],"version-history":[{"count":2,"href":"https:\/\/altgsgrebenstein.de\/index.php?rest_route=\/wp\/v2\/posts\/16224\/revisions"}],"predecessor-version":[{"id":16227,"href":"https:\/\/altgsgrebenstein.de\/index.php?rest_route=\/wp\/v2\/posts\/16224\/revisions\/16227"}],"wp:attachment":[{"href":"https:\/\/altgsgrebenstein.de\/index.php?rest_route=%2Fwp%2Fv2%2Fmedia&parent=16224"}],"wp:term":[{"taxonomy":"category","embeddable":true,"href":"https:\/\/altgsgrebenstein.de\/index.php?rest_route=%2Fwp%2Fv2%2Fcategories&post=16224"},{"taxonomy":"post_tag","embeddable":true,"href":"https:\/\/altgsgrebenstein.de\/index.php?rest_route=%2Fwp%2Fv2%2Ftags&post=16224"}],"curies":[{"name":"wp","href":"https:\/\/api.w.org\/{rel}","templated":true}]}}