{"id":16210,"date":"2023-12-08T11:19:07","date_gmt":"2023-12-08T10:19:07","guid":{"rendered":"http:\/\/altgsgrebenstein.de\/?p=16210"},"modified":"2024-09-08T11:03:37","modified_gmt":"2024-09-08T10:03:37","slug":"65-vorlesewettbewerb-2023-24-eine-reise-in-fremde-welten","status":"publish","type":"post","link":"https:\/\/altgsgrebenstein.de\/?p=16210","title":{"rendered":"65. Vorlesewettbewerb 2023\/24 &#8211; Eine Reise in fremde Welten"},"content":{"rendered":"<p>Am 01.12.2023 war es wieder soweit. In weihnachtlicher Atmosph\u00e4re fand der Vorlesewettbewerb der 6. Klassen in der Neuen Aula statt, f\u00fcr den sich die Klassensieger*innen Nevio Neuzner (F 6a), Emilia Raiswich (F 6b), Noemi Kunz (G 6a) und Frederik Weidmann (G 6b) qualifiziert hatten.<\/p>\n<p>Mit dem Vergleich \u201eLesen ist wie Kino im Kopf und eine Reise in fremde Welten\u201c er\u00f6ffnete die Moderatorin Nina Gilfert die Veranstaltung, die mit rund 600.000 teilnehmenden Sch\u00fcler*innen zu den gr\u00f6\u00dften und traditionsreichsten Sch\u00fclerwettbewerben bundesweit geh\u00f6rt.<\/p>\n<p><img decoding=\"async\" class=\"aligncenter size-large wp-image-16213\" src=\"http:\/\/altgsgrebenstein.de\/wp-content\/uploads\/2023\/12\/DSC_8876-1024x678.jpg\" alt=\"\" width=\"604\" height=\"400\" srcset=\"https:\/\/altgsgrebenstein.de\/wp-content\/uploads\/2023\/12\/DSC_8876-1024x678.jpg 1024w, https:\/\/altgsgrebenstein.de\/wp-content\/uploads\/2023\/12\/DSC_8876-300x199.jpg 300w, https:\/\/altgsgrebenstein.de\/wp-content\/uploads\/2023\/12\/DSC_8876-768x509.jpg 768w, https:\/\/altgsgrebenstein.de\/wp-content\/uploads\/2023\/12\/DSC_8876-1536x1017.jpg 1536w, https:\/\/altgsgrebenstein.de\/wp-content\/uploads\/2023\/12\/DSC_8876-2048x1356.jpg 2048w\" sizes=\"(max-width: 604px) 100vw, 604px\" \/> <img decoding=\"async\" class=\"aligncenter size-large wp-image-16214\" src=\"http:\/\/altgsgrebenstein.de\/wp-content\/uploads\/2023\/12\/DSC_8882-1024x678.jpg\" alt=\"\" width=\"604\" height=\"400\" srcset=\"https:\/\/altgsgrebenstein.de\/wp-content\/uploads\/2023\/12\/DSC_8882-1024x678.jpg 1024w, https:\/\/altgsgrebenstein.de\/wp-content\/uploads\/2023\/12\/DSC_8882-300x199.jpg 300w, https:\/\/altgsgrebenstein.de\/wp-content\/uploads\/2023\/12\/DSC_8882-768x509.jpg 768w, https:\/\/altgsgrebenstein.de\/wp-content\/uploads\/2023\/12\/DSC_8882-1536x1017.jpg 1536w, https:\/\/altgsgrebenstein.de\/wp-content\/uploads\/2023\/12\/DSC_8882-2048x1356.jpg 2048w\" sizes=\"(max-width: 604px) 100vw, 604px\" \/><\/p>\n<p>Nach einer kurzen Vorstellung ihres Buches lasen die Kandidat*innen eine Textpassage vor und nahmen uns mit in ihre Welt.<\/p>\n<p><img decoding=\"async\" class=\"aligncenter size-large wp-image-16212\" src=\"http:\/\/altgsgrebenstein.de\/wp-content\/uploads\/2023\/12\/DSC_8873-1024x678.jpg\" alt=\"\" width=\"604\" height=\"400\" srcset=\"https:\/\/altgsgrebenstein.de\/wp-content\/uploads\/2023\/12\/DSC_8873-1024x678.jpg 1024w, https:\/\/altgsgrebenstein.de\/wp-content\/uploads\/2023\/12\/DSC_8873-300x199.jpg 300w, https:\/\/altgsgrebenstein.de\/wp-content\/uploads\/2023\/12\/DSC_8873-768x509.jpg 768w, https:\/\/altgsgrebenstein.de\/wp-content\/uploads\/2023\/12\/DSC_8873-1536x1017.jpg 1536w, https:\/\/altgsgrebenstein.de\/wp-content\/uploads\/2023\/12\/DSC_8873-2048x1356.jpg 2048w\" sizes=\"(max-width: 604px) 100vw, 604px\" \/> <img decoding=\"async\" class=\"aligncenter size-large wp-image-16211\" src=\"http:\/\/altgsgrebenstein.de\/wp-content\/uploads\/2023\/12\/DSC_8871-1024x678.jpg\" alt=\"\" width=\"604\" height=\"400\" srcset=\"https:\/\/altgsgrebenstein.de\/wp-content\/uploads\/2023\/12\/DSC_8871-1024x678.jpg 1024w, https:\/\/altgsgrebenstein.de\/wp-content\/uploads\/2023\/12\/DSC_8871-300x199.jpg 300w, https:\/\/altgsgrebenstein.de\/wp-content\/uploads\/2023\/12\/DSC_8871-768x509.jpg 768w, https:\/\/altgsgrebenstein.de\/wp-content\/uploads\/2023\/12\/DSC_8871-1536x1017.jpg 1536w, https:\/\/altgsgrebenstein.de\/wp-content\/uploads\/2023\/12\/DSC_8871-2048x1356.jpg 2048w\" sizes=\"(max-width: 604px) 100vw, 604px\" \/><\/p>\n<p>Die Jury, bestehend aus Andreas Salomon (Stellvertretender Schulleiter), Christiane Melzer (Deutschlehrerin), Helwig Haag (Lateinlehrer), Lilly Mackewitz (Schulsprecherin) und Annika Faupel (Vorjahressiegerin des Vorlesewettbewerbs), lobte das fl\u00fcssige sowie gut betonte Vorlesen und die Lesefreude der Kandidat*innen, die dies zuvor im Deutschunterricht flei\u00dfig ge\u00fcbt hatten. Denn nur wer wirklich klar und deutlich vorliest, wer richtig betont und es schafft, mit seinem Vortrag die Fantasie der Zuh\u00f6rer*innen zu wecken, hat die Chance auf den Schulsieg.<\/p>\n<p><img decoding=\"async\" class=\"aligncenter size-large wp-image-16215\" src=\"http:\/\/altgsgrebenstein.de\/wp-content\/uploads\/2023\/12\/DSC_8888-1024x678.jpg\" alt=\"\" width=\"604\" height=\"400\" srcset=\"https:\/\/altgsgrebenstein.de\/wp-content\/uploads\/2023\/12\/DSC_8888-1024x678.jpg 1024w, https:\/\/altgsgrebenstein.de\/wp-content\/uploads\/2023\/12\/DSC_8888-300x199.jpg 300w, https:\/\/altgsgrebenstein.de\/wp-content\/uploads\/2023\/12\/DSC_8888-768x509.jpg 768w, https:\/\/altgsgrebenstein.de\/wp-content\/uploads\/2023\/12\/DSC_8888-1536x1017.jpg 1536w, https:\/\/altgsgrebenstein.de\/wp-content\/uploads\/2023\/12\/DSC_8888-2048x1356.jpg 2048w\" sizes=\"(max-width: 604px) 100vw, 604px\" \/> <img decoding=\"async\" class=\"aligncenter size-large wp-image-16216\" src=\"http:\/\/altgsgrebenstein.de\/wp-content\/uploads\/2023\/12\/DSC_8893-1024x678.jpg\" alt=\"\" width=\"604\" height=\"400\" srcset=\"https:\/\/altgsgrebenstein.de\/wp-content\/uploads\/2023\/12\/DSC_8893-1024x678.jpg 1024w, https:\/\/altgsgrebenstein.de\/wp-content\/uploads\/2023\/12\/DSC_8893-300x199.jpg 300w, https:\/\/altgsgrebenstein.de\/wp-content\/uploads\/2023\/12\/DSC_8893-768x509.jpg 768w, https:\/\/altgsgrebenstein.de\/wp-content\/uploads\/2023\/12\/DSC_8893-1536x1017.jpg 1536w, https:\/\/altgsgrebenstein.de\/wp-content\/uploads\/2023\/12\/DSC_8893-2048x1356.jpg 2048w\" sizes=\"(max-width: 604px) 100vw, 604px\" \/> <img decoding=\"async\" class=\"aligncenter size-large wp-image-16217\" src=\"http:\/\/altgsgrebenstein.de\/wp-content\/uploads\/2023\/12\/DSC_8897-1024x678.jpg\" alt=\"\" width=\"604\" height=\"400\" srcset=\"https:\/\/altgsgrebenstein.de\/wp-content\/uploads\/2023\/12\/DSC_8897-1024x678.jpg 1024w, https:\/\/altgsgrebenstein.de\/wp-content\/uploads\/2023\/12\/DSC_8897-300x199.jpg 300w, https:\/\/altgsgrebenstein.de\/wp-content\/uploads\/2023\/12\/DSC_8897-768x509.jpg 768w, https:\/\/altgsgrebenstein.de\/wp-content\/uploads\/2023\/12\/DSC_8897-1536x1017.jpg 1536w, https:\/\/altgsgrebenstein.de\/wp-content\/uploads\/2023\/12\/DSC_8897-2048x1356.jpg 2048w\" sizes=\"(max-width: 604px) 100vw, 604px\" \/> <img decoding=\"async\" class=\"aligncenter size-large wp-image-16218\" src=\"http:\/\/altgsgrebenstein.de\/wp-content\/uploads\/2023\/12\/DSC_8904-1024x678.jpg\" alt=\"\" width=\"604\" height=\"400\" srcset=\"https:\/\/altgsgrebenstein.de\/wp-content\/uploads\/2023\/12\/DSC_8904-1024x678.jpg 1024w, https:\/\/altgsgrebenstein.de\/wp-content\/uploads\/2023\/12\/DSC_8904-300x199.jpg 300w, https:\/\/altgsgrebenstein.de\/wp-content\/uploads\/2023\/12\/DSC_8904-768x509.jpg 768w, https:\/\/altgsgrebenstein.de\/wp-content\/uploads\/2023\/12\/DSC_8904-1536x1017.jpg 1536w, https:\/\/altgsgrebenstein.de\/wp-content\/uploads\/2023\/12\/DSC_8904-2048x1356.jpg 2048w\" sizes=\"(max-width: 604px) 100vw, 604px\" \/><\/p>\n<p>Erst nach dem Lesen des Fremdtextes aus \u201eDie elternlosen Erlebnisse der unzertrennlichen F\u00fcnf\u201c von Hana Tooke setzte sich Frederik Weidmann aus der Klasse G 6b gegen seine Mitsch\u00fcler*innen durch. Er hatte vorher aus dem Buch \u201eNennt mich nicht Ismael\u201c von Michael Gerard Bauer vorgelesen.<\/p>\n<p><img decoding=\"async\" class=\"aligncenter size-large wp-image-16219\" src=\"http:\/\/altgsgrebenstein.de\/wp-content\/uploads\/2023\/12\/DSC_8909-1024x678.jpg\" alt=\"\" width=\"604\" height=\"400\" srcset=\"https:\/\/altgsgrebenstein.de\/wp-content\/uploads\/2023\/12\/DSC_8909-1024x678.jpg 1024w, https:\/\/altgsgrebenstein.de\/wp-content\/uploads\/2023\/12\/DSC_8909-300x199.jpg 300w, https:\/\/altgsgrebenstein.de\/wp-content\/uploads\/2023\/12\/DSC_8909-768x509.jpg 768w, https:\/\/altgsgrebenstein.de\/wp-content\/uploads\/2023\/12\/DSC_8909-1536x1017.jpg 1536w, https:\/\/altgsgrebenstein.de\/wp-content\/uploads\/2023\/12\/DSC_8909-2048x1356.jpg 2048w\" sizes=\"(max-width: 604px) 100vw, 604px\" \/><\/p>\n<p>Die vier Klassensieger und der Schulsieger wurden mit jeweils einer Urkunde ausgezeichnet.<\/p>\n<p><img decoding=\"async\" class=\"aligncenter size-large wp-image-16220\" src=\"http:\/\/altgsgrebenstein.de\/wp-content\/uploads\/2023\/12\/DSC_8910-1024x678.jpg\" alt=\"\" width=\"604\" height=\"400\" srcset=\"https:\/\/altgsgrebenstein.de\/wp-content\/uploads\/2023\/12\/DSC_8910-1024x678.jpg 1024w, https:\/\/altgsgrebenstein.de\/wp-content\/uploads\/2023\/12\/DSC_8910-300x199.jpg 300w, https:\/\/altgsgrebenstein.de\/wp-content\/uploads\/2023\/12\/DSC_8910-768x509.jpg 768w, https:\/\/altgsgrebenstein.de\/wp-content\/uploads\/2023\/12\/DSC_8910-1536x1017.jpg 1536w, https:\/\/altgsgrebenstein.de\/wp-content\/uploads\/2023\/12\/DSC_8910-2048x1356.jpg 2048w\" sizes=\"(max-width: 604px) 100vw, 604px\" \/><\/p>\n<p>Als Gewinner des Schulentscheides startet Frederik nun in die n\u00e4chste Runde des Wettbewerbs- den Kreisentscheid, der im Februar 2024 stattfinden wird. Daf\u00fcr dr\u00fccken wir ihm fest die Daumen!<\/p>\n","protected":false},"excerpt":{"rendered":"<p>Am 01.12.2023 war es wieder soweit. In weihnachtlicher Atmosph\u00e4re fand der Vorlesewettbewerb der 6. Klassen in der Neuen Aula statt, f\u00fcr den sich die Klassensieger*innen Nevio Neuzner (F 6a), Emilia Raiswich (F 6b), Noemi Kunz (G 6a) und Frederik Weidmann (G 6b) qualifiziert hatten. Mit dem Vergleich \u201eLesen ist wie Kino im Kopf und eine &hellip; <a href=\"https:\/\/altgsgrebenstein.de\/?p=16210\" class=\"more-link\"><span class=\"screen-reader-text\">65. Vorlesewettbewerb 2023\/24 &#8211; Eine Reise in fremde Welten<\/span> weiterlesen <span class=\"meta-nav\">&rarr;<\/span><\/a><\/p>\n","protected":false},"author":28,"featured_media":0,"comment_status":"closed","ping_status":"closed","sticky":false,"template":"","format":"standard","meta":{"saved_in_kubio":false,"footnotes":""},"categories":[33,1],"tags":[],"class_list":["post-16210","post","type-post","status-publish","format-standard","hentry","category-archiv","category-uncategorized"],"_links":{"self":[{"href":"https:\/\/altgsgrebenstein.de\/index.php?rest_route=\/wp\/v2\/posts\/16210","targetHints":{"allow":["GET"]}}],"collection":[{"href":"https:\/\/altgsgrebenstein.de\/index.php?rest_route=\/wp\/v2\/posts"}],"about":[{"href":"https:\/\/altgsgrebenstein.de\/index.php?rest_route=\/wp\/v2\/types\/post"}],"author":[{"embeddable":true,"href":"https:\/\/altgsgrebenstein.de\/index.php?rest_route=\/wp\/v2\/users\/28"}],"replies":[{"embeddable":true,"href":"https:\/\/altgsgrebenstein.de\/index.php?rest_route=%2Fwp%2Fv2%2Fcomments&post=16210"}],"version-history":[{"count":1,"href":"https:\/\/altgsgrebenstein.de\/index.php?rest_route=\/wp\/v2\/posts\/16210\/revisions"}],"predecessor-version":[{"id":16221,"href":"https:\/\/altgsgrebenstein.de\/index.php?rest_route=\/wp\/v2\/posts\/16210\/revisions\/16221"}],"wp:attachment":[{"href":"https:\/\/altgsgrebenstein.de\/index.php?rest_route=%2Fwp%2Fv2%2Fmedia&parent=16210"}],"wp:term":[{"taxonomy":"category","embeddable":true,"href":"https:\/\/altgsgrebenstein.de\/index.php?rest_route=%2Fwp%2Fv2%2Fcategories&post=16210"},{"taxonomy":"post_tag","embeddable":true,"href":"https:\/\/altgsgrebenstein.de\/index.php?rest_route=%2Fwp%2Fv2%2Ftags&post=16210"}],"curies":[{"name":"wp","href":"https:\/\/api.w.org\/{rel}","templated":true}]}}