{"id":16186,"date":"2023-11-29T05:41:15","date_gmt":"2023-11-29T04:41:15","guid":{"rendered":"http:\/\/altgsgrebenstein.de\/?p=16186"},"modified":"2024-09-08T11:03:10","modified_gmt":"2024-09-08T10:03:10","slug":"hgs-podcst-zum-tag-der-offenen-tuer-2023","status":"publish","type":"post","link":"https:\/\/altgsgrebenstein.de\/?p=16186","title":{"rendered":"HGS-Podcast zum Tag der offenen T\u00fcr 2023"},"content":{"rendered":"<p>Die Heinrich-Grupe-Schule hat am 18. November herzlich zum Tag der offenen T\u00fcr eingeladen und die Podcast-AG nutzte diese Gelegenheit, um diesen Tag zu begleiten und die Atmosph\u00e4re an der HGS einzufangen.<\/p>\n<p>Wir haben kurze Interviews mit Eltern, Sch\u00fcler*innen und Lehrkr\u00e4ften gef\u00fchrt und hoffen, ihr k\u00f6nnt euch dadurch ein paar Eindr\u00fccke von unserer Schule verschaffen.<\/p>\n<p>Viel Spa\u00df beim Zuh\u00f6ren!<\/p>\n<p>Eure Podcast-AG<\/p>\n<!--[if lt IE 9]><script>document.createElement('audio');<\/script><![endif]-->\n<audio class=\"wp-audio-shortcode\" id=\"audio-16186-1\" preload=\"none\" style=\"width: 100%;\" controls=\"controls\"><source type=\"audio\/mpeg\" src=\"http:\/\/altgsgrebenstein.de\/wp-content\/uploads\/2023\/11\/HGSPodcast_TdoT.m4a?_=1\" \/><a href=\"http:\/\/altgsgrebenstein.de\/wp-content\/uploads\/2023\/11\/HGSPodcast_TdoT.m4a\">http:\/\/altgsgrebenstein.de\/wp-content\/uploads\/2023\/11\/HGSPodcast_TdoT.m4a<\/a><\/audio>\n<p>&nbsp;<\/p>\n","protected":false},"excerpt":{"rendered":"<p>Die Heinrich-Grupe-Schule hat am 18. November herzlich zum Tag der offenen T\u00fcr eingeladen und die Podcast-AG nutzte diese Gelegenheit, um diesen Tag zu begleiten und die Atmosph\u00e4re an der HGS einzufangen. Wir haben kurze Interviews mit Eltern, Sch\u00fcler*innen und Lehrkr\u00e4ften gef\u00fchrt und hoffen, ihr k\u00f6nnt euch dadurch ein paar Eindr\u00fccke von unserer Schule verschaffen. Viel &hellip; <a href=\"https:\/\/altgsgrebenstein.de\/?p=16186\" class=\"more-link\"><span class=\"screen-reader-text\">HGS-Podcast zum Tag der offenen T\u00fcr 2023<\/span> weiterlesen <span class=\"meta-nav\">&rarr;<\/span><\/a><\/p>\n","protected":false},"author":28,"featured_media":0,"comment_status":"closed","ping_status":"closed","sticky":false,"template":"","format":"standard","meta":{"saved_in_kubio":false,"footnotes":""},"categories":[33,1],"tags":[],"class_list":["post-16186","post","type-post","status-publish","format-standard","hentry","category-archiv","category-uncategorized"],"_links":{"self":[{"href":"https:\/\/altgsgrebenstein.de\/index.php?rest_route=\/wp\/v2\/posts\/16186","targetHints":{"allow":["GET"]}}],"collection":[{"href":"https:\/\/altgsgrebenstein.de\/index.php?rest_route=\/wp\/v2\/posts"}],"about":[{"href":"https:\/\/altgsgrebenstein.de\/index.php?rest_route=\/wp\/v2\/types\/post"}],"author":[{"embeddable":true,"href":"https:\/\/altgsgrebenstein.de\/index.php?rest_route=\/wp\/v2\/users\/28"}],"replies":[{"embeddable":true,"href":"https:\/\/altgsgrebenstein.de\/index.php?rest_route=%2Fwp%2Fv2%2Fcomments&post=16186"}],"version-history":[{"count":2,"href":"https:\/\/altgsgrebenstein.de\/index.php?rest_route=\/wp\/v2\/posts\/16186\/revisions"}],"predecessor-version":[{"id":16196,"href":"https:\/\/altgsgrebenstein.de\/index.php?rest_route=\/wp\/v2\/posts\/16186\/revisions\/16196"}],"wp:attachment":[{"href":"https:\/\/altgsgrebenstein.de\/index.php?rest_route=%2Fwp%2Fv2%2Fmedia&parent=16186"}],"wp:term":[{"taxonomy":"category","embeddable":true,"href":"https:\/\/altgsgrebenstein.de\/index.php?rest_route=%2Fwp%2Fv2%2Fcategories&post=16186"},{"taxonomy":"post_tag","embeddable":true,"href":"https:\/\/altgsgrebenstein.de\/index.php?rest_route=%2Fwp%2Fv2%2Ftags&post=16186"}],"curies":[{"name":"wp","href":"https:\/\/api.w.org\/{rel}","templated":true}]}}