{"id":16151,"date":"2023-11-18T18:42:00","date_gmt":"2023-11-18T17:42:00","guid":{"rendered":"http:\/\/altgsgrebenstein.de\/?p=16151"},"modified":"2024-09-08T11:03:00","modified_gmt":"2024-09-08T10:03:00","slug":"hgs-tag-der-offenen-tuer-in-2023-ein-besuchermagnet","status":"publish","type":"post","link":"https:\/\/altgsgrebenstein.de\/?p=16151","title":{"rendered":"HGS Tag der offenen T\u00fcr in 2023 ein Besuchermagnet"},"content":{"rendered":"<p>Am Samstagmorgen f\u00fcllte sich ab 9.50 Uhr die Mensa der HGS stetig. Kurz darauf begr\u00fc\u00dfte Frau Boye-Griesel ca. 65 Viertkl\u00e4ssler sehr herzlich. Begleitet von den interessierten Eltern fasste die Mensa ca. 160 Besucher.<\/p>\n<p><img decoding=\"async\" class=\"aligncenter size-large wp-image-16153\" src=\"http:\/\/altgsgrebenstein.de\/wp-content\/uploads\/2023\/11\/IMG_0220-1024x768.jpg\" alt=\"\" width=\"604\" height=\"453\" srcset=\"https:\/\/altgsgrebenstein.de\/wp-content\/uploads\/2023\/11\/IMG_0220-1024x768.jpg 1024w, https:\/\/altgsgrebenstein.de\/wp-content\/uploads\/2023\/11\/IMG_0220-300x225.jpg 300w, https:\/\/altgsgrebenstein.de\/wp-content\/uploads\/2023\/11\/IMG_0220-768x576.jpg 768w, https:\/\/altgsgrebenstein.de\/wp-content\/uploads\/2023\/11\/IMG_0220-1536x1152.jpg 1536w, https:\/\/altgsgrebenstein.de\/wp-content\/uploads\/2023\/11\/IMG_0220-2048x1536.jpg 2048w\" sizes=\"(max-width: 604px) 100vw, 604px\" \/><\/p>\n<p>Die HGS wartete mit allem auf, was sie zu bieten hat. Die Sch\u00fclerpaten, das SV- Team mit der Schulsprecherin Lilly Mackewitz, der Schulsanit\u00e4tsdienst, der F\u00f6rderverein mit den Mensa-Damen und die Schulsozialarbeit waren mit an Bord. Lehrer-Teams der Fachbereiche aller F\u00e4cher hatten sich vorbereitet, um den durch die Sch\u00fclerpaten gef\u00fchrten Sch\u00fclergruppen einen interessanten Einblick in ihre F\u00e4cher zu geben.<\/p>\n<p><img decoding=\"async\" class=\"aligncenter size-large wp-image-16154\" src=\"http:\/\/altgsgrebenstein.de\/wp-content\/uploads\/2023\/11\/IMG_0262-1024x768.jpg\" alt=\"\" width=\"604\" height=\"453\" srcset=\"https:\/\/altgsgrebenstein.de\/wp-content\/uploads\/2023\/11\/IMG_0262-1024x768.jpg 1024w, https:\/\/altgsgrebenstein.de\/wp-content\/uploads\/2023\/11\/IMG_0262-300x225.jpg 300w, https:\/\/altgsgrebenstein.de\/wp-content\/uploads\/2023\/11\/IMG_0262-768x576.jpg 768w, https:\/\/altgsgrebenstein.de\/wp-content\/uploads\/2023\/11\/IMG_0262-1536x1152.jpg 1536w, https:\/\/altgsgrebenstein.de\/wp-content\/uploads\/2023\/11\/IMG_0262-2048x1536.jpg 2048w\" sizes=\"(max-width: 604px) 100vw, 604px\" \/><\/p>\n<p>Das Schulleitungsteam f\u00fchrte die Eltern durch die Schule und zeigte ihnen neben den Fachr\u00e4umen auch Einblicke in den Fachunterricht. \u00a0Au\u00dferdem bekamen die Eltern ausf\u00fchrliche Informationen \u00fcber die konzeptionelle Aufstellung der HGS. Dirk Weidmann (Gym.-Leitung) und Jonathan Kunz (F\u00f6.-Leitung) pr\u00e4sentierten und beantworteten mit hoher Sachkompetenz alle Fragen der Eltern.<\/p>\n<p><img decoding=\"async\" class=\"aligncenter size-large wp-image-16155\" src=\"http:\/\/altgsgrebenstein.de\/wp-content\/uploads\/2023\/11\/IMG_0255-1024x768.jpg\" alt=\"\" width=\"604\" height=\"453\" srcset=\"https:\/\/altgsgrebenstein.de\/wp-content\/uploads\/2023\/11\/IMG_0255-1024x768.jpg 1024w, https:\/\/altgsgrebenstein.de\/wp-content\/uploads\/2023\/11\/IMG_0255-300x225.jpg 300w, https:\/\/altgsgrebenstein.de\/wp-content\/uploads\/2023\/11\/IMG_0255-768x576.jpg 768w, https:\/\/altgsgrebenstein.de\/wp-content\/uploads\/2023\/11\/IMG_0255-1536x1152.jpg 1536w, https:\/\/altgsgrebenstein.de\/wp-content\/uploads\/2023\/11\/IMG_0255-2048x1536.jpg 2048w\" sizes=\"(max-width: 604px) 100vw, 604px\" \/> <img decoding=\"async\" class=\"aligncenter size-large wp-image-16156\" src=\"http:\/\/altgsgrebenstein.de\/wp-content\/uploads\/2023\/11\/IMG_0259-1024x768.jpg\" alt=\"\" width=\"604\" height=\"453\" srcset=\"https:\/\/altgsgrebenstein.de\/wp-content\/uploads\/2023\/11\/IMG_0259-1024x768.jpg 1024w, https:\/\/altgsgrebenstein.de\/wp-content\/uploads\/2023\/11\/IMG_0259-300x225.jpg 300w, https:\/\/altgsgrebenstein.de\/wp-content\/uploads\/2023\/11\/IMG_0259-768x576.jpg 768w, https:\/\/altgsgrebenstein.de\/wp-content\/uploads\/2023\/11\/IMG_0259-1536x1152.jpg 1536w, https:\/\/altgsgrebenstein.de\/wp-content\/uploads\/2023\/11\/IMG_0259-2048x1536.jpg 2048w\" sizes=\"(max-width: 604px) 100vw, 604px\" \/> <img decoding=\"async\" class=\"aligncenter size-large wp-image-16157\" src=\"http:\/\/altgsgrebenstein.de\/wp-content\/uploads\/2023\/11\/IMG_0260-768x1024.jpg\" alt=\"\" width=\"604\" height=\"805\" srcset=\"https:\/\/altgsgrebenstein.de\/wp-content\/uploads\/2023\/11\/IMG_0260-768x1024.jpg 768w, https:\/\/altgsgrebenstein.de\/wp-content\/uploads\/2023\/11\/IMG_0260-225x300.jpg 225w, https:\/\/altgsgrebenstein.de\/wp-content\/uploads\/2023\/11\/IMG_0260-1152x1536.jpg 1152w, https:\/\/altgsgrebenstein.de\/wp-content\/uploads\/2023\/11\/IMG_0260-1536x2048.jpg 1536w, https:\/\/altgsgrebenstein.de\/wp-content\/uploads\/2023\/11\/IMG_0260-scaled.jpg 1920w\" sizes=\"(max-width: 604px) 100vw, 604px\" \/> <img decoding=\"async\" class=\"aligncenter size-large wp-image-16158\" src=\"http:\/\/altgsgrebenstein.de\/wp-content\/uploads\/2023\/11\/IMG_0268-1024x768.jpg\" alt=\"\" width=\"604\" height=\"453\" srcset=\"https:\/\/altgsgrebenstein.de\/wp-content\/uploads\/2023\/11\/IMG_0268-1024x768.jpg 1024w, https:\/\/altgsgrebenstein.de\/wp-content\/uploads\/2023\/11\/IMG_0268-300x225.jpg 300w, https:\/\/altgsgrebenstein.de\/wp-content\/uploads\/2023\/11\/IMG_0268-768x576.jpg 768w, https:\/\/altgsgrebenstein.de\/wp-content\/uploads\/2023\/11\/IMG_0268-1536x1152.jpg 1536w, https:\/\/altgsgrebenstein.de\/wp-content\/uploads\/2023\/11\/IMG_0268-2048x1536.jpg 2048w\" sizes=\"(max-width: 604px) 100vw, 604px\" \/> <img decoding=\"async\" class=\"aligncenter size-large wp-image-16159\" src=\"http:\/\/altgsgrebenstein.de\/wp-content\/uploads\/2023\/11\/IMG_0271-1024x401.jpg\" alt=\"\" width=\"604\" height=\"237\" srcset=\"https:\/\/altgsgrebenstein.de\/wp-content\/uploads\/2023\/11\/IMG_0271-1024x401.jpg 1024w, https:\/\/altgsgrebenstein.de\/wp-content\/uploads\/2023\/11\/IMG_0271-300x117.jpg 300w, https:\/\/altgsgrebenstein.de\/wp-content\/uploads\/2023\/11\/IMG_0271-768x301.jpg 768w, https:\/\/altgsgrebenstein.de\/wp-content\/uploads\/2023\/11\/IMG_0271-1536x601.jpg 1536w, https:\/\/altgsgrebenstein.de\/wp-content\/uploads\/2023\/11\/IMG_0271-2048x802.jpg 2048w\" sizes=\"(max-width: 604px) 100vw, 604px\" \/> <img decoding=\"async\" class=\"aligncenter size-large wp-image-16160\" src=\"http:\/\/altgsgrebenstein.de\/wp-content\/uploads\/2023\/11\/IMG_0272-1024x768.jpg\" alt=\"\" width=\"604\" height=\"453\" srcset=\"https:\/\/altgsgrebenstein.de\/wp-content\/uploads\/2023\/11\/IMG_0272-1024x768.jpg 1024w, https:\/\/altgsgrebenstein.de\/wp-content\/uploads\/2023\/11\/IMG_0272-300x225.jpg 300w, https:\/\/altgsgrebenstein.de\/wp-content\/uploads\/2023\/11\/IMG_0272-768x576.jpg 768w, https:\/\/altgsgrebenstein.de\/wp-content\/uploads\/2023\/11\/IMG_0272-1536x1152.jpg 1536w, https:\/\/altgsgrebenstein.de\/wp-content\/uploads\/2023\/11\/IMG_0272-2048x1536.jpg 2048w\" sizes=\"(max-width: 604px) 100vw, 604px\" \/> <img decoding=\"async\" class=\"aligncenter size-large wp-image-16161\" src=\"http:\/\/altgsgrebenstein.de\/wp-content\/uploads\/2023\/11\/IMG_0280-1024x768.jpg\" alt=\"\" width=\"604\" height=\"453\" srcset=\"https:\/\/altgsgrebenstein.de\/wp-content\/uploads\/2023\/11\/IMG_0280-1024x768.jpg 1024w, https:\/\/altgsgrebenstein.de\/wp-content\/uploads\/2023\/11\/IMG_0280-300x225.jpg 300w, https:\/\/altgsgrebenstein.de\/wp-content\/uploads\/2023\/11\/IMG_0280-768x576.jpg 768w, https:\/\/altgsgrebenstein.de\/wp-content\/uploads\/2023\/11\/IMG_0280-1536x1152.jpg 1536w, https:\/\/altgsgrebenstein.de\/wp-content\/uploads\/2023\/11\/IMG_0280-2048x1536.jpg 2048w\" sizes=\"(max-width: 604px) 100vw, 604px\" \/><\/p>\n<p><img decoding=\"async\" class=\"aligncenter size-large wp-image-16165\" src=\"http:\/\/altgsgrebenstein.de\/wp-content\/uploads\/2023\/11\/IMG_0252-1024x768.jpg\" alt=\"\" width=\"604\" height=\"453\" srcset=\"https:\/\/altgsgrebenstein.de\/wp-content\/uploads\/2023\/11\/IMG_0252-1024x768.jpg 1024w, https:\/\/altgsgrebenstein.de\/wp-content\/uploads\/2023\/11\/IMG_0252-300x225.jpg 300w, https:\/\/altgsgrebenstein.de\/wp-content\/uploads\/2023\/11\/IMG_0252-768x576.jpg 768w, https:\/\/altgsgrebenstein.de\/wp-content\/uploads\/2023\/11\/IMG_0252-1536x1152.jpg 1536w, https:\/\/altgsgrebenstein.de\/wp-content\/uploads\/2023\/11\/IMG_0252-2048x1536.jpg 2048w\" sizes=\"(max-width: 604px) 100vw, 604px\" \/><\/p>\n<p>&nbsp;<\/p>\n<p>Am Ende gab es in diesem Jahr f\u00fcr die Besucher einen QR-Code. Hier konnten man der HGS-Schulgemeinde seine Meinung zum Tag der offenen T\u00fcr mitteilen.<\/p>\n<p><img decoding=\"async\" class=\"aligncenter size-large wp-image-16152\" src=\"http:\/\/altgsgrebenstein.de\/wp-content\/uploads\/2023\/11\/IMG_0226-1024x768.jpg\" alt=\"\" width=\"604\" height=\"453\" srcset=\"https:\/\/altgsgrebenstein.de\/wp-content\/uploads\/2023\/11\/IMG_0226-1024x768.jpg 1024w, https:\/\/altgsgrebenstein.de\/wp-content\/uploads\/2023\/11\/IMG_0226-300x225.jpg 300w, https:\/\/altgsgrebenstein.de\/wp-content\/uploads\/2023\/11\/IMG_0226-768x576.jpg 768w, https:\/\/altgsgrebenstein.de\/wp-content\/uploads\/2023\/11\/IMG_0226-1536x1152.jpg 1536w, https:\/\/altgsgrebenstein.de\/wp-content\/uploads\/2023\/11\/IMG_0226-2048x1536.jpg 2048w\" sizes=\"(max-width: 604px) 100vw, 604px\" \/><\/p>\n<p>Viele Eltern und Sch\u00fcler-Innen taten das am Schluss der Veranstaltung direkt. Beim Essen von frischen Waffeln und gegrillten W\u00fcrstchen war man sich einig, dass diese Veranstaltung nicht nur sehr gut vorbereitet, sondern auch mit Engagement und viel Freude durchgef\u00fchrt wurde. Vielen Dank allen, die dabei waren!<\/p>\n<p><img decoding=\"async\" class=\"aligncenter size-large wp-image-16162\" src=\"http:\/\/altgsgrebenstein.de\/wp-content\/uploads\/2023\/11\/IMG_0218-1024x768.jpg\" alt=\"\" width=\"604\" height=\"453\" srcset=\"https:\/\/altgsgrebenstein.de\/wp-content\/uploads\/2023\/11\/IMG_0218-1024x768.jpg 1024w, https:\/\/altgsgrebenstein.de\/wp-content\/uploads\/2023\/11\/IMG_0218-300x225.jpg 300w, https:\/\/altgsgrebenstein.de\/wp-content\/uploads\/2023\/11\/IMG_0218-768x576.jpg 768w, https:\/\/altgsgrebenstein.de\/wp-content\/uploads\/2023\/11\/IMG_0218-1536x1152.jpg 1536w, https:\/\/altgsgrebenstein.de\/wp-content\/uploads\/2023\/11\/IMG_0218-2048x1536.jpg 2048w\" sizes=\"(max-width: 604px) 100vw, 604px\" \/> <img decoding=\"async\" class=\"aligncenter size-large wp-image-16163\" src=\"http:\/\/altgsgrebenstein.de\/wp-content\/uploads\/2023\/11\/IMG_0224-1024x768.jpg\" alt=\"\" width=\"604\" height=\"453\" srcset=\"https:\/\/altgsgrebenstein.de\/wp-content\/uploads\/2023\/11\/IMG_0224-1024x768.jpg 1024w, https:\/\/altgsgrebenstein.de\/wp-content\/uploads\/2023\/11\/IMG_0224-300x225.jpg 300w, https:\/\/altgsgrebenstein.de\/wp-content\/uploads\/2023\/11\/IMG_0224-768x576.jpg 768w, https:\/\/altgsgrebenstein.de\/wp-content\/uploads\/2023\/11\/IMG_0224-1536x1152.jpg 1536w, https:\/\/altgsgrebenstein.de\/wp-content\/uploads\/2023\/11\/IMG_0224-2048x1536.jpg 2048w\" sizes=\"(max-width: 604px) 100vw, 604px\" \/> <img decoding=\"async\" class=\"aligncenter size-large wp-image-16164\" src=\"http:\/\/altgsgrebenstein.de\/wp-content\/uploads\/2023\/11\/IMG_0225-1024x768.jpg\" alt=\"\" width=\"604\" height=\"453\" srcset=\"https:\/\/altgsgrebenstein.de\/wp-content\/uploads\/2023\/11\/IMG_0225-1024x768.jpg 1024w, https:\/\/altgsgrebenstein.de\/wp-content\/uploads\/2023\/11\/IMG_0225-300x225.jpg 300w, https:\/\/altgsgrebenstein.de\/wp-content\/uploads\/2023\/11\/IMG_0225-768x576.jpg 768w, https:\/\/altgsgrebenstein.de\/wp-content\/uploads\/2023\/11\/IMG_0225-1536x1152.jpg 1536w, https:\/\/altgsgrebenstein.de\/wp-content\/uploads\/2023\/11\/IMG_0225-2048x1536.jpg 2048w\" sizes=\"(max-width: 604px) 100vw, 604px\" \/><\/p>\n<p>Rita Hirdes-Bettenh\u00e4user<\/p>\n","protected":false},"excerpt":{"rendered":"<p>Am Samstagmorgen f\u00fcllte sich ab 9.50 Uhr die Mensa der HGS stetig. Kurz darauf begr\u00fc\u00dfte Frau Boye-Griesel ca. 65 Viertkl\u00e4ssler sehr herzlich. Begleitet von den interessierten Eltern fasste die Mensa ca. 160 Besucher. Die HGS wartete mit allem auf, was sie zu bieten hat. Die Sch\u00fclerpaten, das SV- Team mit der Schulsprecherin Lilly Mackewitz, der &hellip; <a href=\"https:\/\/altgsgrebenstein.de\/?p=16151\" class=\"more-link\"><span class=\"screen-reader-text\">HGS Tag der offenen T\u00fcr in 2023 ein Besuchermagnet<\/span> weiterlesen <span class=\"meta-nav\">&rarr;<\/span><\/a><\/p>\n","protected":false},"author":28,"featured_media":0,"comment_status":"closed","ping_status":"closed","sticky":false,"template":"","format":"standard","meta":{"saved_in_kubio":false,"footnotes":""},"categories":[33,1],"tags":[],"class_list":["post-16151","post","type-post","status-publish","format-standard","hentry","category-archiv","category-uncategorized"],"_links":{"self":[{"href":"https:\/\/altgsgrebenstein.de\/index.php?rest_route=\/wp\/v2\/posts\/16151","targetHints":{"allow":["GET"]}}],"collection":[{"href":"https:\/\/altgsgrebenstein.de\/index.php?rest_route=\/wp\/v2\/posts"}],"about":[{"href":"https:\/\/altgsgrebenstein.de\/index.php?rest_route=\/wp\/v2\/types\/post"}],"author":[{"embeddable":true,"href":"https:\/\/altgsgrebenstein.de\/index.php?rest_route=\/wp\/v2\/users\/28"}],"replies":[{"embeddable":true,"href":"https:\/\/altgsgrebenstein.de\/index.php?rest_route=%2Fwp%2Fv2%2Fcomments&post=16151"}],"version-history":[{"count":3,"href":"https:\/\/altgsgrebenstein.de\/index.php?rest_route=\/wp\/v2\/posts\/16151\/revisions"}],"predecessor-version":[{"id":16169,"href":"https:\/\/altgsgrebenstein.de\/index.php?rest_route=\/wp\/v2\/posts\/16151\/revisions\/16169"}],"wp:attachment":[{"href":"https:\/\/altgsgrebenstein.de\/index.php?rest_route=%2Fwp%2Fv2%2Fmedia&parent=16151"}],"wp:term":[{"taxonomy":"category","embeddable":true,"href":"https:\/\/altgsgrebenstein.de\/index.php?rest_route=%2Fwp%2Fv2%2Fcategories&post=16151"},{"taxonomy":"post_tag","embeddable":true,"href":"https:\/\/altgsgrebenstein.de\/index.php?rest_route=%2Fwp%2Fv2%2Ftags&post=16151"}],"curies":[{"name":"wp","href":"https:\/\/api.w.org\/{rel}","templated":true}]}}