{"id":16126,"date":"2023-11-09T18:52:37","date_gmt":"2023-11-09T17:52:37","guid":{"rendered":"http:\/\/altgsgrebenstein.de\/?p=16126"},"modified":"2024-09-08T11:02:53","modified_gmt":"2024-09-08T10:02:53","slug":"38-cafe-beruf-am-08-11-2023-berufsorientierung-ganz-nah","status":"publish","type":"post","link":"https:\/\/altgsgrebenstein.de\/?p=16126","title":{"rendered":"38. Caf\u00e9 Beruf am 08.11.2023 &#8211; Berufsorientierung ganz nah"},"content":{"rendered":"<p>Am Mittwoch, dem 08.11.2023 fand von 16-18 Uhr das 38. Caf\u00e9 Beruf statt, bei dem eingeladene Betriebe ihre Ausbildungsberufe und T\u00e4tigkeitsfelder in praxisorientierten Workshops vorstellten.<\/p>\n<p>Anwesend waren ungef\u00e4hr 150 Sch\u00fcler*innen der Klassen H8, H9, R8, R9 und G8, deren Eltern und Klassen- und AL-Lehrer*innen.<\/p>\n<p><img decoding=\"async\" class=\"aligncenter size-large wp-image-16127\" src=\"http:\/\/altgsgrebenstein.de\/wp-content\/uploads\/2023\/11\/20231108_160610-1024x578.jpg\" alt=\"\" width=\"604\" height=\"341\" srcset=\"https:\/\/altgsgrebenstein.de\/wp-content\/uploads\/2023\/11\/20231108_160610-1024x578.jpg 1024w, https:\/\/altgsgrebenstein.de\/wp-content\/uploads\/2023\/11\/20231108_160610-300x169.jpg 300w, https:\/\/altgsgrebenstein.de\/wp-content\/uploads\/2023\/11\/20231108_160610-768x433.jpg 768w, https:\/\/altgsgrebenstein.de\/wp-content\/uploads\/2023\/11\/20231108_160610-1536x866.jpg 1536w, https:\/\/altgsgrebenstein.de\/wp-content\/uploads\/2023\/11\/20231108_160610-2048x1155.jpg 2048w\" sizes=\"(max-width: 604px) 100vw, 604px\" \/><\/p>\n<p>Dieses Jahr stellten sich sechs Betriebe und Institutionen vor:<\/p>\n<p>Volunta (Freiwilligendienste), die Herwig-Blankertz-Schule Hofgeismar (soziale Berufe), SMA, Daimler Truck AG, Meinolf Gockel und die Lungenfachklinik Immenhausen.<\/p>\n<p><img decoding=\"async\" class=\"aligncenter size-large wp-image-16128\" src=\"http:\/\/altgsgrebenstein.de\/wp-content\/uploads\/2023\/11\/20231108_160523-1024x576.jpg\" alt=\"\" width=\"604\" height=\"340\" srcset=\"https:\/\/altgsgrebenstein.de\/wp-content\/uploads\/2023\/11\/20231108_160523-1024x576.jpg 1024w, https:\/\/altgsgrebenstein.de\/wp-content\/uploads\/2023\/11\/20231108_160523-300x169.jpg 300w, https:\/\/altgsgrebenstein.de\/wp-content\/uploads\/2023\/11\/20231108_160523-768x432.jpg 768w, https:\/\/altgsgrebenstein.de\/wp-content\/uploads\/2023\/11\/20231108_160523-1536x864.jpg 1536w, https:\/\/altgsgrebenstein.de\/wp-content\/uploads\/2023\/11\/20231108_160523-2048x1152.jpg 2048w\" sizes=\"(max-width: 604px) 100vw, 604px\" \/><\/p>\n<p>Gegen 16.00 Uhr versammelten sich alle Teilnehmenden in der neuen Aula und wurden von dem stellvertretenden Schulleiter Andreas Salomon begr\u00fc\u00dft, der die Bedeutung der Berufsorientierung f\u00fcr die Sch\u00fcler*innen hervorhob.<\/p>\n<p>Anschlie\u00dfend erkl\u00e4rten die Organisatorinnen Nina Gilfert und Merve Aydin den Ablauf. Um 16.15 Uhr begann der erste Informationsworkshop, in welchen die Teilnehmenden sich vorher im Unterricht eingew\u00e4hlt hatten und zu dem die Elternteile mitkamen.<\/p>\n<p><img decoding=\"async\" class=\"aligncenter size-large wp-image-16129\" src=\"http:\/\/altgsgrebenstein.de\/wp-content\/uploads\/2023\/11\/20231108_162850-1024x576.jpg\" alt=\"\" width=\"604\" height=\"340\" srcset=\"https:\/\/altgsgrebenstein.de\/wp-content\/uploads\/2023\/11\/20231108_162850-1024x576.jpg 1024w, https:\/\/altgsgrebenstein.de\/wp-content\/uploads\/2023\/11\/20231108_162850-300x169.jpg 300w, https:\/\/altgsgrebenstein.de\/wp-content\/uploads\/2023\/11\/20231108_162850-768x432.jpg 768w, https:\/\/altgsgrebenstein.de\/wp-content\/uploads\/2023\/11\/20231108_162850-1536x864.jpg 1536w, https:\/\/altgsgrebenstein.de\/wp-content\/uploads\/2023\/11\/20231108_162850-2048x1152.jpg 2048w\" sizes=\"(max-width: 604px) 100vw, 604px\" \/> <img decoding=\"async\" class=\"aligncenter size-large wp-image-16130\" src=\"http:\/\/altgsgrebenstein.de\/wp-content\/uploads\/2023\/11\/20231108_163504-1024x576.jpg\" alt=\"\" width=\"604\" height=\"340\" srcset=\"https:\/\/altgsgrebenstein.de\/wp-content\/uploads\/2023\/11\/20231108_163504-1024x576.jpg 1024w, https:\/\/altgsgrebenstein.de\/wp-content\/uploads\/2023\/11\/20231108_163504-300x169.jpg 300w, https:\/\/altgsgrebenstein.de\/wp-content\/uploads\/2023\/11\/20231108_163504-768x432.jpg 768w, https:\/\/altgsgrebenstein.de\/wp-content\/uploads\/2023\/11\/20231108_163504-1536x864.jpg 1536w, https:\/\/altgsgrebenstein.de\/wp-content\/uploads\/2023\/11\/20231108_163504-2048x1152.jpg 2048w\" sizes=\"(max-width: 604px) 100vw, 604px\" \/> <img decoding=\"async\" class=\"aligncenter size-large wp-image-16131\" src=\"http:\/\/altgsgrebenstein.de\/wp-content\/uploads\/2023\/11\/20231108_163734-1024x576.jpg\" alt=\"\" width=\"604\" height=\"340\" srcset=\"https:\/\/altgsgrebenstein.de\/wp-content\/uploads\/2023\/11\/20231108_163734-1024x576.jpg 1024w, https:\/\/altgsgrebenstein.de\/wp-content\/uploads\/2023\/11\/20231108_163734-300x169.jpg 300w, https:\/\/altgsgrebenstein.de\/wp-content\/uploads\/2023\/11\/20231108_163734-768x432.jpg 768w, https:\/\/altgsgrebenstein.de\/wp-content\/uploads\/2023\/11\/20231108_163734-1536x864.jpg 1536w, https:\/\/altgsgrebenstein.de\/wp-content\/uploads\/2023\/11\/20231108_163734-2048x1152.jpg 2048w\" sizes=\"(max-width: 604px) 100vw, 604px\" \/> <img decoding=\"async\" class=\"aligncenter size-large wp-image-16132\" src=\"http:\/\/altgsgrebenstein.de\/wp-content\/uploads\/2023\/11\/20231108_164109-1024x576.jpg\" alt=\"\" width=\"604\" height=\"340\" srcset=\"https:\/\/altgsgrebenstein.de\/wp-content\/uploads\/2023\/11\/20231108_164109-1024x576.jpg 1024w, https:\/\/altgsgrebenstein.de\/wp-content\/uploads\/2023\/11\/20231108_164109-300x169.jpg 300w, https:\/\/altgsgrebenstein.de\/wp-content\/uploads\/2023\/11\/20231108_164109-768x432.jpg 768w, https:\/\/altgsgrebenstein.de\/wp-content\/uploads\/2023\/11\/20231108_164109-1536x864.jpg 1536w, https:\/\/altgsgrebenstein.de\/wp-content\/uploads\/2023\/11\/20231108_164109-2048x1152.jpg 2048w\" sizes=\"(max-width: 604px) 100vw, 604px\" \/> <img decoding=\"async\" class=\"aligncenter size-large wp-image-16133\" src=\"http:\/\/altgsgrebenstein.de\/wp-content\/uploads\/2023\/11\/20231108_173220-1024x576.jpg\" alt=\"\" width=\"604\" height=\"340\" srcset=\"https:\/\/altgsgrebenstein.de\/wp-content\/uploads\/2023\/11\/20231108_173220-1024x576.jpg 1024w, https:\/\/altgsgrebenstein.de\/wp-content\/uploads\/2023\/11\/20231108_173220-300x169.jpg 300w, https:\/\/altgsgrebenstein.de\/wp-content\/uploads\/2023\/11\/20231108_173220-768x432.jpg 768w, https:\/\/altgsgrebenstein.de\/wp-content\/uploads\/2023\/11\/20231108_173220-1536x864.jpg 1536w, https:\/\/altgsgrebenstein.de\/wp-content\/uploads\/2023\/11\/20231108_173220-2048x1152.jpg 2048w\" sizes=\"(max-width: 604px) 100vw, 604px\" \/> <img decoding=\"async\" class=\"aligncenter size-large wp-image-16134\" src=\"http:\/\/altgsgrebenstein.de\/wp-content\/uploads\/2023\/11\/20231108_173811-1024x576.jpg\" alt=\"\" width=\"604\" height=\"340\" srcset=\"https:\/\/altgsgrebenstein.de\/wp-content\/uploads\/2023\/11\/20231108_173811-1024x576.jpg 1024w, https:\/\/altgsgrebenstein.de\/wp-content\/uploads\/2023\/11\/20231108_173811-300x169.jpg 300w, https:\/\/altgsgrebenstein.de\/wp-content\/uploads\/2023\/11\/20231108_173811-768x432.jpg 768w, https:\/\/altgsgrebenstein.de\/wp-content\/uploads\/2023\/11\/20231108_173811-1536x864.jpg 1536w, https:\/\/altgsgrebenstein.de\/wp-content\/uploads\/2023\/11\/20231108_173811-2048x1152.jpg 2048w\" sizes=\"(max-width: 604px) 100vw, 604px\" \/><\/p>\n<p>Nach dem 30-min\u00fctigen Workshop gab es eine Kaffeepause mit sehr leckeren Kuchen aus den teilnehmenden Klassen, bei der zum gemeinsamen Austausch eingeladen wurde. Um 17:15 Uhr gingen die Sch\u00fcler*innen mit ihren Eltern in den zweiten Workshop, welcher um 17:45 Uhr endete.<\/p>\n<p><img decoding=\"async\" class=\"aligncenter size-large wp-image-16135\" src=\"http:\/\/altgsgrebenstein.de\/wp-content\/uploads\/2023\/11\/20231108_161001-1024x576.jpg\" alt=\"\" width=\"604\" height=\"340\" srcset=\"https:\/\/altgsgrebenstein.de\/wp-content\/uploads\/2023\/11\/20231108_161001-1024x576.jpg 1024w, https:\/\/altgsgrebenstein.de\/wp-content\/uploads\/2023\/11\/20231108_161001-300x169.jpg 300w, https:\/\/altgsgrebenstein.de\/wp-content\/uploads\/2023\/11\/20231108_161001-768x432.jpg 768w, https:\/\/altgsgrebenstein.de\/wp-content\/uploads\/2023\/11\/20231108_161001-1536x864.jpg 1536w, https:\/\/altgsgrebenstein.de\/wp-content\/uploads\/2023\/11\/20231108_161001-2048x1152.jpg 2048w\" sizes=\"(max-width: 604px) 100vw, 604px\" \/><\/p>\n<p>Anschlie\u00dfend waren alle noch einmal in der neuen Aula versammelt und die Betriebe gaben ein sehr positives Feedback und zeigten sich sehr erfreut \u00fcber die zahlreiche Teilnahme und die Nachfragen w\u00e4hrend der Workshops. Auch die Sch\u00fcler*innen und ihre Eltern lobten den direkten Austausch und die sehr praxisorientierten und informativen Workshops. So berichteten einige Sch\u00fcler*innen, konkrete Ideen f\u00fcr den Boys-\/ und Girlsday, ein Praktikum oder einen m\u00f6glichen Ausbildungsberuf erhalten zu haben.<\/p>\n<p><img decoding=\"async\" class=\"aligncenter size-large wp-image-16136\" src=\"http:\/\/altgsgrebenstein.de\/wp-content\/uploads\/2023\/11\/20231108_180620-1024x576.jpg\" alt=\"\" width=\"604\" height=\"340\" \/><\/p>\n<p>&nbsp;<\/p>\n","protected":false},"excerpt":{"rendered":"<p>Am Mittwoch, dem 08.11.2023 fand von 16-18 Uhr das 38. Caf\u00e9 Beruf statt, bei dem eingeladene Betriebe ihre Ausbildungsberufe und T\u00e4tigkeitsfelder in praxisorientierten Workshops vorstellten. Anwesend waren ungef\u00e4hr 150 Sch\u00fcler*innen der Klassen H8, H9, R8, R9 und G8, deren Eltern und Klassen- und AL-Lehrer*innen. Dieses Jahr stellten sich sechs Betriebe und Institutionen vor: Volunta (Freiwilligendienste), &hellip; <a href=\"https:\/\/altgsgrebenstein.de\/?p=16126\" class=\"more-link\"><span class=\"screen-reader-text\">38. Caf\u00e9 Beruf am 08.11.2023 &#8211; Berufsorientierung ganz nah<\/span> weiterlesen <span class=\"meta-nav\">&rarr;<\/span><\/a><\/p>\n","protected":false},"author":28,"featured_media":0,"comment_status":"closed","ping_status":"closed","sticky":false,"template":"","format":"standard","meta":{"saved_in_kubio":false,"footnotes":""},"categories":[33,34,1],"tags":[],"class_list":["post-16126","post","type-post","status-publish","format-standard","hentry","category-archiv","category-berufsorientierung","category-uncategorized"],"_links":{"self":[{"href":"https:\/\/altgsgrebenstein.de\/index.php?rest_route=\/wp\/v2\/posts\/16126","targetHints":{"allow":["GET"]}}],"collection":[{"href":"https:\/\/altgsgrebenstein.de\/index.php?rest_route=\/wp\/v2\/posts"}],"about":[{"href":"https:\/\/altgsgrebenstein.de\/index.php?rest_route=\/wp\/v2\/types\/post"}],"author":[{"embeddable":true,"href":"https:\/\/altgsgrebenstein.de\/index.php?rest_route=\/wp\/v2\/users\/28"}],"replies":[{"embeddable":true,"href":"https:\/\/altgsgrebenstein.de\/index.php?rest_route=%2Fwp%2Fv2%2Fcomments&post=16126"}],"version-history":[{"count":2,"href":"https:\/\/altgsgrebenstein.de\/index.php?rest_route=\/wp\/v2\/posts\/16126\/revisions"}],"predecessor-version":[{"id":16138,"href":"https:\/\/altgsgrebenstein.de\/index.php?rest_route=\/wp\/v2\/posts\/16126\/revisions\/16138"}],"wp:attachment":[{"href":"https:\/\/altgsgrebenstein.de\/index.php?rest_route=%2Fwp%2Fv2%2Fmedia&parent=16126"}],"wp:term":[{"taxonomy":"category","embeddable":true,"href":"https:\/\/altgsgrebenstein.de\/index.php?rest_route=%2Fwp%2Fv2%2Fcategories&post=16126"},{"taxonomy":"post_tag","embeddable":true,"href":"https:\/\/altgsgrebenstein.de\/index.php?rest_route=%2Fwp%2Fv2%2Ftags&post=16126"}],"curies":[{"name":"wp","href":"https:\/\/api.w.org\/{rel}","templated":true}]}}