{"id":16118,"date":"2023-11-08T02:39:46","date_gmt":"2023-11-08T01:39:46","guid":{"rendered":"http:\/\/altgsgrebenstein.de\/?p=16118"},"modified":"2024-09-08T11:02:44","modified_gmt":"2024-09-08T10:02:44","slug":"16118","status":"publish","type":"post","link":"https:\/\/altgsgrebenstein.de\/?p=16118","title":{"rendered":"Kulturpausen &#8222;f\u00fcr Zwischendurch&#8220;"},"content":{"rendered":"<p style=\"text-align: justify;\"><img decoding=\"async\" class=\"alignnone size-full wp-image-16119\" src=\"http:\/\/altgsgrebenstein.de\/wp-content\/uploads\/2023\/11\/IMG_8229-scaled.jpg\" alt=\"\" width=\"2560\" height=\"1940\" srcset=\"https:\/\/altgsgrebenstein.de\/wp-content\/uploads\/2023\/11\/IMG_8229-scaled.jpg 2560w, https:\/\/altgsgrebenstein.de\/wp-content\/uploads\/2023\/11\/IMG_8229-300x227.jpg 300w, https:\/\/altgsgrebenstein.de\/wp-content\/uploads\/2023\/11\/IMG_8229-1024x776.jpg 1024w, https:\/\/altgsgrebenstein.de\/wp-content\/uploads\/2023\/11\/IMG_8229-768x582.jpg 768w, https:\/\/altgsgrebenstein.de\/wp-content\/uploads\/2023\/11\/IMG_8229-1536x1164.jpg 1536w, https:\/\/altgsgrebenstein.de\/wp-content\/uploads\/2023\/11\/IMG_8229-2048x1552.jpg 2048w\" sizes=\"(max-width: 2560px) 100vw, 2560px\" \/><\/p>\n<p style=\"text-align: justify;\">Am vergangenen Montag, d. 06.11.2023 erlebte das Kulturpausen-Programm der Heinrich-Grupe-Schule sein diesj\u00e4hriges Deb\u00fct. Nachdem bereits im letzten Schuljahr in den ca. 20min\u00fctigen Auftritten eine stetig wachsende Anzahl an Sch\u00fcler*innen und Lehrkr\u00e4ften in der Neuen Aula begr\u00fc\u00dft werden konnte, versammelten sich zum Auftakt in die neue Veranstaltungsreihe erneut ann\u00e4hernd 50 G\u00e4ste und lie\u00dfen ihre Gedanken zu den teils feinf\u00fchligen, teils kraftvollen Cello- und Klavierkl\u00e4ngen von Frederik Weidmann (G6b) schweifen.<\/p>\n<p style=\"text-align: justify;\">Der junge Musiker ebnete seinen Zuh\u00f6rer*innen dabei zun\u00e4chst den Weg in die Pariser Klangwelt des ausgehenden 19. Jahrhunderts, indem er Gabriel Faur\u00e9s Cellosonate Nr. 2 (\u201e\u00c9l\u00e9gie\u201c) auff\u00fchrte und dabei am Klavier von Karolin Schmitt-Weidmann begleitet wurde. Der Sprung in die zeitgen\u00f6ssische Musik gelang dem jungen Musiker nach dem Wechsel seines Instruments mit einer Klavierversion des Popsongs \u201eMad World\u201c der britischen Popgruppe <em>Tears for Fears<\/em>. Seine Zuh\u00f6rer*innen entlie\u00df Frederik schlie\u00dflich mit den kraftvoll-lebendigen Klavierkl\u00e4ngen von Ludovico Einaudis \u201ePrimavera\u201c gut gest\u00e4rkt in den restlichen Schultag und erntete hierf\u00fcr viel Applaus.<\/p>\n<p style=\"text-align: justify;\">Mit dem Projekt \u201eKulturpause\u201c m\u00f6chte die Heinrich-Grupe-Schule in innovativer Form einen Beitrag dazu leisten, auch im Schulalltag regelm\u00e4\u00dfig kulturelle Akzente zu setzen. Hierbei erhalten Sch\u00fcler*innen aller Jahrgangsstufen und Bildungsg\u00e4nge die M\u00f6glichkeit, der Schulgemeinde ihr k\u00fcnstlerisches K\u00f6nnen zu pr\u00e4sentieren, Selbstwirksamkeit zu erfahren und zudem den Lebensraum Schule aktiv mitzugestalten. Das Kulturpausen-Konzept wurde unl\u00e4ngst als &#8222;Best-Practice&#8220;-Beispiel in der Fachzeitschrift &#8222;<a href=\"https:\/\/www.friedrich-verlag.de\/friedrich-plus\/schulleitung\/unterrichts-schulentwicklung\/konzert-und-tanz-mal-zwischendurch-16609\" target=\"_blank\" rel=\"noopener\">Schule leiten<\/a>&#8220; (34) vorgestellt.<\/p>\n","protected":false},"excerpt":{"rendered":"<p>Am vergangenen Montag, d. 06.11.2023 erlebte das Kulturpausen-Programm der Heinrich-Grupe-Schule sein diesj\u00e4hriges Deb\u00fct. Nachdem bereits im letzten Schuljahr in den ca. 20min\u00fctigen Auftritten eine stetig wachsende Anzahl an Sch\u00fcler*innen und Lehrkr\u00e4ften in der Neuen Aula begr\u00fc\u00dft werden konnte, versammelten sich zum Auftakt in die neue Veranstaltungsreihe erneut ann\u00e4hernd 50 G\u00e4ste und lie\u00dfen ihre Gedanken zu &hellip; <a href=\"https:\/\/altgsgrebenstein.de\/?p=16118\" class=\"more-link\"><span class=\"screen-reader-text\">Kulturpausen &#8222;f\u00fcr Zwischendurch&#8220;<\/span> weiterlesen <span class=\"meta-nav\">&rarr;<\/span><\/a><\/p>\n","protected":false},"author":22,"featured_media":0,"comment_status":"closed","ping_status":"closed","sticky":false,"template":"","format":"standard","meta":{"saved_in_kubio":false,"footnotes":""},"categories":[33,1],"tags":[],"class_list":["post-16118","post","type-post","status-publish","format-standard","hentry","category-archiv","category-uncategorized"],"_links":{"self":[{"href":"https:\/\/altgsgrebenstein.de\/index.php?rest_route=\/wp\/v2\/posts\/16118","targetHints":{"allow":["GET"]}}],"collection":[{"href":"https:\/\/altgsgrebenstein.de\/index.php?rest_route=\/wp\/v2\/posts"}],"about":[{"href":"https:\/\/altgsgrebenstein.de\/index.php?rest_route=\/wp\/v2\/types\/post"}],"author":[{"embeddable":true,"href":"https:\/\/altgsgrebenstein.de\/index.php?rest_route=\/wp\/v2\/users\/22"}],"replies":[{"embeddable":true,"href":"https:\/\/altgsgrebenstein.de\/index.php?rest_route=%2Fwp%2Fv2%2Fcomments&post=16118"}],"version-history":[{"count":5,"href":"https:\/\/altgsgrebenstein.de\/index.php?rest_route=\/wp\/v2\/posts\/16118\/revisions"}],"predecessor-version":[{"id":16149,"href":"https:\/\/altgsgrebenstein.de\/index.php?rest_route=\/wp\/v2\/posts\/16118\/revisions\/16149"}],"wp:attachment":[{"href":"https:\/\/altgsgrebenstein.de\/index.php?rest_route=%2Fwp%2Fv2%2Fmedia&parent=16118"}],"wp:term":[{"taxonomy":"category","embeddable":true,"href":"https:\/\/altgsgrebenstein.de\/index.php?rest_route=%2Fwp%2Fv2%2Fcategories&post=16118"},{"taxonomy":"post_tag","embeddable":true,"href":"https:\/\/altgsgrebenstein.de\/index.php?rest_route=%2Fwp%2Fv2%2Ftags&post=16118"}],"curies":[{"name":"wp","href":"https:\/\/api.w.org\/{rel}","templated":true}]}}