{"id":16101,"date":"2023-11-01T09:36:01","date_gmt":"2023-11-01T08:36:01","guid":{"rendered":"http:\/\/altgsgrebenstein.de\/?p=16101"},"modified":"2024-09-08T11:02:38","modified_gmt":"2024-09-08T10:02:38","slug":"herzliche-einladung-zum-tag-der-offenen-tuer-am-18-11-2023","status":"publish","type":"post","link":"https:\/\/altgsgrebenstein.de\/?p=16101","title":{"rendered":"Einladung zum Tag der offenen T\u00fcr am 18.11.2023"},"content":{"rendered":"<p style=\"text-align: justify;\">Es ist wieder soweit: Die Heinrich-Grupe-Schule \u00f6ffnet am<\/p>\n<p style=\"text-align: center;\"><span style=\"font-size: 14pt;\"><strong>Samstag, d. 18.11.2023 in der Zeit von 10:00 &#8211; 13:00 Uhr\u00a0<\/strong><\/span><\/p>\n<p style=\"text-align: justify;\">ihre Klassen zum Tag der offenen T\u00fcr. W\u00e4hrend sich Sch\u00fcler*innen der Jahrgangsstufe 4 u.a. auf interessante Einblicke in den Fachunterricht freuen d\u00fcrfen, k\u00f6nnen sich die Eltern im Rahmen von Schulf\u00fchrungen und weiteren Informationsveranstaltungen ein umfassendes Bild vom p\u00e4dagogischen Konzept der Schule sowie den Ausstattungsmerkmalen verschaffen. F\u00fcr das leibliche Wohl ist an diesem Vormittag ebenso gesorgt wie f\u00fcr eine Betreuung von Geschwisterkindern durch unsere Sch\u00fclerpat*innen.<\/p>\n<p style=\"text-align: justify;\">Die offizielle <a href=\"http:\/\/altgsgrebenstein.de\/wp-content\/uploads\/2023\/11\/Einladung-zum-Tag-der-offenen-Tuer-2023.pdf\">Einladung zum Tag der offenen T\u00fcr 2023<\/a> steht hier zum Download bereit.<\/p>\n<p style=\"text-align: justify;\">Die Schulleitung und das Kollegium der HGS freuen sich bereits darauf, Sie und euch an diesem Tag pers\u00f6nlich kennenzulernen!<\/p>\n","protected":false},"excerpt":{"rendered":"<p>Es ist wieder soweit: Die Heinrich-Grupe-Schule \u00f6ffnet am Samstag, d. 18.11.2023 in der Zeit von 10:00 &#8211; 13:00 Uhr\u00a0 ihre Klassen zum Tag der offenen T\u00fcr. W\u00e4hrend sich Sch\u00fcler*innen der Jahrgangsstufe 4 u.a. auf interessante Einblicke in den Fachunterricht freuen d\u00fcrfen, k\u00f6nnen sich die Eltern im Rahmen von Schulf\u00fchrungen und weiteren Informationsveranstaltungen ein umfassendes Bild &hellip; <a href=\"https:\/\/altgsgrebenstein.de\/?p=16101\" class=\"more-link\"><span class=\"screen-reader-text\">Einladung zum Tag der offenen T\u00fcr am 18.11.2023<\/span> weiterlesen <span class=\"meta-nav\">&rarr;<\/span><\/a><\/p>\n","protected":false},"author":22,"featured_media":0,"comment_status":"closed","ping_status":"closed","sticky":false,"template":"","format":"standard","meta":{"saved_in_kubio":false,"footnotes":""},"categories":[33,1],"tags":[],"class_list":["post-16101","post","type-post","status-publish","format-standard","hentry","category-archiv","category-uncategorized"],"_links":{"self":[{"href":"https:\/\/altgsgrebenstein.de\/index.php?rest_route=\/wp\/v2\/posts\/16101","targetHints":{"allow":["GET"]}}],"collection":[{"href":"https:\/\/altgsgrebenstein.de\/index.php?rest_route=\/wp\/v2\/posts"}],"about":[{"href":"https:\/\/altgsgrebenstein.de\/index.php?rest_route=\/wp\/v2\/types\/post"}],"author":[{"embeddable":true,"href":"https:\/\/altgsgrebenstein.de\/index.php?rest_route=\/wp\/v2\/users\/22"}],"replies":[{"embeddable":true,"href":"https:\/\/altgsgrebenstein.de\/index.php?rest_route=%2Fwp%2Fv2%2Fcomments&post=16101"}],"version-history":[{"count":5,"href":"https:\/\/altgsgrebenstein.de\/index.php?rest_route=\/wp\/v2\/posts\/16101\/revisions"}],"predecessor-version":[{"id":16115,"href":"https:\/\/altgsgrebenstein.de\/index.php?rest_route=\/wp\/v2\/posts\/16101\/revisions\/16115"}],"wp:attachment":[{"href":"https:\/\/altgsgrebenstein.de\/index.php?rest_route=%2Fwp%2Fv2%2Fmedia&parent=16101"}],"wp:term":[{"taxonomy":"category","embeddable":true,"href":"https:\/\/altgsgrebenstein.de\/index.php?rest_route=%2Fwp%2Fv2%2Fcategories&post=16101"},{"taxonomy":"post_tag","embeddable":true,"href":"https:\/\/altgsgrebenstein.de\/index.php?rest_route=%2Fwp%2Fv2%2Ftags&post=16101"}],"curies":[{"name":"wp","href":"https:\/\/api.w.org\/{rel}","templated":true}]}}