{"id":16075,"date":"2023-10-30T21:12:04","date_gmt":"2023-10-30T20:12:04","guid":{"rendered":"http:\/\/altgsgrebenstein.de\/?p=16075"},"modified":"2024-09-08T11:02:25","modified_gmt":"2024-09-08T10:02:25","slug":"wie-wird-eigentlich-aus-einer-zuckerruebe-zucker","status":"publish","type":"post","link":"https:\/\/altgsgrebenstein.de\/?p=16075","title":{"rendered":"Wie wird eigentlich aus einer Zuckerr\u00fcbe Zucker?"},"content":{"rendered":"<p>Diese und viele weitere Fragen bekamen die Sch\u00fclerinnen und Sch\u00fcler aus der R8b bei ihrer Betriebserkundung zur Zuckerfabrik nach Wabern beantwortet. Im Vorfeld ging es darum die Erkundung zu planen und zu organisieren, wobei die Klasse diesbez\u00fcglich von Beginn an eine hohe Motivation zeigte. Hierbei ging es beispielsweise um den ersten Anruf in der Fabrik durch eine Sch\u00fclerin w\u00e4hrend des AL-Unterrichts, das Erstellen eines Fragenkatalogs zu den verschiedenen Erkundungsaspekten und nat\u00fcrlich die Fragen und Gespr\u00e4che innerhalb der Zuckerfabrik.<\/p>\n<p><img decoding=\"async\" class=\" wp-image-16077 aligncenter\" src=\"http:\/\/altgsgrebenstein.de\/wp-content\/uploads\/2023\/10\/Pforte_Zuckerfabrik-300x225.jpg\" alt=\"\" width=\"347\" height=\"260\" srcset=\"https:\/\/altgsgrebenstein.de\/wp-content\/uploads\/2023\/10\/Pforte_Zuckerfabrik-300x225.jpg 300w, https:\/\/altgsgrebenstein.de\/wp-content\/uploads\/2023\/10\/Pforte_Zuckerfabrik-1024x768.jpg 1024w, https:\/\/altgsgrebenstein.de\/wp-content\/uploads\/2023\/10\/Pforte_Zuckerfabrik-768x576.jpg 768w, https:\/\/altgsgrebenstein.de\/wp-content\/uploads\/2023\/10\/Pforte_Zuckerfabrik-1536x1153.jpg 1536w, https:\/\/altgsgrebenstein.de\/wp-content\/uploads\/2023\/10\/Pforte_Zuckerfabrik.jpg 1599w\" sizes=\"(max-width: 347px) 100vw, 347px\" \/><\/p>\n<p>Nachdem die Warnwesten und Sicherheitshelme angelegt waren, bekam die Klasse durch eine Pr\u00e4sentation zun\u00e4chst einen Gesamt\u00fcberblick zu Zahlen und Fakten. Auff\u00e4llig war, dass die Zuckerfabrik sich momentan vergr\u00f6\u00dfert und die sogenannte Kampagne mittlerweile von September bis Februar andauert und dabei 6600 Tonnen am Tag und in diesem Zeitraum bis zu 950.000 Tonnen Zuckerr\u00fcben verarbeitet werden. Der dabei erzeugte Zucker liegt bei bis zu 150.000 Tonnen. Durch die Schlie\u00dfung der Zuckerfabrik in Warburg erh\u00f6hte sich die Anlieferung (aus vier verschiedenen Bundesl\u00e4ndern) in Wabern entsprechend.<\/p>\n<p><img decoding=\"async\" class=\" wp-image-16078 aligncenter\" src=\"http:\/\/altgsgrebenstein.de\/wp-content\/uploads\/2023\/10\/Votrag-und-Interview-300x135.jpg\" alt=\"\" width=\"444\" height=\"200\" srcset=\"https:\/\/altgsgrebenstein.de\/wp-content\/uploads\/2023\/10\/Votrag-und-Interview-300x135.jpg 300w, https:\/\/altgsgrebenstein.de\/wp-content\/uploads\/2023\/10\/Votrag-und-Interview-1024x461.jpg 1024w, https:\/\/altgsgrebenstein.de\/wp-content\/uploads\/2023\/10\/Votrag-und-Interview-768x346.jpg 768w, https:\/\/altgsgrebenstein.de\/wp-content\/uploads\/2023\/10\/Votrag-und-Interview-1536x691.jpg 1536w, https:\/\/altgsgrebenstein.de\/wp-content\/uploads\/2023\/10\/Votrag-und-Interview-2048x922.jpg 2048w\" sizes=\"(max-width: 444px) 100vw, 444px\" \/><\/p>\n<p>Hiervon konnte sich die Klasse im Au\u00dfenbereich ein genaues Bild machen. Sie beobachtete, wie die R\u00fcben von LKW und Traktoren abgekippt und die R\u00fcben \u00fcber F\u00f6rderb\u00e4nder gewaschen und in die Fabrik transportiert wurden. Weiterhin konnten die riesigen Silos (von au\u00dfen) bestaunt werden, in denen der fertige Zucker gelagert wird. Spannend wurde es dann nat\u00fcrlich innerhalb der Fabrik, wo der genaue Prozess von der R\u00fcbe zum Zucker vorstellbar wurde.<\/p>\n<p><img decoding=\"async\" class=\" wp-image-16103 aligncenter\" src=\"http:\/\/altgsgrebenstein.de\/wp-content\/uploads\/2023\/10\/IMG-20231101-WA0002-300x225.jpg\" alt=\"\" width=\"337\" height=\"253\" srcset=\"https:\/\/altgsgrebenstein.de\/wp-content\/uploads\/2023\/10\/IMG-20231101-WA0002-300x225.jpg 300w, https:\/\/altgsgrebenstein.de\/wp-content\/uploads\/2023\/10\/IMG-20231101-WA0002-1024x768.jpg 1024w, https:\/\/altgsgrebenstein.de\/wp-content\/uploads\/2023\/10\/IMG-20231101-WA0002-768x576.jpg 768w, https:\/\/altgsgrebenstein.de\/wp-content\/uploads\/2023\/10\/IMG-20231101-WA0002-1536x1152.jpg 1536w, https:\/\/altgsgrebenstein.de\/wp-content\/uploads\/2023\/10\/IMG-20231101-WA0002.jpg 1600w\" sizes=\"(max-width: 337px) 100vw, 337px\" \/><\/p>\n<p>Insgesamt l\u00e4sst sich festhalten, dass es eine gelungene Betriebserkundung war, was alle Beteiligten best\u00e4tigten.<\/p>\n<p><span style=\"font-size: 10pt;\">Sascha Lackner<\/span><\/p>\n<p>&nbsp;<\/p>\n","protected":false},"excerpt":{"rendered":"<p>Diese und viele weitere Fragen bekamen die Sch\u00fclerinnen und Sch\u00fcler aus der R8b bei ihrer Betriebserkundung zur Zuckerfabrik nach Wabern beantwortet. Im Vorfeld ging es darum die Erkundung zu planen und zu organisieren, wobei die Klasse diesbez\u00fcglich von Beginn an eine hohe Motivation zeigte. Hierbei ging es beispielsweise um den ersten Anruf in der Fabrik &hellip; <a href=\"https:\/\/altgsgrebenstein.de\/?p=16075\" class=\"more-link\"><span class=\"screen-reader-text\">Wie wird eigentlich aus einer Zuckerr\u00fcbe Zucker?<\/span> weiterlesen <span class=\"meta-nav\">&rarr;<\/span><\/a><\/p>\n","protected":false},"author":25,"featured_media":0,"comment_status":"closed","ping_status":"closed","sticky":false,"template":"","format":"standard","meta":{"saved_in_kubio":false,"footnotes":""},"categories":[33,1],"tags":[],"class_list":["post-16075","post","type-post","status-publish","format-standard","hentry","category-archiv","category-uncategorized"],"_links":{"self":[{"href":"https:\/\/altgsgrebenstein.de\/index.php?rest_route=\/wp\/v2\/posts\/16075","targetHints":{"allow":["GET"]}}],"collection":[{"href":"https:\/\/altgsgrebenstein.de\/index.php?rest_route=\/wp\/v2\/posts"}],"about":[{"href":"https:\/\/altgsgrebenstein.de\/index.php?rest_route=\/wp\/v2\/types\/post"}],"author":[{"embeddable":true,"href":"https:\/\/altgsgrebenstein.de\/index.php?rest_route=\/wp\/v2\/users\/25"}],"replies":[{"embeddable":true,"href":"https:\/\/altgsgrebenstein.de\/index.php?rest_route=%2Fwp%2Fv2%2Fcomments&post=16075"}],"version-history":[{"count":8,"href":"https:\/\/altgsgrebenstein.de\/index.php?rest_route=\/wp\/v2\/posts\/16075\/revisions"}],"predecessor-version":[{"id":16113,"href":"https:\/\/altgsgrebenstein.de\/index.php?rest_route=\/wp\/v2\/posts\/16075\/revisions\/16113"}],"wp:attachment":[{"href":"https:\/\/altgsgrebenstein.de\/index.php?rest_route=%2Fwp%2Fv2%2Fmedia&parent=16075"}],"wp:term":[{"taxonomy":"category","embeddable":true,"href":"https:\/\/altgsgrebenstein.de\/index.php?rest_route=%2Fwp%2Fv2%2Fcategories&post=16075"},{"taxonomy":"post_tag","embeddable":true,"href":"https:\/\/altgsgrebenstein.de\/index.php?rest_route=%2Fwp%2Fv2%2Ftags&post=16075"}],"curies":[{"name":"wp","href":"https:\/\/api.w.org\/{rel}","templated":true}]}}