{"id":16055,"date":"2023-10-20T10:52:37","date_gmt":"2023-10-20T09:52:37","guid":{"rendered":"http:\/\/altgsgrebenstein.de\/?p=16055"},"modified":"2024-09-08T11:01:59","modified_gmt":"2024-09-08T10:01:59","slug":"tischtennis-jugend-trainiert-fuer-olympia-schulamtsentscheid-wk2","status":"publish","type":"post","link":"https:\/\/altgsgrebenstein.de\/?p=16055","title":{"rendered":"Tischtennis \u201eJugend trainiert f\u00fcr Olympia\u201c Schulamtsentscheid WK2"},"content":{"rendered":"\r\n<p>Schlussdoppel \u2013 Entscheidungssatz \u2013 2 Punkte Unterschied \u2013 9:11 gegen uns \u2026<br \/>Dramatischer h\u00e4tte dieser Wettbewerb nicht enden k\u00f6nnen !!!<br \/><br \/>Am 18.10.2023 machten sich neun Spieler der HGS auf den Weg an die GSA Vellmar, Br\u00fcder-Grimm-Halle, um sich \u2013 wie letztes Jahr \u2013 erneut f\u00fcr den Regionalentscheid zu qualifizieren.<\/p>\r\n<p><img decoding=\"async\" src=\"http:\/\/altgsgrebenstein.de\/wp-content\/uploads\/2023\/10\/IMG_20231018_133204-teamfoto-scaled.jpg\" \/><\/p>\r\n<p><!--more--><\/p>\r\n<p>Das erste Spiel gegen die GS Fuldatal konnten wir mit 5:4 f\u00fcr uns entscheiden, somit war der Grundstein f\u00fcr ein erfolgreiches Turnier gelegt :-).<\/p>\r\n<p><img decoding=\"async\" src=\"http:\/\/altgsgrebenstein.de\/wp-content\/uploads\/2023\/10\/IMG_20231018_100257-grossaufnahme-von-hinten-3-tische-hgs-scaled.jpg\" \/><br \/><br \/>Im zweiten Spiel gegen die AS Vellmar gelang S\u00f6ren, Ben, David, Michel, Kalle, Mattis, Cedric, Felix und Lutz ebenfalls ein 5:4 Erfolg \u2026 es lief also wie am Schn\u00fcrchen.<\/p>\r\n<p><img decoding=\"async\" src=\"http:\/\/altgsgrebenstein.de\/wp-content\/uploads\/2023\/10\/IMG_20231018_121841-einspielen-tt-und-volleyball-scaled.jpg\" \/><br \/><br \/>Im dritten Spiel gegen die ASS Kassel sah man ein sehr sehenswertes Match zweier hessischer Ranglistenspieler an den Positionen 1, aber auch ebenfalls eine 2:7 Niederlage am Ende zu Buche stehen.<\/p>\r\n<p><img decoding=\"async\" src=\"http:\/\/altgsgrebenstein.de\/wp-content\/uploads\/2023\/10\/IMG_20231018_124511-start-vs-wolfhagen-scaled.jpg\" \/><\/p>\r\n<p>Somit musste das letzte Spiel gegen die WLS Wolfhagen \u00fcber das Weiterkommen entscheiden, da sich nur die ersten beiden Pl\u00e4tze qualifizieren sollten.<br \/>Beide Teams waren etwa gleichstark, so dass es bis zum Schlussdoppel 4:4 stand.<br \/>Hier kam es nicht nur zum Duell zwischen vier \u2013 wirklich alles in die Waagschale werfenden &#8211; Spielern, sondern auch zum Materialduell \u201eNoppen au\u00dfen\u201c vs \u201eNoppen innen\u201c \u2013 Bel\u00e4gen.<br \/>Im Entscheidungssatz mit sehr langen Ballwechseln und teils frenetisch anfeuernden Teamkameraden stand am Ende leider ein 9:11 auf dem Spielbogen.<\/p>\r\n<p><img decoding=\"async\" src=\"http:\/\/altgsgrebenstein.de\/wp-content\/uploads\/2023\/10\/IMG_20231018_132849-abschlussdoppel-scaled.jpg\" \/><br \/><br \/>Somit belegte die HGS heute \u201enur\u201c den 3. Platz und muss bzw. kann darauf hoffen, dass sich der Sieger entscheidet beim Regionalentscheid im Dezember in der j\u00fcngeren WK3 anzutreten \u2026 dies h\u00e4tte zur Folge, das die HGS nachr\u00fccken k\u00f6nnte.<\/p>\r\n<p><img decoding=\"async\" src=\"http:\/\/altgsgrebenstein.de\/wp-content\/uploads\/2023\/10\/IMG_20231018_134555-urkunde-scaled.jpg\" \/> <br \/><br \/>Stefan Englich<\/p>\r\n","protected":false},"excerpt":{"rendered":"<p>Schlussdoppel \u2013 Entscheidungssatz \u2013 2 Punkte Unterschied \u2013 9:11 gegen uns \u2026Dramatischer h\u00e4tte dieser Wettbewerb nicht enden k\u00f6nnen !!! Am 18.10.2023 machten sich neun Spieler der HGS auf den Weg an die GSA Vellmar, Br\u00fcder-Grimm-Halle, um sich \u2013 wie letztes Jahr \u2013 erneut f\u00fcr den Regionalentscheid zu qualifizieren.<\/p>\n","protected":false},"author":23,"featured_media":0,"comment_status":"closed","ping_status":"closed","sticky":false,"template":"","format":"standard","meta":{"saved_in_kubio":false,"footnotes":""},"categories":[33,72,68,1],"tags":[],"class_list":["post-16055","post","type-post","status-publish","format-standard","hentry","category-archiv","category-jugend-trainiert-fuer-olympia","category-sport","category-uncategorized"],"_links":{"self":[{"href":"https:\/\/altgsgrebenstein.de\/index.php?rest_route=\/wp\/v2\/posts\/16055","targetHints":{"allow":["GET"]}}],"collection":[{"href":"https:\/\/altgsgrebenstein.de\/index.php?rest_route=\/wp\/v2\/posts"}],"about":[{"href":"https:\/\/altgsgrebenstein.de\/index.php?rest_route=\/wp\/v2\/types\/post"}],"author":[{"embeddable":true,"href":"https:\/\/altgsgrebenstein.de\/index.php?rest_route=\/wp\/v2\/users\/23"}],"replies":[{"embeddable":true,"href":"https:\/\/altgsgrebenstein.de\/index.php?rest_route=%2Fwp%2Fv2%2Fcomments&post=16055"}],"version-history":[{"count":4,"href":"https:\/\/altgsgrebenstein.de\/index.php?rest_route=\/wp\/v2\/posts\/16055\/revisions"}],"predecessor-version":[{"id":16066,"href":"https:\/\/altgsgrebenstein.de\/index.php?rest_route=\/wp\/v2\/posts\/16055\/revisions\/16066"}],"wp:attachment":[{"href":"https:\/\/altgsgrebenstein.de\/index.php?rest_route=%2Fwp%2Fv2%2Fmedia&parent=16055"}],"wp:term":[{"taxonomy":"category","embeddable":true,"href":"https:\/\/altgsgrebenstein.de\/index.php?rest_route=%2Fwp%2Fv2%2Fcategories&post=16055"},{"taxonomy":"post_tag","embeddable":true,"href":"https:\/\/altgsgrebenstein.de\/index.php?rest_route=%2Fwp%2Fv2%2Ftags&post=16055"}],"curies":[{"name":"wp","href":"https:\/\/api.w.org\/{rel}","templated":true}]}}