{"id":16032,"date":"2023-10-12T11:24:57","date_gmt":"2023-10-12T10:24:57","guid":{"rendered":"http:\/\/altgsgrebenstein.de\/?p=16032"},"modified":"2024-09-08T11:02:07","modified_gmt":"2024-09-08T10:02:07","slug":"projektwoche-franzoesisch","status":"publish","type":"post","link":"https:\/\/altgsgrebenstein.de\/?p=16032","title":{"rendered":"Projektwoche Franz\u00f6sisch"},"content":{"rendered":"<p>&#8222;Bonjour!&#8220; So w\u00fcnscht man sich einen guten Tag in Niederbronn-les-Bains im franz\u00f6sischen Elsass. Dort werden wir, der Franz\u00f6sischkurs des Jahrgangs 9, im Juni des n\u00e4chsten Jahres die Jugendbegegnungsst\u00e4tte besuchen.<\/p>\n<p><img decoding=\"async\" class=\"aligncenter size-large wp-image-16033\" src=\"http:\/\/altgsgrebenstein.de\/wp-content\/uploads\/2023\/10\/IMG_6284-1024x768.jpeg\" alt=\"\" width=\"604\" height=\"453\" srcset=\"https:\/\/altgsgrebenstein.de\/wp-content\/uploads\/2023\/10\/IMG_6284-1024x768.jpeg 1024w, https:\/\/altgsgrebenstein.de\/wp-content\/uploads\/2023\/10\/IMG_6284-300x225.jpeg 300w, https:\/\/altgsgrebenstein.de\/wp-content\/uploads\/2023\/10\/IMG_6284-768x576.jpeg 768w, https:\/\/altgsgrebenstein.de\/wp-content\/uploads\/2023\/10\/IMG_6284-1536x1152.jpeg 1536w, https:\/\/altgsgrebenstein.de\/wp-content\/uploads\/2023\/10\/IMG_6284-2048x1536.jpeg 2048w\" sizes=\"(max-width: 604px) 100vw, 604px\" \/><\/p>\n<p>Um uns vorzubereiten, hatten wir eine Projektwoche, w\u00e4hrend der wir uns in Kleingruppen \u00fcber ber\u00fchmte Sehensw\u00fcrdigkeiten, Pl\u00e4tze, den Namensgeber der Begegnungsst\u00e4tte, Albert Schweitzer, und den deutsch-franz\u00f6sischen Fernsehsender ARTE informierten. \u00dcber diese Themen erstellten wir anschlie\u00dfend Pr\u00e4sentationen oder\u00a0 Rallyes, welche wir dann im Juni an den jeweiligen Pl\u00e4tzen vorstellen\/bearbeiten werden. Nat\u00fcrlich besch\u00e4ftigten wir uns auch mit dem historischen Hintergrund: Wie bereits erw\u00e4hnt, liegt Niederbronn im Elsass, das in seiner Geschichte hart umk\u00e4mpft war und viermal seine Nationalit\u00e4t wechseln musste. Um uns \u00fcber diese Region, ihre Menschen und die Folgen der drei Kriege zu informieren, sahen wir uns u.a. die 1997 mit dem Adolf-Grimme-Preis dotierte Serie \u201eDie Els\u00e4sser\u201c an.<\/p>\n<p><img decoding=\"async\" class=\"aligncenter size-large wp-image-16034\" src=\"http:\/\/altgsgrebenstein.de\/wp-content\/uploads\/2023\/10\/IMG_6268-1024x830.jpeg\" alt=\"\" width=\"604\" height=\"490\" srcset=\"https:\/\/altgsgrebenstein.de\/wp-content\/uploads\/2023\/10\/IMG_6268-1024x830.jpeg 1024w, https:\/\/altgsgrebenstein.de\/wp-content\/uploads\/2023\/10\/IMG_6268-300x243.jpeg 300w, https:\/\/altgsgrebenstein.de\/wp-content\/uploads\/2023\/10\/IMG_6268-768x623.jpeg 768w, https:\/\/altgsgrebenstein.de\/wp-content\/uploads\/2023\/10\/IMG_6268-1536x1246.jpeg 1536w, https:\/\/altgsgrebenstein.de\/wp-content\/uploads\/2023\/10\/IMG_6268-2048x1661.jpeg 2048w\" sizes=\"(max-width: 604px) 100vw, 604px\" \/><\/p>\n<p>Au\u00dferdem veranstalteten wir ein Fr\u00fchst\u00fcck mit Spezialit\u00e4ten aus original franz\u00f6sischen Rezepten. Daf\u00fcr brachte ein Mitsch\u00fcler seinen Cr\u00eapes-Maker mit und bereitete uns leckere Cr\u00eapes mit verschieden F\u00fcllungen frisch zu. Au\u00dferdem wurden Kuchen und frische Croissants vom B\u00e4cker mitgebracht.<\/p>\n<p><img decoding=\"async\" class=\"aligncenter size-large wp-image-16035\" src=\"http:\/\/altgsgrebenstein.de\/wp-content\/uploads\/2023\/10\/IMG_0919-1024x655.jpeg\" alt=\"\" width=\"604\" height=\"386\" srcset=\"https:\/\/altgsgrebenstein.de\/wp-content\/uploads\/2023\/10\/IMG_0919-1024x655.jpeg 1024w, https:\/\/altgsgrebenstein.de\/wp-content\/uploads\/2023\/10\/IMG_0919-300x192.jpeg 300w, https:\/\/altgsgrebenstein.de\/wp-content\/uploads\/2023\/10\/IMG_0919-768x491.jpeg 768w, https:\/\/altgsgrebenstein.de\/wp-content\/uploads\/2023\/10\/IMG_0919-1536x982.jpeg 1536w, https:\/\/altgsgrebenstein.de\/wp-content\/uploads\/2023\/10\/IMG_0919.jpeg 1925w\" sizes=\"(max-width: 604px) 100vw, 604px\" \/><\/p>\n<p>Am letzten Tag der Projektwoche waren wir auf dem Hauptfriedhof in Kassel, wo wir von Frau Dr. Bartsch, der Regionalbeauftragten des Volksbundes Deutsche Kriegsgr\u00e4berf\u00fcrsorge, in die Gedenkarbeit eingef\u00fchrt wurden. Gemeinsam mit ihr erkundigten wir unterschiedliche Grabst\u00e4tten und Denkm\u00e4ler f\u00fcr die Opfer der Kasseler Bombennacht am 22.10.1943. Zum Abschluss reinigten wir noch einige Gr\u00e4ber.<\/p>\n<p>Insgesamt war es eine sehr gelungene Projektwoche.<\/p>\n<p>Carlotta B\u00f6nning<\/p>\n<p>&nbsp;<\/p>\n<p><strong>&#8230;au\u00dferdem hat auch Frau Bartsch vom Volksbund einen Online-Artikel \u00fcber den Besuch auf dem Kasseler Hauptfriedhof ver\u00f6ffentlicht.<\/strong><\/p>\n<p>Hier der Link zum Nachlesen:<\/p>\n<p><a href=\"https:\/\/hessen.volksbund.de\/aktuell\/nachrichten\/detailseite\/erst-nordhessen-dann-elsass\">https:\/\/hessen.volksbund.de\/aktuell\/nachrichten\/detailseite\/erst-nordhessen-dann-elsass<\/a><\/p>\n<p>&nbsp;<\/p>\n","protected":false},"excerpt":{"rendered":"<p>&#8222;Bonjour!&#8220; So w\u00fcnscht man sich einen guten Tag in Niederbronn-les-Bains im franz\u00f6sischen Elsass. Dort werden wir, der Franz\u00f6sischkurs des Jahrgangs 9, im Juni des n\u00e4chsten Jahres die Jugendbegegnungsst\u00e4tte besuchen. Um uns vorzubereiten, hatten wir eine Projektwoche, w\u00e4hrend der wir uns in Kleingruppen \u00fcber ber\u00fchmte Sehensw\u00fcrdigkeiten, Pl\u00e4tze, den Namensgeber der Begegnungsst\u00e4tte, Albert Schweitzer, und den deutsch-franz\u00f6sischen &hellip; <a href=\"https:\/\/altgsgrebenstein.de\/?p=16032\" class=\"more-link\"><span class=\"screen-reader-text\">Projektwoche Franz\u00f6sisch<\/span> weiterlesen <span class=\"meta-nav\">&rarr;<\/span><\/a><\/p>\n","protected":false},"author":28,"featured_media":0,"comment_status":"closed","ping_status":"closed","sticky":false,"template":"","format":"standard","meta":{"saved_in_kubio":false,"footnotes":""},"categories":[33,1],"tags":[],"class_list":["post-16032","post","type-post","status-publish","format-standard","hentry","category-archiv","category-uncategorized"],"_links":{"self":[{"href":"https:\/\/altgsgrebenstein.de\/index.php?rest_route=\/wp\/v2\/posts\/16032","targetHints":{"allow":["GET"]}}],"collection":[{"href":"https:\/\/altgsgrebenstein.de\/index.php?rest_route=\/wp\/v2\/posts"}],"about":[{"href":"https:\/\/altgsgrebenstein.de\/index.php?rest_route=\/wp\/v2\/types\/post"}],"author":[{"embeddable":true,"href":"https:\/\/altgsgrebenstein.de\/index.php?rest_route=\/wp\/v2\/users\/28"}],"replies":[{"embeddable":true,"href":"https:\/\/altgsgrebenstein.de\/index.php?rest_route=%2Fwp%2Fv2%2Fcomments&post=16032"}],"version-history":[{"count":1,"href":"https:\/\/altgsgrebenstein.de\/index.php?rest_route=\/wp\/v2\/posts\/16032\/revisions"}],"predecessor-version":[{"id":16036,"href":"https:\/\/altgsgrebenstein.de\/index.php?rest_route=\/wp\/v2\/posts\/16032\/revisions\/16036"}],"wp:attachment":[{"href":"https:\/\/altgsgrebenstein.de\/index.php?rest_route=%2Fwp%2Fv2%2Fmedia&parent=16032"}],"wp:term":[{"taxonomy":"category","embeddable":true,"href":"https:\/\/altgsgrebenstein.de\/index.php?rest_route=%2Fwp%2Fv2%2Fcategories&post=16032"},{"taxonomy":"post_tag","embeddable":true,"href":"https:\/\/altgsgrebenstein.de\/index.php?rest_route=%2Fwp%2Fv2%2Ftags&post=16032"}],"curies":[{"name":"wp","href":"https:\/\/api.w.org\/{rel}","templated":true}]}}