{"id":15998,"date":"2023-10-08T14:15:28","date_gmt":"2023-10-08T13:15:28","guid":{"rendered":"http:\/\/altgsgrebenstein.de\/?p=15998"},"modified":"2024-09-08T11:01:45","modified_gmt":"2024-09-08T10:01:45","slug":"inklusives-schulbuendnis-tagt-an-der-hgs-grebenstein","status":"publish","type":"post","link":"https:\/\/altgsgrebenstein.de\/?p=15998","title":{"rendered":"Inklusives Schulb\u00fcndnis tagt an der HGS Grebenstein"},"content":{"rendered":"<p><strong>Grebenstein.<\/strong> Am Donnerstag, den 05.10.2023 war die HGS Gastgeber einer Veranstaltung, an der ca. 150 eingeladene Lehrkr\u00e4fte und Schulleitungen der Inklusiven Schulb\u00fcndnisse Nord, Ost und Mitte teilnahmen.<\/p>\n<p>Das Thema der Veranstaltung lautete: &#8222;Auswirkungen psychischer Belastungen von Sch\u00fclerinnen und Sch\u00fclern- Schulabsentismus, systemsprengendes Verhalten, soziale Phobien \u2013 Erkennen, Verstehen, Handeln&#8220;<\/p>\n<p>Der Vorbereitungsgruppe war es gelungen als Referenten Herrn Dr. med. Henrik Uebel-von Sandersleben, Leiter der Klinik f\u00fcr Kinder- und Jugendpsychiatrie und Psychotherapie in G\u00f6ttingen zu gewinnen.<\/p>\n<p><img decoding=\"async\" class=\"aligncenter size-large wp-image-15999\" src=\"http:\/\/altgsgrebenstein.de\/wp-content\/uploads\/2023\/10\/DSC_8840-1024x678.jpg\" alt=\"\" width=\"604\" height=\"400\" srcset=\"https:\/\/altgsgrebenstein.de\/wp-content\/uploads\/2023\/10\/DSC_8840-1024x678.jpg 1024w, https:\/\/altgsgrebenstein.de\/wp-content\/uploads\/2023\/10\/DSC_8840-300x199.jpg 300w, https:\/\/altgsgrebenstein.de\/wp-content\/uploads\/2023\/10\/DSC_8840-768x509.jpg 768w, https:\/\/altgsgrebenstein.de\/wp-content\/uploads\/2023\/10\/DSC_8840-1536x1017.jpg 1536w, https:\/\/altgsgrebenstein.de\/wp-content\/uploads\/2023\/10\/DSC_8840-2048x1356.jpg 2048w\" sizes=\"(max-width: 604px) 100vw, 604px\" \/><\/p>\n<p>Nach einer Begr\u00fc\u00dfung und Einleitung der Veranstaltung durch Frau Sch\u00e4fer, Herrn Sprafke und Frau Moldenhauer- stellvertretend f\u00fcr das iSB &#8211; konnten die geladenen G\u00e4ste einen kurzweiligen und mitrei\u00dfenden Vortrag von Dr. med. Uebel-von Sandersleben verfolgen, der die Relevanz des Themas noch einmal verdeutlicht hat.<\/p>\n<p><img decoding=\"async\" class=\"aligncenter size-large wp-image-16000\" src=\"http:\/\/altgsgrebenstein.de\/wp-content\/uploads\/2023\/10\/DSC_8848-1024x678.jpg\" alt=\"\" width=\"604\" height=\"400\" srcset=\"https:\/\/altgsgrebenstein.de\/wp-content\/uploads\/2023\/10\/DSC_8848-1024x678.jpg 1024w, https:\/\/altgsgrebenstein.de\/wp-content\/uploads\/2023\/10\/DSC_8848-300x199.jpg 300w, https:\/\/altgsgrebenstein.de\/wp-content\/uploads\/2023\/10\/DSC_8848-768x509.jpg 768w, https:\/\/altgsgrebenstein.de\/wp-content\/uploads\/2023\/10\/DSC_8848-1536x1017.jpg 1536w, https:\/\/altgsgrebenstein.de\/wp-content\/uploads\/2023\/10\/DSC_8848-2048x1356.jpg 2048w\" sizes=\"(max-width: 604px) 100vw, 604px\" \/><\/p>\n<p><strong>Inhalte der Veranstaltung waren: <\/strong><\/p>\n<ul>\n<li>Einblick &amp; Erkl\u00e4rung verschiedener psychische St\u00f6rbilder,<\/li>\n<li>Begrifflichkeiten und Unterscheidung von Ph\u00e4nomenen wie z.B. Schulphobie, Schulschw\u00e4nzen und angstbedingter Schulverweigerung.<\/li>\n<li>ADHS und Medikation<\/li>\n<li>Einblick in die Arbeit der KJP in G\u00f6ttingen<\/li>\n<\/ul>\n<p>&nbsp;<\/p>\n<p>Schulleitungen und alle Beteiligten waren sehr interessiert an diesem wichtigen Thema. Es fand ein reger Austausch statt, viele Fragen wurden gestellt.<\/p>\n<p>Es blicken alle Beteiligten freudig auf eine anvisierte Anschlussveranstaltung im Februar 2024 mit Workshops voraus, in welcher weiter an anderen inklusiven Themen wie sexuelle Identit\u00e4t, Mediensucht oder depressiven St\u00f6rungen gearbeitet werden soll.<\/p>\n<p>&nbsp;<\/p>\n","protected":false},"excerpt":{"rendered":"<p>Grebenstein. Am Donnerstag, den 05.10.2023 war die HGS Gastgeber einer Veranstaltung, an der ca. 150 eingeladene Lehrkr\u00e4fte und Schulleitungen der Inklusiven Schulb\u00fcndnisse Nord, Ost und Mitte teilnahmen. Das Thema der Veranstaltung lautete: &#8222;Auswirkungen psychischer Belastungen von Sch\u00fclerinnen und Sch\u00fclern- Schulabsentismus, systemsprengendes Verhalten, soziale Phobien \u2013 Erkennen, Verstehen, Handeln&#8220; Der Vorbereitungsgruppe war es gelungen als Referenten &hellip; <a href=\"https:\/\/altgsgrebenstein.de\/?p=15998\" class=\"more-link\"><span class=\"screen-reader-text\">Inklusives Schulb\u00fcndnis tagt an der HGS Grebenstein<\/span> weiterlesen <span class=\"meta-nav\">&rarr;<\/span><\/a><\/p>\n","protected":false},"author":28,"featured_media":0,"comment_status":"closed","ping_status":"closed","sticky":false,"template":"","format":"standard","meta":{"saved_in_kubio":false,"footnotes":""},"categories":[33,1],"tags":[],"class_list":["post-15998","post","type-post","status-publish","format-standard","hentry","category-archiv","category-uncategorized"],"_links":{"self":[{"href":"https:\/\/altgsgrebenstein.de\/index.php?rest_route=\/wp\/v2\/posts\/15998","targetHints":{"allow":["GET"]}}],"collection":[{"href":"https:\/\/altgsgrebenstein.de\/index.php?rest_route=\/wp\/v2\/posts"}],"about":[{"href":"https:\/\/altgsgrebenstein.de\/index.php?rest_route=\/wp\/v2\/types\/post"}],"author":[{"embeddable":true,"href":"https:\/\/altgsgrebenstein.de\/index.php?rest_route=\/wp\/v2\/users\/28"}],"replies":[{"embeddable":true,"href":"https:\/\/altgsgrebenstein.de\/index.php?rest_route=%2Fwp%2Fv2%2Fcomments&post=15998"}],"version-history":[{"count":1,"href":"https:\/\/altgsgrebenstein.de\/index.php?rest_route=\/wp\/v2\/posts\/15998\/revisions"}],"predecessor-version":[{"id":16001,"href":"https:\/\/altgsgrebenstein.de\/index.php?rest_route=\/wp\/v2\/posts\/15998\/revisions\/16001"}],"wp:attachment":[{"href":"https:\/\/altgsgrebenstein.de\/index.php?rest_route=%2Fwp%2Fv2%2Fmedia&parent=15998"}],"wp:term":[{"taxonomy":"category","embeddable":true,"href":"https:\/\/altgsgrebenstein.de\/index.php?rest_route=%2Fwp%2Fv2%2Fcategories&post=15998"},{"taxonomy":"post_tag","embeddable":true,"href":"https:\/\/altgsgrebenstein.de\/index.php?rest_route=%2Fwp%2Fv2%2Ftags&post=15998"}],"curies":[{"name":"wp","href":"https:\/\/api.w.org\/{rel}","templated":true}]}}