{"id":15989,"date":"2023-10-07T07:39:18","date_gmt":"2023-10-07T06:39:18","guid":{"rendered":"http:\/\/altgsgrebenstein.de\/?p=15989"},"modified":"2024-09-08T11:01:35","modified_gmt":"2024-09-08T10:01:35","slug":"schulradeln-2-0","status":"publish","type":"post","link":"https:\/\/altgsgrebenstein.de\/?p=15989","title":{"rendered":"Schulradeln 2.0"},"content":{"rendered":"<p>\u201eDieses Jahr ist es einfacher die Kilometer einzutragen, ich fahre auch mit!\u201c, \u201eDer Fahrradschuppen ist aber ordentlich voll, ich musste mein Fahrrad drau\u00dfen anketten.\u201c oder \u201eBis nach Warburg und zur\u00fcck, am Wochenende fahre ich nach Borken!\u201c<\/p>\n<p>Gespr\u00e4chsfetzen, die der Verantwortliche Robin G\u00f6ring im Zusammenhang des diesj\u00e4hrigen Schulradelns aufschnappen konnte. Denn, neben dem neuen \u00fcberdachten Fahrradst\u00e4nder vor der Kreissporthalle, vereinfachte vor allem das Eintragen \u00fcber das Schulportal das Mitmachen enorm.<\/p>\n<p>Michael Gamisch schaltete die App \u201eSchulradeln\u201c f\u00fcr alle Sch\u00fcler*innen und Lehrer*innen im Schulportal frei, sodass ein Eintragen direkt \u00fcber die App erfolgen konnte. Das Eintragen in Listen, z\u00e4hes Registrieren oder Diskussionen, wer die Kilometer der Klasse freischaltet, wurden somit im Keim erstickt.<\/p>\n<p>Nachdem in den Vorjahren die Teilnahme am Schulradeln etwas zur\u00fcckging, konnten im f\u00fcnften Teilnahmejahr der HGS die Zahl der Radelnden wieder auf 60 Personen und die Gesamtkilometer auf 4502,4 Kilometer gesteigert werden \u2013 das ist ein sehr gutes .<\/p>\n<p><img decoding=\"async\" class=\"alignleft wp-image-15991 \" src=\"http:\/\/altgsgrebenstein.de\/wp-content\/uploads\/2023\/10\/Schueler-2-225x300.jpg\" alt=\"\" width=\"182\" height=\"243\" srcset=\"https:\/\/altgsgrebenstein.de\/wp-content\/uploads\/2023\/10\/Schueler-2-225x300.jpg 225w, https:\/\/altgsgrebenstein.de\/wp-content\/uploads\/2023\/10\/Schueler-2-768x1024.jpg 768w, https:\/\/altgsgrebenstein.de\/wp-content\/uploads\/2023\/10\/Schueler-2-1152x1536.jpg 1152w, https:\/\/altgsgrebenstein.de\/wp-content\/uploads\/2023\/10\/Schueler-2-1536x2048.jpg 1536w, https:\/\/altgsgrebenstein.de\/wp-content\/uploads\/2023\/10\/Schueler-2-scaled.jpg 1920w\" sizes=\"(max-width: 182px) 100vw, 182px\" \/>Aktivster Radfahrer im Aktionszeitraum vom 10. Bis 30. September 2023 war Jared Dittrich <img decoding=\"async\" class=\"alignright wp-image-15992 \" src=\"http:\/\/altgsgrebenstein.de\/wp-content\/uploads\/2023\/10\/Schueler-3-225x300.jpg\" alt=\"\" width=\"156\" height=\"208\" srcset=\"https:\/\/altgsgrebenstein.de\/wp-content\/uploads\/2023\/10\/Schueler-3-225x300.jpg 225w, https:\/\/altgsgrebenstein.de\/wp-content\/uploads\/2023\/10\/Schueler-3-768x1024.jpg 768w, https:\/\/altgsgrebenstein.de\/wp-content\/uploads\/2023\/10\/Schueler-3-1152x1536.jpg 1152w, https:\/\/altgsgrebenstein.de\/wp-content\/uploads\/2023\/10\/Schueler-3-1536x2048.jpg 1536w, https:\/\/altgsgrebenstein.de\/wp-content\/uploads\/2023\/10\/Schueler-3-scaled.jpg 1920w\" sizes=\"(max-width: 156px) 100vw, 156px\" \/>aus der Klasse R10a. Jared ist leidenschaftlicher Mountainbiker und ist in seiner Freizeit unter anderem aktiv in die Gestaltung des Mountainbiketrails im Bergpark Wilhelmsh\u00f6he integriert. Jared legte in den drei Aktionswochen insgesamt 265 Kilometer zur\u00fcck.<\/p>\n<p>Die aktivste Klasse in diesem Zeitraum war die Klasse G7a von Frau Gilfert, die insgesamt 482,6 Kilometer zur\u00fccklegte. Dahinter platzierten sich die Klasse R10a und R9c der Klassenlehrer Herrn K\u00f6bler und Herrn Lautze, die beide t\u00e4glich mit dem Fahrrad zur Schule kommen.<\/p>\n<p>Eine besondere individuelle Leistung bot Sascha Lackner, der insgesamt 479,5 Kilometer, <img decoding=\"async\" class=\"alignleft wp-image-15990 \" src=\"http:\/\/altgsgrebenstein.de\/wp-content\/uploads\/2023\/10\/106ff934-8977-4724-84b3-eff624c584f7-300x225.jpg\" alt=\"\" width=\"275\" height=\"206\" srcset=\"https:\/\/altgsgrebenstein.de\/wp-content\/uploads\/2023\/10\/106ff934-8977-4724-84b3-eff624c584f7-300x225.jpg 300w, https:\/\/altgsgrebenstein.de\/wp-content\/uploads\/2023\/10\/106ff934-8977-4724-84b3-eff624c584f7-1024x768.jpg 1024w, https:\/\/altgsgrebenstein.de\/wp-content\/uploads\/2023\/10\/106ff934-8977-4724-84b3-eff624c584f7-768x576.jpg 768w, https:\/\/altgsgrebenstein.de\/wp-content\/uploads\/2023\/10\/106ff934-8977-4724-84b3-eff624c584f7.jpg 1304w\" sizes=\"(max-width: 275px) 100vw, 275px\" \/>ohne E-Motor, fuhr, was einen Durchschnitt von knapp 23 Kilometer pro Tag bedeutet \u2013 Respekt, Herr Lackner! Somit gewann er das Kopf an Kopf Rennen mit seinen Kollegen Besim Bikic und Marco Luh, die ebenfalls sehr aktiv am Wettbewerb teilnahmen.<\/p>\n<p>Insgesamt l\u00e4sst sich festhalten, dass das Nutzen des Fahrrads oder alternativ auch die Regiotram, insbesondere im Kollegium, eine immer gr\u00f6\u00dfer werdende Bedeutung erf\u00e4hrt. Des Weiteren entstehen vermehrt Fahrgemeinschaften, die dem gesellschaftlichen Trend des nachhaltigem Gedankens unterst\u00fctzen.<\/p>\n<p>Unter diesen sehr freudigen Aspekten l\u00e4sst sich festhalten, dass die HGS auch in den kommenden Jahren, unabh\u00e4ngig von den Ergebnissen, am Schulradeln teilnehmen wird, um das Bewusstsein f\u00fcr die Umwelt, den gesundheitlichen Aspekt des Bewegens und das Miteinander als Schule zu sch\u00e4rfen.<\/p>\n","protected":false},"excerpt":{"rendered":"<p>\u201eDieses Jahr ist es einfacher die Kilometer einzutragen, ich fahre auch mit!\u201c, \u201eDer Fahrradschuppen ist aber ordentlich voll, ich musste mein Fahrrad drau\u00dfen anketten.\u201c oder \u201eBis nach Warburg und zur\u00fcck, am Wochenende fahre ich nach Borken!\u201c Gespr\u00e4chsfetzen, die der Verantwortliche Robin G\u00f6ring im Zusammenhang des diesj\u00e4hrigen Schulradelns aufschnappen konnte. Denn, neben dem neuen \u00fcberdachten Fahrradst\u00e4nder &hellip; <a href=\"https:\/\/altgsgrebenstein.de\/?p=15989\" class=\"more-link\"><span class=\"screen-reader-text\">Schulradeln 2.0<\/span> weiterlesen <span class=\"meta-nav\">&rarr;<\/span><\/a><\/p>\n","protected":false},"author":20,"featured_media":0,"comment_status":"closed","ping_status":"closed","sticky":false,"template":"","format":"standard","meta":{"saved_in_kubio":false,"footnotes":""},"categories":[33,1],"tags":[],"class_list":["post-15989","post","type-post","status-publish","format-standard","hentry","category-archiv","category-uncategorized"],"_links":{"self":[{"href":"https:\/\/altgsgrebenstein.de\/index.php?rest_route=\/wp\/v2\/posts\/15989","targetHints":{"allow":["GET"]}}],"collection":[{"href":"https:\/\/altgsgrebenstein.de\/index.php?rest_route=\/wp\/v2\/posts"}],"about":[{"href":"https:\/\/altgsgrebenstein.de\/index.php?rest_route=\/wp\/v2\/types\/post"}],"author":[{"embeddable":true,"href":"https:\/\/altgsgrebenstein.de\/index.php?rest_route=\/wp\/v2\/users\/20"}],"replies":[{"embeddable":true,"href":"https:\/\/altgsgrebenstein.de\/index.php?rest_route=%2Fwp%2Fv2%2Fcomments&post=15989"}],"version-history":[{"count":3,"href":"https:\/\/altgsgrebenstein.de\/index.php?rest_route=\/wp\/v2\/posts\/15989\/revisions"}],"predecessor-version":[{"id":15995,"href":"https:\/\/altgsgrebenstein.de\/index.php?rest_route=\/wp\/v2\/posts\/15989\/revisions\/15995"}],"wp:attachment":[{"href":"https:\/\/altgsgrebenstein.de\/index.php?rest_route=%2Fwp%2Fv2%2Fmedia&parent=15989"}],"wp:term":[{"taxonomy":"category","embeddable":true,"href":"https:\/\/altgsgrebenstein.de\/index.php?rest_route=%2Fwp%2Fv2%2Fcategories&post=15989"},{"taxonomy":"post_tag","embeddable":true,"href":"https:\/\/altgsgrebenstein.de\/index.php?rest_route=%2Fwp%2Fv2%2Ftags&post=15989"}],"curies":[{"name":"wp","href":"https:\/\/api.w.org\/{rel}","templated":true}]}}