{"id":15978,"date":"2023-10-06T02:15:52","date_gmt":"2023-10-06T01:15:52","guid":{"rendered":"http:\/\/altgsgrebenstein.de\/?p=15978"},"modified":"2024-09-08T11:01:30","modified_gmt":"2024-09-08T10:01:30","slug":"berliner-luft-fuer-grebensteiner-schuelerinnen","status":"publish","type":"post","link":"https:\/\/altgsgrebenstein.de\/?p=15978","title":{"rendered":"Berliner Luft f\u00fcr Grebensteiner Sch\u00fcler*innen"},"content":{"rendered":"<p style=\"text-align: justify;\">Auch in diesem Schuljahr f\u00fchrt die Heinrich-Grupe-Schule wieder mit den Lateinsch\u00fcler*innen der Jahrgangsstufe G9 den traditionellen Italienaustausch durch. Nachdem in der vergangenen Woche 20 HGS-Sch\u00fcler*innen gemeinsam mit ihren Lehrkr\u00e4ften Nadine Schmidke und Helwig Haag in Grebensteins Partnerstadt Sarsina zu Gast waren,\u00a0 schloss sich in dieser Woche der unmittelbare Gegenbesuch in Deutschland an.<\/p>\n<p><img decoding=\"async\" class=\"aligncenter\" src=\"https:\/\/img.fotocommunity.com\/himmel-ueber-berlin-aaa5139a-2ab8-40b1-9dd7-30ce0c29e40e.jpg?height=1080\" alt=\"Himmel \u00fcber Berlin Foto &amp; Bild | monatswettbewerbe spezial, 03 ...\" width=\"591\" height=\"330\" \/><\/p>\n<p style=\"text-align: justify;\">Wenngleich der Besuch des Heinz-Nixdorf-Museumsforums am Mittwoch bereits positiven Anklang fand, wurde dieser von einem weitere Highlight noch getoppt, denn die Lernenden erhielten die M\u00f6glichkeit, im Rahmen eines Tagesausflugs in Begleitung der Lateinlehrkr\u00e4fte Helwig Haag und Dirk Weidmann Berliner Luft zu schnuppern. Hierbei stach insbesondere das f\u00fcr den Lateinunterricht bedeutsame Pergamon-Museum heraus, welches Ende des Monats f\u00fcr mehrere Jahre aufgrund von Bauma\u00dfnahmen schlie\u00dfen wird. Ein Spaziergang &#8222;Unter den Linden&#8220; f\u00fchrte die Austauschgruppe schlie\u00dflich von der Museumsinsel zum Brandenburger Tor.<\/p>\n<p><img decoding=\"async\" class=\"alignnone size-medium wp-image-15981\" src=\"http:\/\/altgsgrebenstein.de\/wp-content\/uploads\/2023\/10\/IMG-7948-225x300.jpg\" alt=\"\" width=\"225\" height=\"300\" srcset=\"https:\/\/altgsgrebenstein.de\/wp-content\/uploads\/2023\/10\/IMG-7948-225x300.jpg 225w, https:\/\/altgsgrebenstein.de\/wp-content\/uploads\/2023\/10\/IMG-7948-768x1024.jpg 768w, https:\/\/altgsgrebenstein.de\/wp-content\/uploads\/2023\/10\/IMG-7948-1152x1536.jpg 1152w, https:\/\/altgsgrebenstein.de\/wp-content\/uploads\/2023\/10\/IMG-7948-1536x2048.jpg 1536w, https:\/\/altgsgrebenstein.de\/wp-content\/uploads\/2023\/10\/IMG-7948-scaled.jpg 1920w\" sizes=\"(max-width: 225px) 100vw, 225px\" \/>\u00a0 \u00a0 \u00a0 \u00a0 \u00a0 \u00a0<img decoding=\"async\" class=\"alignnone wp-image-15980\" src=\"http:\/\/altgsgrebenstein.de\/wp-content\/uploads\/2023\/10\/IMG-7942-1-300x225.jpg\" alt=\"\" width=\"339\" height=\"254\" srcset=\"https:\/\/altgsgrebenstein.de\/wp-content\/uploads\/2023\/10\/IMG-7942-1-300x225.jpg 300w, https:\/\/altgsgrebenstein.de\/wp-content\/uploads\/2023\/10\/IMG-7942-1-1024x768.jpg 1024w, https:\/\/altgsgrebenstein.de\/wp-content\/uploads\/2023\/10\/IMG-7942-1-768x576.jpg 768w, https:\/\/altgsgrebenstein.de\/wp-content\/uploads\/2023\/10\/IMG-7942-1-1536x1152.jpg 1536w, https:\/\/altgsgrebenstein.de\/wp-content\/uploads\/2023\/10\/IMG-7942-1-2048x1536.jpg 2048w\" sizes=\"(max-width: 339px) 100vw, 339px\" \/><\/p>\n<p style=\"text-align: justify;\">Nach einer Mittagspause setzten die Lernenden ihren Ausflug noch zum Bundestag, zum Denkmal f\u00fcr die Ermordeten Juden Europas sowie zum Checkpoint Charlie fort. Insgesamt war der Tag &#8211; ungeachtet einiger Regenschauer &#8211; ein gro\u00dfartiges Erlebnis, an das sich sowohl die deutschen als auch die italienischen Austauschteilnehmer*innen und ihre Lehrkr\u00e4fte dankbar zur\u00fcckerinnern werden. Am Freitag steht noch ein umfangreicher Workshop-Vormittag auf dem Programm, \u00fcber den an anderer Stelle berichtet werden wird.<\/p>\n<p><img decoding=\"async\" class=\"alignnone size-full wp-image-15985\" src=\"http:\/\/altgsgrebenstein.de\/wp-content\/uploads\/2023\/10\/IMG-7955-1-scaled.jpg\" alt=\"\" width=\"2560\" height=\"1920\" srcset=\"https:\/\/altgsgrebenstein.de\/wp-content\/uploads\/2023\/10\/IMG-7955-1-scaled.jpg 2560w, https:\/\/altgsgrebenstein.de\/wp-content\/uploads\/2023\/10\/IMG-7955-1-300x225.jpg 300w, https:\/\/altgsgrebenstein.de\/wp-content\/uploads\/2023\/10\/IMG-7955-1-1024x768.jpg 1024w, https:\/\/altgsgrebenstein.de\/wp-content\/uploads\/2023\/10\/IMG-7955-1-768x576.jpg 768w, https:\/\/altgsgrebenstein.de\/wp-content\/uploads\/2023\/10\/IMG-7955-1-1536x1152.jpg 1536w, https:\/\/altgsgrebenstein.de\/wp-content\/uploads\/2023\/10\/IMG-7955-1-2048x1536.jpg 2048w\" sizes=\"(max-width: 2560px) 100vw, 2560px\" \/><\/p>\n<p>Dirk Weidmann<\/p>\n","protected":false},"excerpt":{"rendered":"<p>Auch in diesem Schuljahr f\u00fchrt die Heinrich-Grupe-Schule wieder mit den Lateinsch\u00fcler*innen der Jahrgangsstufe G9 den traditionellen Italienaustausch durch. Nachdem in der vergangenen Woche 20 HGS-Sch\u00fcler*innen gemeinsam mit ihren Lehrkr\u00e4ften Nadine Schmidke und Helwig Haag in Grebensteins Partnerstadt Sarsina zu Gast waren,\u00a0 schloss sich in dieser Woche der unmittelbare Gegenbesuch in Deutschland an. Wenngleich der Besuch &hellip; <a href=\"https:\/\/altgsgrebenstein.de\/?p=15978\" class=\"more-link\"><span class=\"screen-reader-text\">Berliner Luft f\u00fcr Grebensteiner Sch\u00fcler*innen<\/span> weiterlesen <span class=\"meta-nav\">&rarr;<\/span><\/a><\/p>\n","protected":false},"author":22,"featured_media":0,"comment_status":"closed","ping_status":"closed","sticky":false,"template":"","format":"standard","meta":{"saved_in_kubio":false,"footnotes":""},"categories":[33,1],"tags":[],"class_list":["post-15978","post","type-post","status-publish","format-standard","hentry","category-archiv","category-uncategorized"],"_links":{"self":[{"href":"https:\/\/altgsgrebenstein.de\/index.php?rest_route=\/wp\/v2\/posts\/15978","targetHints":{"allow":["GET"]}}],"collection":[{"href":"https:\/\/altgsgrebenstein.de\/index.php?rest_route=\/wp\/v2\/posts"}],"about":[{"href":"https:\/\/altgsgrebenstein.de\/index.php?rest_route=\/wp\/v2\/types\/post"}],"author":[{"embeddable":true,"href":"https:\/\/altgsgrebenstein.de\/index.php?rest_route=\/wp\/v2\/users\/22"}],"replies":[{"embeddable":true,"href":"https:\/\/altgsgrebenstein.de\/index.php?rest_route=%2Fwp%2Fv2%2Fcomments&post=15978"}],"version-history":[{"count":5,"href":"https:\/\/altgsgrebenstein.de\/index.php?rest_route=\/wp\/v2\/posts\/15978\/revisions"}],"predecessor-version":[{"id":15988,"href":"https:\/\/altgsgrebenstein.de\/index.php?rest_route=\/wp\/v2\/posts\/15978\/revisions\/15988"}],"wp:attachment":[{"href":"https:\/\/altgsgrebenstein.de\/index.php?rest_route=%2Fwp%2Fv2%2Fmedia&parent=15978"}],"wp:term":[{"taxonomy":"category","embeddable":true,"href":"https:\/\/altgsgrebenstein.de\/index.php?rest_route=%2Fwp%2Fv2%2Fcategories&post=15978"},{"taxonomy":"post_tag","embeddable":true,"href":"https:\/\/altgsgrebenstein.de\/index.php?rest_route=%2Fwp%2Fv2%2Ftags&post=15978"}],"curies":[{"name":"wp","href":"https:\/\/api.w.org\/{rel}","templated":true}]}}