{"id":15970,"date":"2023-10-05T06:01:22","date_gmt":"2023-10-05T05:01:22","guid":{"rendered":"http:\/\/altgsgrebenstein.de\/?p=15970"},"modified":"2024-09-08T11:01:23","modified_gmt":"2024-09-08T10:01:23","slug":"endlich-wieder-maedchenfussball","status":"publish","type":"post","link":"https:\/\/altgsgrebenstein.de\/?p=15970","title":{"rendered":"Endlich wieder M\u00e4dchenfu\u00dfball!"},"content":{"rendered":"<p>Eine kleine Ewigkeit hat es gedauert, dass die HGS wieder an einem Jugend trainiert f\u00fcr Olympia Turnier im Bereich der Fu\u00dfballm\u00e4dchen teilnimmt. Aufgrund der Einschr\u00e4nkungen der letzten Jahre konnte die Teilnahme nicht immer realisiert und auch von Seiten der Veranstalter nicht ausgerichtet werden.<\/p>\n<p>Am gestrigen Mittwoch \u00e4nderte sich dies und insgesamt 19 Fu\u00dfballerinnen machten sich mit Frau Ferrara und Herrn G\u00f6ring auf den Weg zum Kunstrasenplatz nach Vellmar. Auch vor Ort konnte man die Erleichterung \u00fcber die wieder aufgenommenen Wettk\u00e4mpfe sp\u00fcren, denn insgesamt zehn Teams meldeten eine Mannschaft \u2013 der M\u00e4dchenfu\u00dfball scheint nach der (erzwungenen) Pause wieder auf einem guten Weg zu sein!<\/p>\n<p><img decoding=\"async\" class=\"aligncenter wp-image-15972 size-medium\" src=\"http:\/\/altgsgrebenstein.de\/wp-content\/uploads\/2023\/10\/IMG_6259-225x300.jpg\" alt=\"\" width=\"225\" height=\"300\" srcset=\"https:\/\/altgsgrebenstein.de\/wp-content\/uploads\/2023\/10\/IMG_6259-225x300.jpg 225w, https:\/\/altgsgrebenstein.de\/wp-content\/uploads\/2023\/10\/IMG_6259-768x1024.jpg 768w, https:\/\/altgsgrebenstein.de\/wp-content\/uploads\/2023\/10\/IMG_6259-1152x1536.jpg 1152w, https:\/\/altgsgrebenstein.de\/wp-content\/uploads\/2023\/10\/IMG_6259-1536x2048.jpg 1536w, https:\/\/altgsgrebenstein.de\/wp-content\/uploads\/2023\/10\/IMG_6259-scaled.jpg 1920w\" sizes=\"(max-width: 225px) 100vw, 225px\" \/><\/p>\n<p><!--more--><\/p>\n<p>Im WK II der Jahrg\u00e4nge 2008 bis 2010 spielten vier Teams die Siegermannschaft aus. Durch das 2:1 gegen die Walter-L\u00fcbcke-Schule aus Wolfhagen startete die Mannschaft um die einzige Jugend trainiert erfahrene Spielerin, Charlotte Lefebvre, gut in das Turnier. Im zweiten Spiel musste sich die Mannschaft recht ungl\u00fccklich mit 0:1 gegen die AS Vellmar geschlagen geben \u2013 dies sollte in der Endtabelle einen unsch\u00f6nen Einfluss haben. Im abschlie\u00dfenden Spiel wurde die Reformschule aus Kassel mit 6:1 besiegt.<\/p>\n<p><img decoding=\"async\" class=\"aligncenter wp-image-15971 size-medium\" src=\"http:\/\/altgsgrebenstein.de\/wp-content\/uploads\/2023\/10\/IMG_6258-300x225.jpg\" alt=\"\" width=\"300\" height=\"225\" srcset=\"https:\/\/altgsgrebenstein.de\/wp-content\/uploads\/2023\/10\/IMG_6258-300x225.jpg 300w, https:\/\/altgsgrebenstein.de\/wp-content\/uploads\/2023\/10\/IMG_6258-1024x768.jpg 1024w, https:\/\/altgsgrebenstein.de\/wp-content\/uploads\/2023\/10\/IMG_6258-768x576.jpg 768w, https:\/\/altgsgrebenstein.de\/wp-content\/uploads\/2023\/10\/IMG_6258-1536x1152.jpg 1536w, https:\/\/altgsgrebenstein.de\/wp-content\/uploads\/2023\/10\/IMG_6258-2048x1536.jpg 2048w\" sizes=\"(max-width: 300px) 100vw, 300px\" \/><\/p>\n<p>Da drei Teams in der Endtabelle 6 Punkte aufwiesen, wurde eine neue Dreiertabelle unter den drei betreffenden Teams errechnet, in der die HGS die wenigsten Tore erzielte. Trotz besserer Tordifferenz, mehr geschossenen Toren und dem Sieg im direkten Vergleich gegen den Turniersieger aus Wolfhagen schied unsere Mannschaft somit ungl\u00fccklich aus.<\/p>\n<p>Das Turnier des Wettkampf III wurde in zwei Dreiergruppen ausgetragen. Bereits im ersten Spiel fand das sp\u00e4tere Finale statt: die HGS gegen die Wilhelm-Leuschner-Schule aus Niestetal. Die WLS zeigte im gesamten Turnier eine sehr reife Leistung und erspielte sich den sp\u00e4teren Turniersieg verdient. Allerdings boten unsere Spielerinnen Paroli und hielten spielerisch und k\u00e4mpferisch dagegen \u2013 sowohl im Gruppen- als auch im Finalspiel verlor man in guten Fu\u00dfballspielen 0:1.<\/p>\n<p>In den weiteren Partien gegen die ESS Zierenberg (2:0 Sieg) und die AS Vellmar (1:0 Sieg im Halbfinale) konnten die Fu\u00dfballerinnen der Jahrg\u00e4nge 2010 bis 2012 ihre individuelle und mannschaftliche Klasse zeigen.\u00a0Trotz des verlorenen Finals reist der WK III im Mai 2024 nach Melsungen, um sich auf Regionalebene mit den Siegerinnen der weiteren Schul\u00e4mter zu messen \u2013 die Freude der M\u00e4dchen war dementsprechend riesig, herzlichen Gl\u00fcckwunsch!<\/p>\n<p>Die Teilnahme am Turnier, die Anreise, das Miteinander der Jahrg\u00e4nge 5 bis 10 und die Stimmung rund um die Veranstaltung zeigten erneut, dass die Jugend trainiert Turniere eine gelungene Veranstaltung sind, an der die HGS gerne in den kommenden Schuljahren teilnehmen wird!<\/p>\n<p>Es spielten:<\/p>\n<p><img decoding=\"async\" class=\"aligncenter wp-image-15973 size-full\" src=\"http:\/\/altgsgrebenstein.de\/wp-content\/uploads\/2023\/10\/IMG_6262-scaled.jpg\" alt=\"\" width=\"2560\" height=\"1920\" srcset=\"https:\/\/altgsgrebenstein.de\/wp-content\/uploads\/2023\/10\/IMG_6262-scaled.jpg 2560w, https:\/\/altgsgrebenstein.de\/wp-content\/uploads\/2023\/10\/IMG_6262-300x225.jpg 300w, https:\/\/altgsgrebenstein.de\/wp-content\/uploads\/2023\/10\/IMG_6262-1024x768.jpg 1024w, https:\/\/altgsgrebenstein.de\/wp-content\/uploads\/2023\/10\/IMG_6262-768x576.jpg 768w, https:\/\/altgsgrebenstein.de\/wp-content\/uploads\/2023\/10\/IMG_6262-1536x1152.jpg 1536w, https:\/\/altgsgrebenstein.de\/wp-content\/uploads\/2023\/10\/IMG_6262-2048x1536.jpg 2048w\" sizes=\"(max-width: 2560px) 100vw, 2560px\" \/><\/p>\n<p>(Obere Reihe) Celine Engelbrecht, Josie Kocer, Giana Ortuso, Julika Friedrich, Leonie Kolodziej, Achin Mohammad, Kuna Reichl, Charlotte Lefebvre, Anna Wetzel<\/p>\n<p>(Untere Reihe): Noemi Kunz, Liviana Paraglou, Gesa Carreija, Lale Heuser, Kerstin Siebert, Svea Hellwig, Kim Marie Krohne, Antonia Ortuso, Leni Berndt, Levke Eisenhuth<\/p>\n","protected":false},"excerpt":{"rendered":"<p>Eine kleine Ewigkeit hat es gedauert, dass die HGS wieder an einem Jugend trainiert f\u00fcr Olympia Turnier im Bereich der Fu\u00dfballm\u00e4dchen teilnimmt. Aufgrund der Einschr\u00e4nkungen der letzten Jahre konnte die Teilnahme nicht immer realisiert und auch von Seiten der Veranstalter nicht ausgerichtet werden. Am gestrigen Mittwoch \u00e4nderte sich dies und insgesamt 19 Fu\u00dfballerinnen machten sich &hellip; <a href=\"https:\/\/altgsgrebenstein.de\/?p=15970\" class=\"more-link\"><span class=\"screen-reader-text\">Endlich wieder M\u00e4dchenfu\u00dfball!<\/span> weiterlesen <span class=\"meta-nav\">&rarr;<\/span><\/a><\/p>\n","protected":false},"author":20,"featured_media":0,"comment_status":"closed","ping_status":"closed","sticky":false,"template":"","format":"standard","meta":{"saved_in_kubio":false,"footnotes":""},"categories":[33,1],"tags":[],"class_list":["post-15970","post","type-post","status-publish","format-standard","hentry","category-archiv","category-uncategorized"],"_links":{"self":[{"href":"https:\/\/altgsgrebenstein.de\/index.php?rest_route=\/wp\/v2\/posts\/15970","targetHints":{"allow":["GET"]}}],"collection":[{"href":"https:\/\/altgsgrebenstein.de\/index.php?rest_route=\/wp\/v2\/posts"}],"about":[{"href":"https:\/\/altgsgrebenstein.de\/index.php?rest_route=\/wp\/v2\/types\/post"}],"author":[{"embeddable":true,"href":"https:\/\/altgsgrebenstein.de\/index.php?rest_route=\/wp\/v2\/users\/20"}],"replies":[{"embeddable":true,"href":"https:\/\/altgsgrebenstein.de\/index.php?rest_route=%2Fwp%2Fv2%2Fcomments&post=15970"}],"version-history":[{"count":2,"href":"https:\/\/altgsgrebenstein.de\/index.php?rest_route=\/wp\/v2\/posts\/15970\/revisions"}],"predecessor-version":[{"id":15975,"href":"https:\/\/altgsgrebenstein.de\/index.php?rest_route=\/wp\/v2\/posts\/15970\/revisions\/15975"}],"wp:attachment":[{"href":"https:\/\/altgsgrebenstein.de\/index.php?rest_route=%2Fwp%2Fv2%2Fmedia&parent=15970"}],"wp:term":[{"taxonomy":"category","embeddable":true,"href":"https:\/\/altgsgrebenstein.de\/index.php?rest_route=%2Fwp%2Fv2%2Fcategories&post=15970"},{"taxonomy":"post_tag","embeddable":true,"href":"https:\/\/altgsgrebenstein.de\/index.php?rest_route=%2Fwp%2Fv2%2Ftags&post=15970"}],"curies":[{"name":"wp","href":"https:\/\/api.w.org\/{rel}","templated":true}]}}