{"id":15950,"date":"2023-10-03T16:12:38","date_gmt":"2023-10-03T15:12:38","guid":{"rendered":"http:\/\/altgsgrebenstein.de\/?p=15950"},"modified":"2024-09-08T11:02:13","modified_gmt":"2024-09-08T10:02:13","slug":"eine-starke-gruppe-erwischt","status":"publish","type":"post","link":"https:\/\/altgsgrebenstein.de\/?p=15950","title":{"rendered":"Eine starke Gruppe erwischt"},"content":{"rendered":"<p>&#8230;um es vorweg zu sagen &#8211; an den Schiedsrichtern lag es nicht.<\/p>\n<p>Am 27.09. gab es f\u00fcr unsere Jungs der Jahrg\u00e4nge 2008 bis 2010 auf den Waldauer Wiesen nichts zu holen. Letztendlich hatte es auch etwas mit dem Losgl\u00fcck zu tun, denn am Ende des Turniers stellte sich heraus, dass wir einer sehr starken Gruppe zugelost wurden. Es erwarteten uns die EKS aus Baunatal, die GHS aus Hofgeismar und die Ahnatalschule aus Vellmar. Diese drei Mannschaften belegten den f\u00fcnften, dritten und zweiten Platz von 15 Mannschaften, was unsere Ergebnisse etwas relativiert. Im ersten Spiel gegen die Gustav-Heinemann-Schule unterlagen wir gegen eine sehr abgekl\u00e4rt spielende Mannschaft mit 0:3. Das Spiel gegen die Erich-K\u00e4stner-Schule war lange ausgeglichen und wurde nach dem ersten Gegentreffer durch eine Ecke ebenfalls mit 0:3 verloren. Auch im Spiel gegen Vellmar war eine F\u00fchrung m\u00f6glich, ein zweifelhafter Elfmeter gegen uns leitete jedoch die 0:2 Niederlage ein und die dritte Niederlage war somit besiegelt.<\/p>\n<p>Im Viertelfinale der Nebenrunde wartete die IGS Kaufungen auf uns. Auch in diesem Spiel zeigte sich unsere Anf\u00e4lligkeit nach Standardsituationen. Nachdem ein 0:1 und 1:2 durch Lenny Heine sowie Linus Sch\u00e4fer ausgeglichen werden konnte und ein Sieg m\u00f6glich war, kassierten wir nach einer Ecke in der letzten Minute das 2:3 und somit eine erneute Niederlage.<\/p>\n<p>Insgesamt war es trotz der Ergebnisse ein sch\u00f6ner Tag, der uns aufzeigte, woran es zuk\u00fcnftig noch zu arbeiten gilt.<\/p>\n<p><img decoding=\"async\" class=\"aligncenter wp-image-15951 size-full\" src=\"http:\/\/altgsgrebenstein.de\/wp-content\/uploads\/2023\/10\/1000023712-scaled.jpg\" alt=\"\" width=\"2560\" height=\"1152\" srcset=\"https:\/\/altgsgrebenstein.de\/wp-content\/uploads\/2023\/10\/1000023712-scaled.jpg 2560w, https:\/\/altgsgrebenstein.de\/wp-content\/uploads\/2023\/10\/1000023712-300x135.jpg 300w, https:\/\/altgsgrebenstein.de\/wp-content\/uploads\/2023\/10\/1000023712-1024x461.jpg 1024w, https:\/\/altgsgrebenstein.de\/wp-content\/uploads\/2023\/10\/1000023712-768x346.jpg 768w, https:\/\/altgsgrebenstein.de\/wp-content\/uploads\/2023\/10\/1000023712-1536x691.jpg 1536w, https:\/\/altgsgrebenstein.de\/wp-content\/uploads\/2023\/10\/1000023712-2048x922.jpg 2048w\" sizes=\"(max-width: 2560px) 100vw, 2560px\" \/><\/p>\n<p>Folgende Spieler kamen zum Einsatz:<\/p>\n<p>Moritz Engelbrecht, Jan Philip Gro\u00df, Colin Heiek, Lenny Heine, Rune Hellwig, Fynn Homburg, Marlon Hoppe, Michel Neumann, Praise Nyirenda, Jan Portig, Linus Sch\u00e4fer, Silas Sen, Simon Th\u00f6ne, Niklas Varshokar<\/p>\n","protected":false},"excerpt":{"rendered":"<p>&#8230;um es vorweg zu sagen &#8211; an den Schiedsrichtern lag es nicht. Am 27.09. gab es f\u00fcr unsere Jungs der Jahrg\u00e4nge 2008 bis 2010 auf den Waldauer Wiesen nichts zu holen. Letztendlich hatte es auch etwas mit dem Losgl\u00fcck zu tun, denn am Ende des Turniers stellte sich heraus, dass wir einer sehr starken Gruppe &hellip; <a href=\"https:\/\/altgsgrebenstein.de\/?p=15950\" class=\"more-link\"><span class=\"screen-reader-text\">Eine starke Gruppe erwischt<\/span> weiterlesen <span class=\"meta-nav\">&rarr;<\/span><\/a><\/p>\n","protected":false},"author":20,"featured_media":0,"comment_status":"closed","ping_status":"closed","sticky":false,"template":"","format":"standard","meta":{"saved_in_kubio":false,"footnotes":""},"categories":[33,1],"tags":[],"class_list":["post-15950","post","type-post","status-publish","format-standard","hentry","category-archiv","category-uncategorized"],"_links":{"self":[{"href":"https:\/\/altgsgrebenstein.de\/index.php?rest_route=\/wp\/v2\/posts\/15950","targetHints":{"allow":["GET"]}}],"collection":[{"href":"https:\/\/altgsgrebenstein.de\/index.php?rest_route=\/wp\/v2\/posts"}],"about":[{"href":"https:\/\/altgsgrebenstein.de\/index.php?rest_route=\/wp\/v2\/types\/post"}],"author":[{"embeddable":true,"href":"https:\/\/altgsgrebenstein.de\/index.php?rest_route=\/wp\/v2\/users\/20"}],"replies":[{"embeddable":true,"href":"https:\/\/altgsgrebenstein.de\/index.php?rest_route=%2Fwp%2Fv2%2Fcomments&post=15950"}],"version-history":[{"count":1,"href":"https:\/\/altgsgrebenstein.de\/index.php?rest_route=\/wp\/v2\/posts\/15950\/revisions"}],"predecessor-version":[{"id":15952,"href":"https:\/\/altgsgrebenstein.de\/index.php?rest_route=\/wp\/v2\/posts\/15950\/revisions\/15952"}],"wp:attachment":[{"href":"https:\/\/altgsgrebenstein.de\/index.php?rest_route=%2Fwp%2Fv2%2Fmedia&parent=15950"}],"wp:term":[{"taxonomy":"category","embeddable":true,"href":"https:\/\/altgsgrebenstein.de\/index.php?rest_route=%2Fwp%2Fv2%2Fcategories&post=15950"},{"taxonomy":"post_tag","embeddable":true,"href":"https:\/\/altgsgrebenstein.de\/index.php?rest_route=%2Fwp%2Fv2%2Ftags&post=15950"}],"curies":[{"name":"wp","href":"https:\/\/api.w.org\/{rel}","templated":true}]}}