{"id":15923,"date":"2023-09-22T13:00:34","date_gmt":"2023-09-22T12:00:34","guid":{"rendered":"http:\/\/altgsgrebenstein.de\/?p=15923"},"modified":"2024-09-08T11:01:08","modified_gmt":"2024-09-08T10:01:08","slug":"kasseler-minimarathon-die-hgs-war-vorne-dabei","status":"publish","type":"post","link":"https:\/\/altgsgrebenstein.de\/?p=15923","title":{"rendered":"Kasseler Minimarathon &#8211; Die HGS war vorne dabei"},"content":{"rendered":"<p>HNA-Bericht vom 19.09.2023<\/p>\n<p><strong>2647 Kinder und Jugendliche beim Mini-Marathon<\/strong><\/p>\n<p><em>Kassel<\/em>\u00a0\u2013 Der Mini-Marathon \u00fcber 4,2 Kilometer beim Kassel-Marathon begeistert weiterhin die Kids und sorgt f\u00fcr eine gro\u00dfe Beteiligung von den Schulen aus der Region, aber auch aus den Nachbarbundesl\u00e4ndern Nordrhein-Westfalen und Niedersachsen. Das Ziel im Auestadion erreichten 2647 Youngster, die den Mini-Marathon wieder zu einem der teilnehmerst\u00e4rksten Nachwuchsl\u00e4ufen in Deutschland machte.<\/p>\n<p>110 Schulen im Jahrgang 2012 bis 2014 kamen mit ihren Zehner-Teams in die Wertung und die Heinrich-Grupe-Schule aus Grebenstein mischte mit seinen Jungen und M\u00e4dchen weit vorne mit. Nach der Addition der zehn Einzelzeiten liefen Mayla Ackerbauer, Kim Marie Krohne, Luca Wittig, Saygen Yener, Jannes Thiemann, Max Pfurr, Laron Reichl, Ben Schuchardt, Tom K\u00f6lling, Jan Raschka mit 3:50:45 Stunden auf Rang f\u00fcnf hinter dem Wilhelmsgymnasium Kassel I (3:23:22), Goethe-Gymnasium Kassel (3:29:14), Wilhelmsgymnasium Kassel II (3:40:49) und Ahnatal-Schule Vellmar (3:44:41).<\/p>\n<p>Kim Marie Krohne (20:21) erzielte die beste Einzelzeit f\u00fcr die Grebensteiner Schule auf dem 4,2 Kilometer-Kurs durch die Karlsaue bis an die Orangerie und lief vor der seht gut besetzten Haupttrib\u00fcne als Zweite der W11 ins Auestadion ein. \u2003zxb<\/p>\n<p>Quelle: Hofgeismarer Allgemeine vom 19.09.2023, Seite 31<\/p>\n","protected":false},"excerpt":{"rendered":"<p>HNA-Bericht vom 19.09.2023 2647 Kinder und Jugendliche beim Mini-Marathon Kassel\u00a0\u2013 Der Mini-Marathon \u00fcber 4,2 Kilometer beim Kassel-Marathon begeistert weiterhin die Kids und sorgt f\u00fcr eine gro\u00dfe Beteiligung von den Schulen aus der Region, aber auch aus den Nachbarbundesl\u00e4ndern Nordrhein-Westfalen und Niedersachsen. Das Ziel im Auestadion erreichten 2647 Youngster, die den Mini-Marathon wieder zu einem der &hellip; <a href=\"https:\/\/altgsgrebenstein.de\/?p=15923\" class=\"more-link\"><span class=\"screen-reader-text\">Kasseler Minimarathon &#8211; Die HGS war vorne dabei<\/span> weiterlesen <span class=\"meta-nav\">&rarr;<\/span><\/a><\/p>\n","protected":false},"author":28,"featured_media":0,"comment_status":"closed","ping_status":"closed","sticky":false,"template":"","format":"standard","meta":{"saved_in_kubio":false,"footnotes":""},"categories":[33,1],"tags":[],"class_list":["post-15923","post","type-post","status-publish","format-standard","hentry","category-archiv","category-uncategorized"],"_links":{"self":[{"href":"https:\/\/altgsgrebenstein.de\/index.php?rest_route=\/wp\/v2\/posts\/15923","targetHints":{"allow":["GET"]}}],"collection":[{"href":"https:\/\/altgsgrebenstein.de\/index.php?rest_route=\/wp\/v2\/posts"}],"about":[{"href":"https:\/\/altgsgrebenstein.de\/index.php?rest_route=\/wp\/v2\/types\/post"}],"author":[{"embeddable":true,"href":"https:\/\/altgsgrebenstein.de\/index.php?rest_route=\/wp\/v2\/users\/28"}],"replies":[{"embeddable":true,"href":"https:\/\/altgsgrebenstein.de\/index.php?rest_route=%2Fwp%2Fv2%2Fcomments&post=15923"}],"version-history":[{"count":1,"href":"https:\/\/altgsgrebenstein.de\/index.php?rest_route=\/wp\/v2\/posts\/15923\/revisions"}],"predecessor-version":[{"id":15924,"href":"https:\/\/altgsgrebenstein.de\/index.php?rest_route=\/wp\/v2\/posts\/15923\/revisions\/15924"}],"wp:attachment":[{"href":"https:\/\/altgsgrebenstein.de\/index.php?rest_route=%2Fwp%2Fv2%2Fmedia&parent=15923"}],"wp:term":[{"taxonomy":"category","embeddable":true,"href":"https:\/\/altgsgrebenstein.de\/index.php?rest_route=%2Fwp%2Fv2%2Fcategories&post=15923"},{"taxonomy":"post_tag","embeddable":true,"href":"https:\/\/altgsgrebenstein.de\/index.php?rest_route=%2Fwp%2Fv2%2Ftags&post=15923"}],"curies":[{"name":"wp","href":"https:\/\/api.w.org\/{rel}","templated":true}]}}